{"id":426713,"date":"2025-09-29T18:25:10","date_gmt":"2025-09-29T18:25:10","guid":{"rendered":"https:\/\/www.europesays.com\/fr\/426713\/"},"modified":"2025-09-29T18:25:10","modified_gmt":"2025-09-29T18:25:10","slug":"bordeaux-metropole-participe-aux-reunions-avec-marmande","status":"publish","type":"post","link":"https:\/\/www.europesays.com\/fr\/426713\/","title":{"rendered":"Bordeaux m\u00e9tropole participe aux r\u00e9unions avec Marmande"},"content":{"rendered":"<p>Avant d\u2019aborder les diff\u00e9rents dossiers \u00e0 l\u2019ordre du jour de ce conseil municipal de rentr\u00e9e, le maire de Marmande est revenu sur plusieurs \u00e9v\u00e9nements de l\u2019\u00e9t\u00e9 marmandais. \u00c0 commencer par les <a href=\"https:\/\/www.sudouest.fr\/lot-et-garonne\/tourisme-a-marmande-pour-les-producteurs-locaux-un-mois-d-aout-qui-redonne-espoir-25505820.php\" target=\"_blank\" rel=\"follow nofollow noopener\">march\u00e9s gourmands<\/a>, dont la fr\u00e9quentation a stagn\u00e9 sur l\u2019esplanade du Mar\u00e9. \u00ab\u00a0Nous avons re\u00e7u une demande sur les march\u00e9s gourmands pour les d\u00e9placer \u00e0 la Filhole, car celui qui a eu lieu l\u00e0-bas a beaucoup plu aux producteurs et on en a discut\u00e9 avec les commer\u00e7ants. Il faut \u00e9tudier la faisabilit\u00e9 \u00e9lectrique et technique parce que nous avons lou\u00e9 des g\u00e9n\u00e9rateurs l\u00e0-bas et cela repr\u00e9sente un co\u00fbt important \u00e0 chaque fois\u00a0\u00bb, a d\u00e9taill\u00e9 Jo\u00ebl Hocquelet.<\/p>\n<p>\u00ab\u00a0Nous ne d\u00e9cidons pas pour eux\u00a0\u00bb<\/p>\n<p>En parlant de g\u00e9n\u00e9rateur \u00e0 la Filhole, les entretiens continuent entre les organisateurs de Garorock, les responsables d\u2019Enedis et la municipalit\u00e9, le D\u00e9partement et Val de Garonne agglom\u00e9ration au sujet des installations trop co\u00fbteuses du festival \u00e0 la Filhole, \u00e9lectriques notamment, comme l\u2019a confirm\u00e9 le maire ce lundi 29\u00a0septembre. Une visio \u00e0 laquelle ont \u00e9galement particip\u00e9\u2026 la Ville de Bordeaux et la <a href=\"https:\/\/www.sudouest.fr\/culture\/garorock\/demenagement-de-garorock-on-ne-souhaite-pas-deshabiller-les-territoires-voisins-revele-la-presidente-de-bordeaux-metropole-25210733.php\" target=\"_blank\" rel=\"follow nofollow noopener\">m\u00e9tropole bordelaise<\/a>.<\/p>\n<p>Au c\u0153ur des enjeux, il est toujours question de diminution des co\u00fbts pour Eventim, qui a rachet\u00e9 la manifestation il y a deux ans et souhaite la rendre rentable. Toutes les pistes sont \u00e9tudi\u00e9es pour ce faire, et la pr\u00e9sidente de l\u2019agglom\u00e9ration bordelaise a confirm\u00e9 avoir \u00e9t\u00e9 contact\u00e9e \u00e0 ce sujet. \u00ab\u00a0C\u2019est une entreprise priv\u00e9e. Nous ne d\u00e9cidons pas pour eux. L\u2019\u00e9quilibre financier fragile des festivals p\u00e8se aussi dans la balance\u00a0\u00bb, a livr\u00e9 Jo\u00ebl Hocquelet. Mi-septembre, ce dernier a d\u2019ailleurs personnellement re\u00e7u le directeur g\u00e9n\u00e9ral de la soci\u00e9t\u00e9 allemande, Frithjof Pils, \u00e0 Marmande. \u00ab\u00a0Selon les derni\u00e8res nouvelles, ils font tout pour garder Garorock, ici, en 2026. Ils voient bien que l\u2019esprit ne serait pas pareil ailleurs\u00a0\u00bb, ajoute l\u2019\u00e9lu.<\/p>\n<p>La balle est d\u00e9sormais (toujours) dans le camp de CTS Eventim.<\/p>\n","protected":false},"excerpt":{"rendered":"Avant d\u2019aborder les diff\u00e9rents dossiers \u00e0 l\u2019ordre du jour de ce conseil municipal de rentr\u00e9e, le maire de&hellip;\n","protected":false},"author":2,"featured_media":426714,"comment_status":"","ping_status":"","sticky":false,"template":"","format":"standard","meta":{"footnotes":""},"categories":[2817],"tags":[1111,11,1997,1777,674,1011,27,12,2219,25],"class_list":{"0":"post-426713","1":"post","2":"type-post","3":"status-publish","4":"format-standard","5":"has-post-thumbnail","7":"category-bordeaux","8":"tag-actu","9":"tag-actualites","10":"tag-bordeaux","11":"tag-eu","12":"tag-europe","13":"tag-fr","14":"tag-france","15":"tag-news","16":"tag-nouvelle-aquitaine","17":"tag-republique-francaise"},"share_on_mastodon":{"url":"https:\/\/pubeurope.com\/@fr\/115288993548810925","error":""},"_links":{"self":[{"href":"https:\/\/www.europesays.com\/fr\/wp-json\/wp\/v2\/posts\/426713","targetHints":{"allow":["GET"]}}],"collection":[{"href":"https:\/\/www.europesays.com\/fr\/wp-json\/wp\/v2\/posts"}],"about":[{"href":"https:\/\/www.europesays.com\/fr\/wp-json\/wp\/v2\/types\/post"}],"author":[{"embeddable":true,"href":"https:\/\/www.europesays.com\/fr\/wp-json\/wp\/v2\/users\/2"}],"replies":[{"embeddable":true,"href":"https:\/\/www.europesays.com\/fr\/wp-json\/wp\/v2\/comments?post=426713"}],"version-history":[{"count":0,"href":"https:\/\/www.europesays.com\/fr\/wp-json\/wp\/v2\/posts\/426713\/revisions"}],"wp:featuredmedia":[{"embeddable":true,"href":"https:\/\/www.europesays.com\/fr\/wp-json\/wp\/v2\/media\/426714"}],"wp:attachment":[{"href":"https:\/\/www.europesays.com\/fr\/wp-json\/wp\/v2\/media?parent=426713"}],"wp:term":[{"taxonomy":"category","embeddable":true,"href":"https:\/\/www.europesays.com\/fr\/wp-json\/wp\/v2\/categories?post=426713"},{"taxonomy":"post_tag","embeddable":true,"href":"https:\/\/www.europesays.com\/fr\/wp-json\/wp\/v2\/tags?post=426713"}],"curies":[{"name":"wp","href":"https:\/\/api.w.org\/{rel}","templated":true}]}}