{"id":426717,"date":"2025-09-29T18:27:16","date_gmt":"2025-09-29T18:27:16","guid":{"rendered":"https:\/\/www.europesays.com\/fr\/426717\/"},"modified":"2025-09-29T18:27:16","modified_gmt":"2025-09-29T18:27:16","slug":"decouvrez-ou-sont-les-45-nouvelles-stations","status":"publish","type":"post","link":"https:\/\/www.europesays.com\/fr\/426717\/","title":{"rendered":"d\u00e9couvrez o\u00f9 sont les 45 nouvelles stations"},"content":{"rendered":"<p>            Par<br \/>\n        <strong><br \/>\n            <a href=\"https:\/\/actu.fr\/auteur\/guillaume-laurens\" title=\"Consulter tous les articles de Guillaume Laurens\" rel=\"nofollow noopener\" target=\"_blank\">Guillaume Laurens<\/a><br \/>\n        <\/strong><\/p>\n<p>        Publi\u00e9 le<\/p>\n<p>            29 sept. 2025 \u00e0 19h23        <\/p>\n<p>C\u2019est l\u2019une des grandes nouveaut\u00e9s de la rentr\u00e9e dans l\u2019agglo de <a href=\"https:\/\/actu.fr\/toulouse\/\" rel=\"nofollow noopener\" target=\"_blank\"><strong>Toulouse<\/strong> <\/a>: le r\u00e9seau <strong>V\u00e9l\u00f4Toulouse<\/strong> s\u2019\u00e9tend ce mardi 30 septembre 2025 et fait son apparition dans des <strong>communes p\u00e9riph\u00e9riques<\/strong> de la Ville rose. <br \/>Alors qu\u2019<a href=\"https:\/\/actu.fr\/occitanie\/blagnac_31069\/velotoulouse-bat-un-record-et-s-etend-pres-de-toulouse-quelle-commune-va-accueillir-le-plus-de-stations_63202287.html\" rel=\"nofollow noopener\" target=\"_blank\">un record de fr\u00e9quentation a \u00e9t\u00e9 battu il y a quelques jours<\/a> (53\u2009036 trajets r\u00e9alis\u00e9s en 24 heures le 18 septembre), le r\u00e9seau va donc prendre une nouvelle dimension d\u00e8s ce mardi, avec l\u2019installation de <strong>45 nouvelles stations<\/strong>, dont 33 dans <strong>six nouvelles communes<\/strong> de l\u2019agglo. D\u00e9couvrez avec pr\u00e9cision o\u00f9 elles se trouvent.<\/p>\n<p>Six communes se greffent \u00e0 V\u00e9l\u00f4Toulouse<\/p>\n<p class=\" wall-content\">Le r\u00e9seau V\u00e9l\u00f4Toulouse change encore de braquet ce mardi. Avec cette nouvelle extension, il atteindra <strong>445 stations<\/strong> pour 3 650 v\u00e9los (dont 50% sont \u00e0 assistance \u00e9lectrique) dans l\u2019agglom\u00e9ration.\u00a0<\/p>\n<p class=\" wall-content\">Si la ville de Toulouse elle-m\u00eame va encore accueillir <strong>12 nouvelles stations<\/strong>, 33 autres vont \u00eatre pour la premi\u00e8re fois mises en service dans six communes de l\u2019agglo qui int\u00e8grent le r\u00e9seau V\u00e9l\u00f4Toulouse : <strong>Aucamville<\/strong>, <strong>Balma<\/strong>, <strong>Blagnac<\/strong>, <strong>Lab\u00e8ge<\/strong>, <strong>Ramonville<\/strong>\u00a0et <strong>Tournefeuille<\/strong>.<\/p>\n<p>Pr\u00e8s de la moiti\u00e9 des stations \u00e0 Blagnac<\/p>\n<p class=\" wall-content\">Si les stations sont d\u00e9j\u00e0 install\u00e9es, les machines ne sont pas toutes sur place, ce lundi soir. Les V\u00e9l\u00f4Toulouse y seront mis en service dans le courant de la journ\u00e9e de mardi. Devant la mairie de <strong>Blagnac<\/strong> par exemple, le syst\u00e8me sera lanc\u00e9 \u00e0 <strong>11 heures,<\/strong> annonce la municipalit\u00e9.\u00a0<\/p>\n<p class=\" wall-content\">En dehors de Toulouse, la cit\u00e9 a\u00e9roportuaire sera<strong> la mieux maill\u00e9e de la m\u00e9tropole<\/strong> en v\u00e9los en libre-service. Elle concentrera <strong>16 stations<\/strong> sur son territoire, soit quasiment la moiti\u00e9 de la totalit\u00e9 des communes limitrophes de Toulouse !<\/p>\n<p class=\" wall-content\">\u00c0 <strong>Tournefeuille<\/strong>, deux des quatre stations seront mises en service aux premi\u00e8res heures ce mardi, et les deux derni\u00e8res le seront courant octobre. Du c\u00f4t\u00e9 de <strong>Ramonville<\/strong>, les trois principales stations (m\u00e9tro, mairie et m\u00e9diath\u00e8que) seront lanc\u00e9es ce mardi, les trois autres dans les prochaines semaines. Toutes les stations d\u00e9j\u00e0 en service seront visibles en temps r\u00e9el sur <a href=\"https:\/\/velotoulouse.tisseo.fr\/fr\/home\" rel=\"nofollow noopener\" target=\"_blank\">le site de V\u00e9l\u00f4Toulouse<\/a>.<\/p>\n<p>CARTE. Voici o\u00f9 seront implant\u00e9es les nouvelles stations V\u00e9l\u00f4Toulouse de l\u2019agglo :<br \/>\n    <a href=\"https:\/\/www.google.com\/maps\/d\/embed?mid=1xg2RiYbDr_lmgzt22WkvdY5-7lgxGEg&amp;ehbc=2E312F&amp;noprof=1\" title=\"Ouvrie le lien\" rel=\"nofollow noopener\" target=\"_blank\">Cliquez ici pour visualiser le contenu<\/a><\/p>\n<p>Votre r\u00e9gion, votre actu !<\/p>\n<p>Recevez chaque jour les infos qui comptent pour vous.<\/p>\n<p>\t<a href=\"https:\/\/actu.fr\/newsletter\" class=\"ac-btn ac-btn--corner ac-btn--medium ac-btn--blue800\" rel=\"nofollow noopener\" target=\"_blank\">S&rsquo;incrire<\/a><br \/>\nLes 2 nouvelles stations d\u2019Aucamville sont install\u00e9es :<\/p>\n<ul class=\" wall-content\">\n<li>Station <strong>Fronton \u2013 Allende,<\/strong> Avenue Salvador Allende, parking face au resto \u00ab\u00a0La C\u00f4te et l\u2019Ar\u00eate\u00a0\u00bb.<\/li>\n<li>Station <strong>\u00c9glise Aucamville,<\/strong> 448, route \/ avenue de Fronton.<\/li>\n<\/ul>\n<p>La nouvelle station de Balma est install\u00e9e :<\/p>\n<ul class=\" wall-content\">\n<li>Station <strong>Ar\u00e8nes \u2013 A\u00e9rostiers<\/strong> \u2013 1, avenue des Ar\u00e8nes <a href=\"https:\/\/actu.fr\/occitanie\/balma_31044\/apres-toulouse-cette-ville-est-la-premiere-a-s-offrir-velotoulouse-une-nouvelle-station-est-installee_62987829.html\" rel=\"nofollow noopener\" target=\"_blank\">(face au rond-point des A\u00e9rostiers)<\/a><\/li>\n<\/ul>\n<p class=\" wall-content\">Rappelons toutefois qu\u2019une premi\u00e8re station existait d\u00e9j\u00e0 ici, \u00e0 la sortie du <strong>m\u00e9tro de Balma-Gramont<\/strong>, c\u00f4t\u00e9 rue Saint-Jean \u00e0 Balma.<\/p>\n<p>Les 16 nouvelles stations de Blagnac sont install\u00e9es :<\/p>\n<ul class=\" wall-content\">\n<li>Station <strong>Androm\u00e8de Fischl<\/strong>, 11 avenue d\u2019Androm\u00e8de<\/li>\n<li>Station <strong>Androm\u00e8de Lyc\u00e9e Tramway<\/strong>, 18 boulevard Alain Savary<\/li>\n<li>Station <strong>Place Georges Brassens<\/strong>, Pl. Georges Brassens<\/li>\n<li>Station <strong>Zola Dali<\/strong>, centre commercial E.Leclerc, all\u00e9e \u00c9mile Zola \u00e0 Blagnac<\/li>\n<li>Station <strong>Patinoire Barradels Tramway<\/strong>, 10 avenue du G\u00e9n\u00e9ral de Gaulle<\/li>\n<li>Station <strong>Grenade Gauguin<\/strong>, 156 route de Grenade<\/li>\n<li>Station <strong>Odyssud Ritouret Tramway<\/strong>, 3 place des Marronniers<\/li>\n<li>Station <strong>Place du relais Tramway<\/strong>, 1 avenue de Cornebarrieu<\/li>\n<li>Station <strong>A\u00e9roport Tramway<\/strong>, devant l\u2019a\u00e9roport<\/li>\n<li>Station <strong>Daurat Groupe d\u2019Or, <\/strong>15 avenue Didier Daurat<\/li>\n<li>Station <strong>Avenue du Parc Guyenne<\/strong>, 27 avenue du Parc<\/li>\n<li>Station <strong>Pasteur Lavoisier<\/strong>, 26 rue Pasteur<\/li>\n<li>Station <strong>Blagnac Mairie<\/strong>, mairie de Blagnac, 2 place Jean-Louis Puig<\/li>\n<li>Station <strong>Velasquez Tamaris<\/strong>, 1 square Pierre et Bernadette Abel<\/li>\n<li>Station <strong>Servanty Airbus tramway<\/strong>, 44 avenue Lucien Servanty<\/li>\n<li>Station <strong>Plan du port<\/strong>, au\u00a0Plan du Port<\/li>\n<\/ul>\n<p>Les 4 stations de Lab\u00e8ge sont install\u00e9es :<\/p>\n<ul class=\" wall-content\">\n<li>Station <strong>Occitane \u2013 Sienne<\/strong>, 32 rue L\u2019Occitane, \u00e0 l\u2019angle avec la rue de Sienne (ouverture \u00e0 venir)<\/li>\n<li>Station <strong>Occitane \u2013 Marco Polo<\/strong>, face au 1202 rue L\u2019Occitane (\u00e0 c\u00f4t\u00e9 de Hife Toulouse \u2013 r\u00e9sidence de coliving)<\/li>\n<li>Station <strong>Lab\u00e8ge Innopole Gare<\/strong>, 61 rue Pierre et Marie Curie, parking proche gare SNCF Innopole et Parc \u00e0 v\u00e9lo<\/li>\n<li>Station <strong>M\u00e9ridienne \u2013 Occitane<\/strong>, 1610 rue L\u2019Occitane, face \u00e0 La Cri\u00e9e Lab\u00e8ge, et pr\u00e8s du lac (ouverture \u00e0 venir)<\/li>\n<\/ul>\n<p>Les six stations de Ramonville sont install\u00e9es :<\/p>\n<ul class=\" wall-content\">\n<li>Station <strong>Ramonville m\u00e9tro<\/strong>, avenue Flora Tristan, sur le c\u00f4t\u00e9 sud du b\u00e2timent d\u2019acc\u00e8s au m\u00e9tro<\/li>\n<li>Station <strong>Ramonville Mairie<\/strong>, place Charles-de-Gaulle, \u00e0 l\u2019angle de la rue des Sanguinettes<\/li>\n<li>Station <strong>Pompidou \u2013 Marnac<\/strong>, 9 all\u00e9e Georges Pompidou (en face du Kiwi et de la m\u00e9diath\u00e8que).<\/li>\n<li>Station <strong>Tolosane \u2013 Pouciquot<\/strong>, 25 avenue de Tolosane, face au chemin Pouciquot (ouverture d\u00e9but octobre)<\/li>\n<li>Station <strong>Tolosane \u2013 Pastourelles<\/strong>, \u00e0 l\u2019angle de l\u2019avenue de Tolosane et de la rue des Pastourelles (ouverture \u00e0 venir)<\/li>\n<li>Station <strong>Tolosane Sud,<\/strong>\u00a0\u00e0 proximit\u00e9 du rond-point entre l\u2019avenue Tolosane et le bd Mitterrand (RD813) (ouverture \u00e0 venir, emplacement \u00e0 confirmer)<\/li>\n<\/ul>\n<p>Les 4 stations de Tournefeuille sont install\u00e9es :<\/p>\n<ul class=\" wall-content\">\n<li>Station <strong>Doumergue \u2013 Daudet<\/strong>, 142 rue Gaston Doumergue<\/li>\n<li>Station <strong>Tournefeuille Mairie<\/strong>, place de la mairie face au 69, rue Gaston Doumergue<\/li>\n<li>Station <strong>Montel \u2013 Languedoc<\/strong>, 17 boulevard Eug\u00e8ne Montel (ouverture \u00e0 venir)<\/li>\n<li>Station <strong>Boulevard Auriol<\/strong>, devant le centre commercial de Tournefeuille au 49 boulevard Auriol (ouverture \u00e0 venir)<\/li>\n<\/ul>\n<p>Les 12 nouvelles stations de Toulouse sont install\u00e9es :<\/p>\n<ul class=\" wall-content\">\n<li>Station <strong>Moulis \u2013 Croix B\u00e9nite, <\/strong>71 chemin de Moulis<\/li>\n<li>Station <strong>Grynfogel<\/strong> <strong>Gaillardie<\/strong> (face au 130, chemin de Gaillardie)<\/li>\n<li>Station <strong>Narbonne \u2013 Clotasses<\/strong>\u00a0(271, route de Narbonne)<\/li>\n<li>Station <strong>Lat\u00e9co\u00e8re \u2013 Europe<\/strong> (rond-point avenue de l\u2019Europe, face entr\u00e9e Airbus Defence and Space et CNES Toulouse)<\/li>\n<li>Station <strong>Place Aristide Maillol<\/strong> (rond-point rue Aristide Maillol\/Chemin du Mirail -Toulouse)<\/li>\n<li>Station <strong>Lardenne \u2013 Maxwell<\/strong> (face au 343, avenue de Lardenne et du groupe scolaire Emilie Chatelet -Toulouse)<\/li>\n<li>Station <strong>Monso \u2013 INP<\/strong> (6 all\u00e9e Emile Monso \u2013Toulouse)<\/li>\n<li>Station <strong>Brunaud \u2013 CEAT<\/strong>\u00a0(face 76, avenue Yves Brunaud -Toulouse)<\/li>\n<li>Station <strong>Revel \u2013 Alli\u00e9-Daram<\/strong> (carrefour rue Simone Alie Daram \u2013 Route de Revel)<\/li>\n<li>Station <strong>Place Marcel Bouilloux<\/strong>\u00a0(place Marcel Bouilloux \u2013 Lafont \u2013 1 avenue de l\u2019a\u00e9rodrome de Montaudran \u2013 Toulouse)<\/li>\n<li>Station <strong>Piscine Nakache<\/strong>\u00a0(croisement av du Pr. Camille Soula, all\u00e9e Jacques Lacassagne et Gabriel Bi\u00e9n\u00e8s)<\/li>\n<li>Station <strong>Parc de la Poudrerie<\/strong>\u00a0(Face au 8 et 9 chemin de la loge \u2013 \u00cele du Ramier)<\/li>\n<\/ul>\n<p class=\" wall-content\">Personnalisez votre actualit\u00e9 en ajoutant vos villes et m\u00e9dias en favori avec <a href=\"https:\/\/moncompte.actu.fr\" title=\"D\u00e9couvez Mon Actu\" rel=\"nofollow noopener\" data-trk=\"{&quot;cta&quot;:{&quot;action&quot;:&quot;https:\\\/\\\/moncompte.actu.fr&quot;,&quot;category&quot;:&quot;mon compte&quot;,&quot;from&quot;:&quot;article footer&quot;,&quot;name&quot;:&quot;Mon actu&quot;,&quot;type&quot;:&quot;cta&quot;}}\" target=\"_blank\">Mon Actu<\/a>.<\/p>\n","protected":false},"excerpt":{"rendered":"Par Guillaume Laurens Publi\u00e9 le 29 sept. 2025 \u00e0 19h23 C\u2019est l\u2019une des grandes nouveaut\u00e9s de la rentr\u00e9e&hellip;\n","protected":false},"author":2,"featured_media":426718,"comment_status":"","ping_status":"","sticky":false,"template":"","format":"standard","meta":{"footnotes":""},"categories":[2816],"tags":[1111,11,1777,674,1011,27,12,2680,25,104,5400,2312,208],"class_list":{"0":"post-426717","1":"post","2":"type-post","3":"status-publish","4":"format-standard","5":"has-post-thumbnail","7":"category-toulouse","8":"tag-actu","9":"tag-actualites","10":"tag-eu","11":"tag-europe","12":"tag-fr","13":"tag-france","14":"tag-news","15":"tag-occitanie","16":"tag-republique-francaise","17":"tag-societe","18":"tag-tisseo","19":"tag-toulouse","20":"tag-velo"},"share_on_mastodon":{"url":"https:\/\/pubeurope.com\/@fr\/115289000881276707","error":""},"_links":{"self":[{"href":"https:\/\/www.europesays.com\/fr\/wp-json\/wp\/v2\/posts\/426717","targetHints":{"allow":["GET"]}}],"collection":[{"href":"https:\/\/www.europesays.com\/fr\/wp-json\/wp\/v2\/posts"}],"about":[{"href":"https:\/\/www.europesays.com\/fr\/wp-json\/wp\/v2\/types\/post"}],"author":[{"embeddable":true,"href":"https:\/\/www.europesays.com\/fr\/wp-json\/wp\/v2\/users\/2"}],"replies":[{"embeddable":true,"href":"https:\/\/www.europesays.com\/fr\/wp-json\/wp\/v2\/comments?post=426717"}],"version-history":[{"count":0,"href":"https:\/\/www.europesays.com\/fr\/wp-json\/wp\/v2\/posts\/426717\/revisions"}],"wp:featuredmedia":[{"embeddable":true,"href":"https:\/\/www.europesays.com\/fr\/wp-json\/wp\/v2\/media\/426718"}],"wp:attachment":[{"href":"https:\/\/www.europesays.com\/fr\/wp-json\/wp\/v2\/media?parent=426717"}],"wp:term":[{"taxonomy":"category","embeddable":true,"href":"https:\/\/www.europesays.com\/fr\/wp-json\/wp\/v2\/categories?post=426717"},{"taxonomy":"post_tag","embeddable":true,"href":"https:\/\/www.europesays.com\/fr\/wp-json\/wp\/v2\/tags?post=426717"}],"curies":[{"name":"wp","href":"https:\/\/api.w.org\/{rel}","templated":true}]}}