{"id":426723,"date":"2025-09-29T18:30:13","date_gmt":"2025-09-29T18:30:13","guid":{"rendered":"https:\/\/www.europesays.com\/fr\/426723\/"},"modified":"2025-09-29T18:30:13","modified_gmt":"2025-09-29T18:30:13","slug":"a-marseille-le-carlton-palace-vendu-aux-encheres-apres-avoir-ete-saisi-par-la-justice-pour-escroquerie","status":"publish","type":"post","link":"https:\/\/www.europesays.com\/fr\/426723\/","title":{"rendered":"\u00c0 Marseille, le Carlton Palace vendu aux ench\u00e8res\u2026 apr\u00e8s avoir \u00e9t\u00e9 saisi par la justice pour escroquerie"},"content":{"rendered":"<p class=\"paragraph text_align_left lp-f-body-02\">Perch\u00e9 sur la <a href=\"https:\/\/www.leparisien.fr\/bouches-du-rhone-13\/un-balcon-sur-la-mer-a-marseille-la-corniche-kennedy-inaugure-sa-piste-cyclable-en-bord-de-mediterranee-24-03-2022-TVU3H2AGUBCIVALZE566WRZUUU.php\" target=\"_self\" rel=\"noopener\">Corniche Kennedy<\/a>, au bord de la M\u00e9diterran\u00e9e un bien exceptionnel de 1 749 m\u00b2 est mis en <a href=\"https:\/\/www.leparisien.fr\/faits-divers\/le-yacht-stefania-vendu-10-millions-deuros-aux-encheres-au-profit-de-letat-27-03-2025-CJ7M322ASNBK5IZYLBRM5B2ZTU.php\" target=\"_self\" rel=\"noopener\">vente aux ench\u00e8res <\/a>lundi pour un prix de d\u00e9part fix\u00e9 \u00e0 4,7 millions d\u2019euros sur le site d\u2019Agorastore, rapporte <a href=\"https:\/\/www.laprovence.com\/article\/faits-divers-justice\/1029184213573414\/sur-la-corniche-a-marseille-le-carlton-palace-saisi-dans-laffaire-de-la-taxe-carbone-bientot-vendu-aux-encheres\" target=\"_self\" rel=\"noopener\">La Provence<\/a>. Avant sa saisie par la justice dans le cadre d\u2019une <a href=\"https:\/\/www.leparisien.fr\/podcasts\/code-source\/arnaque-a-la-taxe-carbone-les-confidences-du-repenti-gregory-zaoui-11-01-2022-BDHQJXWFE5EKRMBB2CBSUUFUQI.php\" target=\"_self\" rel=\"noopener\">arnaque \u00e0 la TVA carbone<\/a>, l\u2019immeuble d\u2019architecture contemporaine abritait notamment des lofts de luxe.<\/p>\n<p class=\"paragraph text_align_left lp-f-body-02\">Entre novembre 2008 et juin 2009 une gigantesque affaire de fraude \u00e0 la <a href=\"https:\/\/www.leparisien.fr\/paris-75\/arnaque-a-la-taxe-carbone-le-duplex-de-l-escroc-vendu-4-3-millions-d-euros-30-01-2020-8248035.php\" target=\"_self\" rel=\"noopener\">TVA sur les quotas carbone<\/a> entra\u00eene le d\u00e9tournement de pr\u00e8s de 6 milliards d\u2019euros \u00e0 l\u2019\u00e9chelle europ\u00e9enne et 1,6 milliard en France.<\/p>\n<p class=\"paragraph text_align_left lp-f-body-02\">Rien qu\u2019\u00e0 Marseille, ce sont 385 millions d\u2019euros qui sont d\u00e9rob\u00e9s dans la fraude dont la t\u00eate pensante n\u2019est autre qu\u2019une ancienne prof de maths : <a href=\"https:\/\/www.leparisien.fr\/faits-divers\/tva-et-taxe-carbone-l-escroquerie-du-siecle-au-tribunal-29-01-2018-7528752.php\" target=\"_blank\" rel=\"noopener\">Christiane Melgrani<\/a>. Surnomm\u00e9e \u00ab La Marraine du Panier \u00bb, en r\u00e9f\u00e9rence au quartier du centre de la Cit\u00e9 phoc\u00e9enne, la sexag\u00e9naire a \u00e9t\u00e9 condamn\u00e9e \u00e0 <a href=\"https:\/\/www.leparisien.fr\/faits-divers\/fraude-a-la-taxe-carbone-neuf-ans-de-prison-pour-l-ex-enseignante-marseillaise-23-05-2018-7731519.php\" target=\"_self\" rel=\"noopener\">neuf ans de prison et une amende de trois millions d\u2019euros en 2018<\/a>.<\/p>\n<p>Confi\u00e9 \u00e0 l\u2019Agrasc<\/p>\n<p class=\"paragraph text_align_left lp-f-body-02\">Cit\u00e9 dans l\u2019affaire, le b\u00e2timent est confi\u00e9 par la justice \u00e0 l\u2019Agence de gestion et de recouvrement des avoirs saisis et confisqu\u00e9s (Agrasc), sous tutelle du minist\u00e8re de la Justice et celui des Comptes publics. R\u00e9nov\u00e9 d\u00e9but 2010 pour abriter des salles de r\u00e9ceptions, une synagogue et une villa h\u00f4tel, le Carlton Palace est depuis laiss\u00e9 \u00e0 l\u2019abandon. Les photos du bien consultables sur le site d\u2019Agorastore laissent percevoir des salles vides, des terrasses o\u00f9 poussent des mauvaises herbes mais surtout une vue imprenable sur la rade de Marseille.<\/p>\n<p class=\"paragraph text_align_left lp-f-body-02\">On devrait conna\u00eetre le prochain acqu\u00e9reur de l\u2019ex-Carlton Palace d\u2019ici mardi \u00e0 16 heures, date \u00e0 laquelle la vente sera cl\u00f4tur\u00e9e selon le site d\u2019Agorastore. L\u2019acte de vente devrait lui \u00eatre sign\u00e9 le 31 d\u00e9cembre pr\u00e9cise La Provence.<\/p>\n","protected":false},"excerpt":{"rendered":"Perch\u00e9 sur la Corniche Kennedy, au bord de la M\u00e9diterran\u00e9e un bien exceptionnel de 1 749 m\u00b2 est&hellip;\n","protected":false},"author":2,"featured_media":426724,"comment_status":"","ping_status":"","sticky":false,"template":"","format":"standard","meta":{"footnotes":""},"categories":[2814],"tags":[1111,11,11004,459,1777,674,1011,27,884,12,882,25],"class_list":{"0":"post-426723","1":"post","2":"type-post","3":"status-publish","4":"format-standard","5":"has-post-thumbnail","7":"category-marseille","8":"tag-actu","9":"tag-actualites","10":"tag-bouches-du-rhone-13","11":"tag-departements-horsidfo","12":"tag-eu","13":"tag-europe","14":"tag-fr","15":"tag-france","16":"tag-marseille","17":"tag-news","18":"tag-provence-alpes-cote-dazur","19":"tag-republique-francaise"},"share_on_mastodon":{"url":"https:\/\/pubeurope.com\/@fr\/115289012884063335","error":""},"_links":{"self":[{"href":"https:\/\/www.europesays.com\/fr\/wp-json\/wp\/v2\/posts\/426723","targetHints":{"allow":["GET"]}}],"collection":[{"href":"https:\/\/www.europesays.com\/fr\/wp-json\/wp\/v2\/posts"}],"about":[{"href":"https:\/\/www.europesays.com\/fr\/wp-json\/wp\/v2\/types\/post"}],"author":[{"embeddable":true,"href":"https:\/\/www.europesays.com\/fr\/wp-json\/wp\/v2\/users\/2"}],"replies":[{"embeddable":true,"href":"https:\/\/www.europesays.com\/fr\/wp-json\/wp\/v2\/comments?post=426723"}],"version-history":[{"count":0,"href":"https:\/\/www.europesays.com\/fr\/wp-json\/wp\/v2\/posts\/426723\/revisions"}],"wp:featuredmedia":[{"embeddable":true,"href":"https:\/\/www.europesays.com\/fr\/wp-json\/wp\/v2\/media\/426724"}],"wp:attachment":[{"href":"https:\/\/www.europesays.com\/fr\/wp-json\/wp\/v2\/media?parent=426723"}],"wp:term":[{"taxonomy":"category","embeddable":true,"href":"https:\/\/www.europesays.com\/fr\/wp-json\/wp\/v2\/categories?post=426723"},{"taxonomy":"post_tag","embeddable":true,"href":"https:\/\/www.europesays.com\/fr\/wp-json\/wp\/v2\/tags?post=426723"}],"curies":[{"name":"wp","href":"https:\/\/api.w.org\/{rel}","templated":true}]}}