{"id":426725,"date":"2025-09-29T18:31:12","date_gmt":"2025-09-29T18:31:12","guid":{"rendered":"https:\/\/www.europesays.com\/fr\/426725\/"},"modified":"2025-09-29T18:31:12","modified_gmt":"2025-09-29T18:31:12","slug":"on-est-conscient-que-marseille-aura-un-douzieme-homme-john-heitinga-et-steven-berghuis-ajax-louent-lambiance-du-vel","status":"publish","type":"post","link":"https:\/\/www.europesays.com\/fr\/426725\/","title":{"rendered":"\u00ab\u00a0on est conscient que Marseille aura un douzi\u00e8me homme\u00a0\u00bb, John Heitinga et Steven Berghuis (Ajax) louent l\u2019ambiance du Vel&rsquo;"},"content":{"rendered":"<p>\u00c0 <a href=\"https:\/\/www.laprovence.com\/article\/om\/17436108482553\/om-ligue-des-champions-deuxieme-adversaire-des-olympiens-lajax-amsterdam-en-pleine-reconstruction\" target=\"_blank\" rel=\"noopener\">l\u2019Ajax<\/a>, l\u2019ambiance n\u2019est pas au beau fixe, \u00e0 un peu plus de 24\u00a0heures de d\u00e9fier l\u2019OM au stade V\u00e9lodrome, pour la 2e journ\u00e9e de Ligue des champions. Le ton a \u00e9t\u00e9 donn\u00e9 par les m\u00e9dias n\u00e9erlandais ce lundi, en fin de soir\u00e9e, lors de la traditionnelle conf\u00e9rence de presse d\u2019avant-match, tenue dans les entrailles du stade V\u00e9lodrome, en respect de l\u2019\u00e9tiquette europ\u00e9enne. De longues minutes, trop longues \u00e0 son go\u00fbt, John Heitinga, le jeune entra\u00eeneur de l\u2019Ajax, a \u00e9t\u00e9 cuisin\u00e9 sur les critiques qui escortent son travail, malgr\u00e9 la bonne s\u00e9rie de son \u00e9quipe en Eredivise, depuis la reprise (4 victoires, 3 nuls, 3e \u00e0 quatre points du leader Feyenoord).<\/p>\n<p>Lorsque l\u2019ancien d\u00e9fenseur d\u2019Everton a siffl\u00e9 la fin de la r\u00e9cr\u00e9, et confirm\u00e9 l\u2019absence de ses deux avants-centres de m\u00e9tier (<a href=\"https:\/\/www.laprovence.com\/article\/om\/125440712307215\/om-ajax-lattaquant-neerlandais-wout-weghorst-forfait-pour-le-match-au-velodrome\" target=\"_blank\" rel=\"noopener\">Dolberg et Weghorst<\/a>), tout en insinuant que le meneur de jeu isra\u00e9lien Oscar Gloukh devrait \u00eatre align\u00e9 en faux 9, il a pu disserter sur l\u2019OM, son prochain adversaire.<\/p>\n<p>La peur d\u2019Aubameyang<\/p>\n<p>\u00ab\u00a0\u00c0 Marseille, l\u2019entra\u00eeneur (Roberto De Zerbi) dicte sa philosophie. Ils ont beaucoup de combinaisons pour ressortir le ballon, et vont tr\u00e8s vite devant. Ils peuvent \u00eatre tr\u00e8s dangereux. C\u2019\u00e9tait flagrant face au PSG (1-1) et m\u00eame \u00e0 Madrid (2-1)\u00a0\u00bb, a relev\u00e9 celui qui craint la vitesse de Pierre-Emerick Aubameyang (\u00ab\u00a0Quand j\u2019\u00e9tais au Hertha Berlin, il \u00e9tait \u00e0 Dortmund, je disais toujours que face \u00e0 lui, on devait d\u00e9fendre regroup\u00e9s dans notre surface pour ne lui laisser aucun espace\u00a0\u00bb). Et d\u2019ajouter\u00a0: \u00ab\u00a0Cela va \u00eatre un match intense, difficile, mais \u00e7a reste un match comme un autre. On doit montrer \u00e0 quel point on est bon, prouver que l\u2019on fait partie des meilleures \u00e9quipes de cette comp\u00e9tition. Il faudra \u00eatre pr\u00e9sent sur chaque ballon, ce sera un bon test.\u00a0\u00bb<\/p>\n<p>\u00c0 ses c\u00f4t\u00e9s, le roublard Steven Berghuis a aussi \u00e9t\u00e9 interrog\u00e9 sur <a href=\"https:\/\/www.laprovence.com\/article\/sports\/1227744995468115\/om-les-marseillais-lassurent-quand-arrive-lheure-de-la-c1-au-velodrome-ca-devient-dement\" target=\"_blank\" rel=\"noopener\">l\u2019ambiance du Vel&rsquo;<\/a>, o\u00f9 65\u00a0000 personnes l\u2019accueilleront tr\u00e8s bruyamment mardi soir. \u00ab\u00a0J\u2019ai parl\u00e9 \u00e0 Rulli (dimanche), il m\u2019a dit que le V\u00e9lodrome \u00e9tait pr\u00eat \u00e0 nous recevoir. On sait \u00e0 quoi s\u2019en tenir (sourire). On peut essayer de d\u00e9jouer cette ambiance en prenant la possession du ballon, mais ce stade reste un obstacle \u00e0 franchir. Quand j\u2019ai vu qu\u2019on avait tir\u00e9 l\u2019OM, j\u2019\u00e9tais tr\u00e8s enthousiaste \u00e0 l\u2019id\u00e9e de venir ici\u00a0\u00bb, a avou\u00e9 l\u2019attaquant n\u00e9erlandais, suivi par son entra\u00eeneur. \u00ab\u00a0Je n\u2019ai jamais jou\u00e9 ici, mais je suis curieux. J\u2019en ai beaucoup attendu parler. <a href=\"https:\/\/www.laprovence.com\/article\/om\/1848606680821314\/mercato-om-paixao-a-les-qualites-pour-reussir-meme-si-ca-peut-prendre-du-temps-previent-lancien-olympien-bolo-zenden\" target=\"_blank\" rel=\"noopener\">Bolo Zenden<\/a> m\u2019a dit que \u00e7a pouvait chauffer ici, a gliss\u00e9 John Heitinga. On sera l\u00e0, concentr\u00e9 et bien conscient que l\u2019OM aura un douzi\u00e8me homme.\u00a0\u00bb<\/p>\n","protected":false},"excerpt":{"rendered":"\u00c0 l\u2019Ajax, l\u2019ambiance n\u2019est pas au beau fixe, \u00e0 un peu plus de 24\u00a0heures de d\u00e9fier l\u2019OM au&hellip;\n","protected":false},"author":2,"featured_media":426726,"comment_status":"","ping_status":"","sticky":false,"template":"","format":"standard","meta":{"footnotes":""},"categories":[2814],"tags":[17,1111,11,1998,55543,932,1777,674,1011,27,884,12,149,5241,882,746,25],"class_list":{"0":"post-426725","1":"post","2":"type-post","3":"status-publish","4":"format-standard","5":"has-post-thumbnail","7":"category-marseille","8":"tag-17","9":"tag-actu","10":"tag-actualites","11":"tag-aura","12":"tag-conscient","13":"tag-est","14":"tag-eu","15":"tag-europe","16":"tag-fr","17":"tag-france","18":"tag-marseille","19":"tag-news","20":"tag-om","21":"tag-on","22":"tag-provence-alpes-cote-dazur","23":"tag-que","24":"tag-republique-francaise"},"share_on_mastodon":{"url":"https:\/\/pubeurope.com\/@fr\/115289016646676723","error":""},"_links":{"self":[{"href":"https:\/\/www.europesays.com\/fr\/wp-json\/wp\/v2\/posts\/426725","targetHints":{"allow":["GET"]}}],"collection":[{"href":"https:\/\/www.europesays.com\/fr\/wp-json\/wp\/v2\/posts"}],"about":[{"href":"https:\/\/www.europesays.com\/fr\/wp-json\/wp\/v2\/types\/post"}],"author":[{"embeddable":true,"href":"https:\/\/www.europesays.com\/fr\/wp-json\/wp\/v2\/users\/2"}],"replies":[{"embeddable":true,"href":"https:\/\/www.europesays.com\/fr\/wp-json\/wp\/v2\/comments?post=426725"}],"version-history":[{"count":0,"href":"https:\/\/www.europesays.com\/fr\/wp-json\/wp\/v2\/posts\/426725\/revisions"}],"wp:featuredmedia":[{"embeddable":true,"href":"https:\/\/www.europesays.com\/fr\/wp-json\/wp\/v2\/media\/426726"}],"wp:attachment":[{"href":"https:\/\/www.europesays.com\/fr\/wp-json\/wp\/v2\/media?parent=426725"}],"wp:term":[{"taxonomy":"category","embeddable":true,"href":"https:\/\/www.europesays.com\/fr\/wp-json\/wp\/v2\/categories?post=426725"},{"taxonomy":"post_tag","embeddable":true,"href":"https:\/\/www.europesays.com\/fr\/wp-json\/wp\/v2\/tags?post=426725"}],"curies":[{"name":"wp","href":"https:\/\/api.w.org\/{rel}","templated":true}]}}