{"id":426733,"date":"2025-09-29T18:36:12","date_gmt":"2025-09-29T18:36:12","guid":{"rendered":"https:\/\/www.europesays.com\/fr\/426733\/"},"modified":"2025-09-29T18:36:12","modified_gmt":"2025-09-29T18:36:12","slug":"la-maison-blanche-affirme-que-benyamin-netanyahou-a-promis-au-qatar-de-ne-pas-frapper-a-nouveau","status":"publish","type":"post","link":"https:\/\/www.europesays.com\/fr\/426733\/","title":{"rendered":"la Maison Blanche affirme que Benyamin N\u00e9tanyahou a promis au Qatar de ne pas frapper \u00e0 nouveau"},"content":{"rendered":"<p>Alors que le pr\u00e9sident am\u00e9ricain et le Premier ministre isra\u00e9lien s&rsquo;entretiennent pour la quatri\u00e8me fois depuis l&rsquo;investiture de Donald Trump, la Maison Blanche a communiqu\u00e9 de premi\u00e8res informations, lundi 29 septembre. Selon l&rsquo;administration am\u00e9ricaine, Benyamin N\u00e9tanyahou a promis au Qatar de ne pas frapper le pays \u00e0 nouveau. Le Qatar et Isra\u00ebl vont \u00e9galement collaborer avec les Etats-Unis pour r\u00e9soudre leurs \u00ab\u00a0griefs mutuels\u00a0\u00bb, selon la Maison Blanche. Isra\u00ebl a frapp\u00e9 le 9 septembre un quartier r\u00e9sidentiel de Doha, <a href=\"https:\/\/www.franceinfo.fr\/monde\/proche-orient\/guerre\/guerre-au-proche-orient-des-explosions-entendues-a-doha-au-qatar-israel-affirme-avoir-frappe-de-hauts-responsables-du-hamas_7482541.html\" rel=\"nofollow noopener\" target=\"_blank\">disant viser des dirigeants du Hamas<\/a>. Suivez notre direct.<\/p>\n<p class=\"c-body__bullet\"> <strong>Un \u00ab\u00a0deal\u00a0\u00bb pour Gaza ?<\/strong> Donald Trump re\u00e7oit lundi Benyamin N\u00e9tanyahou \u00e0 la Maison Blanche avec pour objectif d&rsquo;arracher son accord \u00e0 <a href=\"https:\/\/www.franceinfo.fr\/monde\/proche-orient\/israel-palestine\/mandat-de-l-onu-administration-etrangere-police-gazaouie-que-prevoit-le-plan-d-apres-guerre-propose-par-la-fondation-de-tony-blair-pour-la-bande-de-gaza_7521196.html\" data-tooltip-url=\"https:\/\/www.franceinfo.fr\/monde\/proche-orient\/israel-palestine\/mandat-de-l-onu-administration-etrangere-police-gazaouie-que-prevoit-le-plan-d-apres-guerre-propose-par-la-fondation-de-tony-blair-pour-la-bande-de-gaza_7521196.html\" rel=\"nofollow noopener\" target=\"_blank\">un plan de paix pour Gaza<\/a>. Le pr\u00e9sident am\u00e9ricain s&rsquo;est dit \u00ab\u00a0tr\u00e8s confiant\u00a0\u00bb sur la possibilit\u00e9 d&rsquo;y parvenir. Les deux responsables politiques doivent tenir une conf\u00e9rence de presse commune \u00e0 19h15, heure de Paris. \u00ab\u00a0Nous avons une r\u00e9elle chance d&rsquo;atteindre quelque chose de grand au Moyen-Orient\u00a0\u00bb, a \u00e9crit le pr\u00e9sident am\u00e9ricain dimanche sur <a href=\"https:\/\/truthsocial.com\/@realDonaldTrump\/posts\/115282009590636281\" target=\"_blank\" rel=\"noopener nofollow\" data-tooltip-url=\"https:\/\/truthsocial.com\/@realDonaldTrump\/posts\/115282009590636281\">sa plateforme Truth Social<\/a>.<\/p>\n<p class=\"c-body__bullet\"> <strong>Le pr\u00e9sident am\u00e9ricain d\u00e9voile son plan en 20 points<\/strong>. Dans un communiqu\u00e9 envoy\u00e9 \u00e0 plusieurs m\u00e9dias, dont le <a href=\"https:\/\/www.nytimes.com\/live\/2025\/09\/29\/world\/trump-netanyahu-israel-gaza?partner=slack&amp;smid=sl-share\" target=\"_blank\" rel=\"noopener nofollow\">New York Times<\/a>, Donald Trump a partag\u00e9 lundi son plan en 20 points pour mettre fin \u00e0 la guerre dans la bande de Gaza, qui doit encore \u00eatre accept\u00e9 par les parties, pr\u00e9voyant notamment qu&rsquo;il pr\u00e9side un comit\u00e9 supervisant la transition dans le territoire palestinien. Ce plan, dans lequel la Maison Blanche assure que \u00ab\u00a0personne ne sera forc\u00e9 de quitter Gaza, a \u00e9t\u00e9 diffus\u00e9 peu avant la conf\u00e9rence de presse conjointe entre le pr\u00e9sident am\u00e9ricain et le Premier ministre isra\u00e9lien.<\/p>\n<p class=\"c-body__bullet\"><strong> Les familles d&rsquo;otages font pression sur Donald Trump. <\/strong>Des proches <a href=\"https:\/\/www.franceinfo.fr\/monde\/proche-orient\/israel-palestine\/guerre-a-gaza-que-sait-on-de-la-situation-des-otages-israeliens-apres-la-mise-en-scene-macabre-de-deux-d-entre-eux-dans-des-videos-du-hamas_7417678.html\" data-tooltip-url=\"https:\/\/www.franceinfo.fr\/monde\/proche-orient\/israel-palestine\/guerre-a-gaza-que-sait-on-de-la-situation-des-otages-israeliens-apres-la-mise-en-scene-macabre-de-deux-d-entre-eux-dans-des-videos-du-hamas_7417678.html\" rel=\"nofollow noopener\" target=\"_blank\">des otages toujours retenus \u00e0 Gaza<\/a> ont adress\u00e9 une lettre au pr\u00e9sident am\u00e9ricain lui demandant de \u00ab\u00a0rester ferme\u00a0\u00bb dans son engagement \u00e0 mettre fin \u00e0 la guerre lors de sa rencontre avec Benyamin N\u00e9tanyahou. \u00ab\u00a0Les enjeux sont trop importants et nos familles ont attendu trop longtemps pour que des ing\u00e9rences fassent d\u00e9railler ces avanc\u00e9es\u00a0\u00bb, a \u00e9crit le Forum des familles, la principale organisation repr\u00e9sentant les proches des captifs. Dimanche, le Hamas a par ailleurs d\u00e9clar\u00e9 avoir perdu le contact avec deux otages dans Gaza-ville, \u00e0 cause <a href=\"https:\/\/www.franceinfo.fr\/monde\/palestine\/gaza\/gaza-de-nouveaux-bombardements-israeliens-la-defense-civile-palestinienne-a-fait-etat-d-au-moins-50-morts_7519111.html\" data-tooltip-url=\"https:\/\/www.franceinfo.fr\/monde\/palestine\/gaza\/gaza-de-nouveaux-bombardements-israeliens-la-defense-civile-palestinienne-a-fait-etat-d-au-moins-50-morts_7519111.html\" rel=\"nofollow noopener\" target=\"_blank\">des raids isra\u00e9liens<\/a>.<\/p>\n<p class=\"c-body__bullet\"><strong> Une offensive terrestre toujours en cours. <\/strong>Depuis le lancement de son offensive sur la ville de Gaza, l&rsquo;arm\u00e9e isra\u00e9lienne a ordonn\u00e9 \u00e0 plusieurs reprises aux Palestiniens <a href=\"https:\/\/www.franceinfo.fr\/monde\/proche-orient\/israel-palestine\/c-est-tragique-pour-les-patients-qu-on-laisse-derriere-nous-un-medecin-de-msf-raconte-l-evacuation-dans-le-chaos-de-la-ville-de-gaza-sous-le-feu-de-l-armee-israelienne_7517614.html\" data-tooltip-url=\"https:\/\/www.franceinfo.fr\/monde\/proche-orient\/israel-palestine\/c-est-tragique-pour-les-patients-qu-on-laisse-derriere-nous-un-medecin-de-msf-raconte-l-evacuation-dans-le-chaos-de-la-ville-de-gaza-sous-le-feu-de-l-armee-israelienne_7517614.html\" rel=\"nofollow noopener\" target=\"_blank\">de se diriger vers le sud<\/a> de l&rsquo;enclave palestinienne. Les secouristes de la d\u00e9fense civile ont fait \u00e9tat de 38\u00a0morts dans des frappes isra\u00e9liennes dimanche.<\/p>\n","protected":false},"excerpt":{"rendered":"Alors que le pr\u00e9sident am\u00e9ricain et le Premier ministre isra\u00e9lien s&rsquo;entretiennent pour la quatri\u00e8me fois depuis l&rsquo;investiture de&hellip;\n","protected":false},"author":2,"featured_media":426734,"comment_status":"","ping_status":"","sticky":false,"template":"","format":"standard","meta":{"footnotes":""},"categories":[1888],"tags":[1111,1928,11,1927,1777,674,1011,27,12,1926,626,1925,25],"class_list":{"0":"post-426733","1":"post","2":"type-post","3":"status-publish","4":"format-standard","5":"has-post-thumbnail","7":"category-paris","8":"tag-actu","9":"tag-actu-paris","10":"tag-actualites","11":"tag-actualites-paris","12":"tag-eu","13":"tag-europe","14":"tag-fr","15":"tag-france","16":"tag-news","17":"tag-news-paris","18":"tag-paris","19":"tag-paris-news","20":"tag-republique-francaise"},"share_on_mastodon":{"url":"https:\/\/pubeurope.com\/@fr\/115289036098066214","error":""},"_links":{"self":[{"href":"https:\/\/www.europesays.com\/fr\/wp-json\/wp\/v2\/posts\/426733","targetHints":{"allow":["GET"]}}],"collection":[{"href":"https:\/\/www.europesays.com\/fr\/wp-json\/wp\/v2\/posts"}],"about":[{"href":"https:\/\/www.europesays.com\/fr\/wp-json\/wp\/v2\/types\/post"}],"author":[{"embeddable":true,"href":"https:\/\/www.europesays.com\/fr\/wp-json\/wp\/v2\/users\/2"}],"replies":[{"embeddable":true,"href":"https:\/\/www.europesays.com\/fr\/wp-json\/wp\/v2\/comments?post=426733"}],"version-history":[{"count":0,"href":"https:\/\/www.europesays.com\/fr\/wp-json\/wp\/v2\/posts\/426733\/revisions"}],"wp:featuredmedia":[{"embeddable":true,"href":"https:\/\/www.europesays.com\/fr\/wp-json\/wp\/v2\/media\/426734"}],"wp:attachment":[{"href":"https:\/\/www.europesays.com\/fr\/wp-json\/wp\/v2\/media?parent=426733"}],"wp:term":[{"taxonomy":"category","embeddable":true,"href":"https:\/\/www.europesays.com\/fr\/wp-json\/wp\/v2\/categories?post=426733"},{"taxonomy":"post_tag","embeddable":true,"href":"https:\/\/www.europesays.com\/fr\/wp-json\/wp\/v2\/tags?post=426733"}],"curies":[{"name":"wp","href":"https:\/\/api.w.org\/{rel}","templated":true}]}}