{"id":426735,"date":"2025-09-29T18:37:14","date_gmt":"2025-09-29T18:37:14","guid":{"rendered":"https:\/\/www.europesays.com\/fr\/426735\/"},"modified":"2025-09-29T18:37:14","modified_gmt":"2025-09-29T18:37:14","slug":"la-jeune-garde-lance-la-fashion-week-de-paris","status":"publish","type":"post","link":"https:\/\/www.europesays.com\/fr\/426735\/","title":{"rendered":"la jeune garde lance la Fashion Week de Paris"},"content":{"rendered":"<p class=\"mb-4 text-lg md:leading-8 break-words\">Les jeunes griffes Weinsanto, Julie Kegels et Hodakova ont donn\u00e9 lundi le coup d&rsquo;envoi de la Fashion Week de Paris, pr\u00e9lude d&rsquo;une \u00e9dition d\u00e9cisive, marqu\u00e9e par les d\u00e9buts de nombreux cr\u00e9ateurs.<\/p>\n<p class=\"mb-4 text-lg md:leading-8 break-words\">L&rsquo;Alsacien Victor Weinsanto a ouvert le bal \u00e0 la mi-journ\u00e9e, avec une collection revisitant les grandes heures de Versailles, en hommage aux figures du XVIIe et XVIIIe si\u00e8cles, de Madame de Pompadour \u00e0 Madame du Barry, incarn\u00e9es notamment par la drag queen Nicky Doll.<\/p>\n<p class=\"mb-4 text-lg md:leading-8 break-words\">\u00ab\u00a0Je voulais parler des favorites, de l&rsquo;histoire de ces femmes qui ont r\u00e9ussi \u00e0 avoir plus de pouvoir que la reine \u00e0 travers leur personnalit\u00e9, leur charisme, leur beaut\u00e9\u00a0\u00bb, a confi\u00e9 le trentenaire \u00e0 l&rsquo;AFP.<\/p>\n<p class=\"mb-4 text-lg md:leading-8 break-words\">En r\u00e9sulte un vestiaire tr\u00e8s fleuri, o\u00f9 la rigidit\u00e9 des crinolines et des corsets se m\u00eale habilement des manteaux et pantalons contemporains.<\/p>\n<p class=\"mb-4 text-lg md:leading-8 break-words\">Sous les structures m\u00e9talliques du m\u00e9tro a\u00e9rien, la Belge Julie Kegels a sign\u00e9 son bapt\u00eame au calendrier officiel avec une collection a\u00e9rienne, entre voiles transparents, reflets satin\u00e9s et scintillements d\u00e9licats, le tout dans des tons pastels.<\/p>\n<p class=\"mb-4 text-lg md:leading-8 break-words\">Autre ambiance chez Ellen Hodakova Larsson, qui a choisi de pr\u00e9senter sa nouvelle collection au sein du Mus\u00e9e Bourdelle. Chez la Su\u00e9doise, reine de l&rsquo;upcycling, des draps blancs brod\u00e9s et fermetures \u00e9clair se transforment en robe, des sacs \u00e0 main en cuir en brassi\u00e8res, des livres en volants ou en col de robes.<\/p>\n<p class=\"mb-4 text-lg md:leading-8 break-words\">Saint Laurent cl\u00f4turera cette premi\u00e8re journ\u00e9e au pied de la Fontaine du Trocad\u00e9ro, avant un show de l&rsquo;Or\u00e9al Paris sur le parvis de l&rsquo;H\u00f4tel de Ville, gratuit et ouvert au public sur inscription.stras<\/p>\n<p class=\"mb-4 text-lg md:leading-8 break-words\">Des ambassadrices de la marque, dont les actrices Eva Longoria, Jane Fonda et Viola Davis, y sont attendues.<\/p>\n<p class=\"mb-4 text-lg md:leading-8 break-words\">Apr\u00e8s New York, Londres et Milan, plus de 110 marques vont d\u00e9voiler jusqu&rsquo;au 7 octobre leur collection pr\u00eat-\u00e0-porter printemps-\u00e9t\u00e9 2026 \u00e0 travers 76 d\u00e9fil\u00e9s et 37 pr\u00e9sentations.<\/p>\n<p class=\"mb-4 text-lg md:leading-8 break-words\">Cette saison parisienne refl\u00e8te un mercato in\u00e9dit de directeurs artistiques, signe d&rsquo;une dynamique de renouvellement sans pr\u00e9c\u00e9dent. Le secteur du luxe, confront\u00e9 \u00e0 un contexte \u00e9conomique moins favorable, mise sur ces changements pour se r\u00e9inventer et relancer sa croissance.<\/p>\n<p class=\"mb-4 text-lg md:leading-8 break-words\">\u00ab\u00a0On peut parler d&rsquo;une Fashion Week historique\u00a0\u00bb, estime Claire Thomson-Jonville, directrice \u00e9ditoriale de Vogue France.<\/p>\n<p class=\"mb-4 text-lg md:leading-8 break-words\">Le premier d\u00e9fil\u00e9 de Matthieu Blazy chez Chanel, le 6 octobre, constitue le moment le plus attendu. Le Franco-Belge de 41 ans, d\u00e9bauch\u00e9 de Bottega Veneta, a pour mission de tourner la page Karl Lagerfeld et de maintenir l&rsquo;\u00e9quilibre d\u00e9licat qui fait la singularit\u00e9 de la griffe.<\/p>\n<p class=\"mb-4 text-lg md:leading-8 break-words\">Autre \u00e9v\u00e9nement majeur: Jonathan Anderson pr\u00e9sentera le 1er octobre sa premi\u00e8re collection femme pour Dior apr\u00e8s une ligne homme remarqu\u00e9e en juin.<\/p>\n<p class=\"mb-4 text-lg md:leading-8 break-words\">Les regards se tourneront \u00e9galement vers Pierpaolo Piccioli \u00e0 la t\u00eate de Balenciaga, succ\u00e9dant \u00e0 Demna, et vers Duran Lantink chez Jean Paul Gaultier, devenu le premier directeur artistique permanent depuis le d\u00e9part \u00e0 la retraite de son fondateur en 2020.<\/p>\n<p class=\"mb-4 text-lg md:leading-8 break-words\">mdv\/jlo\/dsa<\/p>\n","protected":false},"excerpt":{"rendered":"Les jeunes griffes Weinsanto, Julie Kegels et Hodakova ont donn\u00e9 lundi le coup d&rsquo;envoi de la Fashion Week&hellip;\n","protected":false},"author":2,"featured_media":426736,"comment_status":"","ping_status":"","sticky":false,"template":"","format":"standard","meta":{"footnotes":""},"categories":[1888],"tags":[1111,1928,11,1927,55545,1777,674,1011,27,55466,21045,55544,55546,12,1926,626,1925,25,55468],"class_list":{"0":"post-426735","1":"post","2":"type-post","3":"status-publish","4":"format-standard","5":"has-post-thumbnail","7":"category-paris","8":"tag-actu","9":"tag-actu-paris","10":"tag-actualites","11":"tag-actualites-paris","12":"tag-coco-rocha","13":"tag-eu","14":"tag-europe","15":"tag-fr","16":"tag-france","17":"tag-julie-kegels","18":"tag-la-fashion-week","19":"tag-madame-de-pompadour","20":"tag-madame-du-barry","21":"tag-news","22":"tag-news-paris","23":"tag-paris","24":"tag-paris-news","25":"tag-republique-francaise","26":"tag-weinsanto"},"share_on_mastodon":{"url":"https:\/\/pubeurope.com\/@fr\/115289040067917098","error":""},"_links":{"self":[{"href":"https:\/\/www.europesays.com\/fr\/wp-json\/wp\/v2\/posts\/426735","targetHints":{"allow":["GET"]}}],"collection":[{"href":"https:\/\/www.europesays.com\/fr\/wp-json\/wp\/v2\/posts"}],"about":[{"href":"https:\/\/www.europesays.com\/fr\/wp-json\/wp\/v2\/types\/post"}],"author":[{"embeddable":true,"href":"https:\/\/www.europesays.com\/fr\/wp-json\/wp\/v2\/users\/2"}],"replies":[{"embeddable":true,"href":"https:\/\/www.europesays.com\/fr\/wp-json\/wp\/v2\/comments?post=426735"}],"version-history":[{"count":0,"href":"https:\/\/www.europesays.com\/fr\/wp-json\/wp\/v2\/posts\/426735\/revisions"}],"wp:featuredmedia":[{"embeddable":true,"href":"https:\/\/www.europesays.com\/fr\/wp-json\/wp\/v2\/media\/426736"}],"wp:attachment":[{"href":"https:\/\/www.europesays.com\/fr\/wp-json\/wp\/v2\/media?parent=426735"}],"wp:term":[{"taxonomy":"category","embeddable":true,"href":"https:\/\/www.europesays.com\/fr\/wp-json\/wp\/v2\/categories?post=426735"},{"taxonomy":"post_tag","embeddable":true,"href":"https:\/\/www.europesays.com\/fr\/wp-json\/wp\/v2\/tags?post=426735"}],"curies":[{"name":"wp","href":"https:\/\/api.w.org\/{rel}","templated":true}]}}