{"id":426737,"date":"2025-09-29T18:38:09","date_gmt":"2025-09-29T18:38:09","guid":{"rendered":"https:\/\/www.europesays.com\/fr\/426737\/"},"modified":"2025-09-29T18:38:09","modified_gmt":"2025-09-29T18:38:09","slug":"harry-styles-sinvite-malgre-lui-dans-la-campagne-de-rachida-dati-a-paris","status":"publish","type":"post","link":"https:\/\/www.europesays.com\/fr\/426737\/","title":{"rendered":"Harry Styles s&rsquo;invite (malgr\u00e9 lui) dans la campagne de Rachida Dati \u00e0 Paris"},"content":{"rendered":"<p>            Par<br \/>\n        <strong><br \/>\n            <a href=\"https:\/\/actu.fr\/auteur\/dorinegoth\" title=\"Consulter tous les articles de Dorine Goth\" target=\"_blank\" rel=\"noopener\">Dorine Goth<\/a><br \/>\n        <\/strong><\/p>\n<p>        Publi\u00e9 le<\/p>\n<p>            29 sept. 2025 \u00e0 19h39<br \/>\n        ; mis \u00e0 jour le 29 sept. 2025 \u00e0 19h44    <\/p>\n<p>Il pensait profiter d\u2019un dimanche matin ensoleill\u00e9 incognito. C\u2019\u00e9tait sans compter sur Changer Paris, soutien de <strong><a href=\"https:\/\/actu.fr\/tag\/rachida-dati\" target=\"_blank\" rel=\"noopener\">Rachida Dati<\/a><\/strong> pour les \u00e9lections <a href=\"https:\/\/actu.fr\/politique\/elections-municipales\" target=\"_blank\" rel=\"noopener\">municipales 2026<\/a> dans la capitale. Dimanche 28\u00a0septembre 2025, le <strong>chanteur <a href=\"https:\/\/actu.fr\/ile-de-france\/saint-denis_93066\/le-chanteur-harry-styles-annonce-un-concert-unique-au-stade-de-france_53395009.html\" target=\"_blank\" rel=\"noopener\">Harry Styles<\/a><\/strong> s\u2019est retrouv\u00e9 photographi\u00e9 aux c\u00f4t\u00e9s d\u2019un certain Didier, dirigeant d\u2019entreprise dans la Tech et qui tractait pour la premi\u00e8re fois ce week-end pour les municipales 2026, dans le 16e arrondissement de Paris.<\/p>\n<p>Star tract\u00e9e<\/p>\n<p class=\" wall-content\">L\u2019ancien membre des One Direction se balade lunettes de soleil sur le nez, \u00e9couteurs dans les oreilles et cure-dent \u00e0 la bouche. Le regard, r\u00e9ticent, est lanc\u00e9 en direction du photographe. Le clich\u00e9 a \u00e9t\u00e9 pris sur la tr\u00e8s chic <a href=\"https:\/\/actu.fr\/ile-de-france\/paris_75056\/cette-rue-de-paris-semble-des-plus-classiques-avant-de-se-terminer-de-maniere-insolite_55800546.html\" target=\"_blank\" rel=\"noopener\">place de Passy<\/a>. \u00ab\u2009Saurez-vous reconna\u00eetre cette star internationale \u00ab\u2009tract\u00e9e\u2009\u00bb ce dimanche matin \u00e0 Passy\u2009?\u2009\u00bb, s\u2019est amus\u00e9 David Alphand, \u00e9lu \u00e0 la mairie du 16e arrondissement et co-pr\u00e9sident du groupe Changer Paris. \u00ab\u2009Le cross over inattendu\u2009!\u2009\u00bb, a r\u00e9agi une internaute sur X.<\/p>\n<p class=\" wall-content\">\n<p class=\" wall-content\">\n<p class=\" wall-content\">Le 26\u00a0septembre, le chanteur du it As it was \u00e0 qui on pr\u00eate une relation avec l\u2019actrice Zo\u00eb Kravitz \u00e9tait photographi\u00e9 en compagnie de cette derni\u00e8re dans les rues de la capitale. La capitale accueille depuis quelques jours un parterre de stars alors que la <a href=\"https:\/\/actu.fr\/tag\/fashion-week\" target=\"_blank\" rel=\"noopener\">fashion week<\/a> printemps \u00e9t\u00e9 2026 d\u00e9bute ce lundi 29 septembre.\u00a0<\/p>\n<p class=\" wall-content\">Personnalisez votre actualit\u00e9 en ajoutant vos villes et m\u00e9dias en favori avec <a href=\"https:\/\/moncompte.actu.fr\" title=\"D\u00e9couvez Mon Actu\" rel=\"nofollow noopener\" data-trk=\"{&quot;cta&quot;:{&quot;action&quot;:&quot;https:\\\/\\\/moncompte.actu.fr&quot;,&quot;category&quot;:&quot;mon compte&quot;,&quot;from&quot;:&quot;article footer&quot;,&quot;name&quot;:&quot;Mon actu&quot;,&quot;type&quot;:&quot;cta&quot;}}\" target=\"_blank\">Mon Actu<\/a>.<\/p>\n","protected":false},"excerpt":{"rendered":"Par Dorine Goth Publi\u00e9 le 29 sept. 2025 \u00e0 19h39 ; mis \u00e0 jour le 29 sept. 2025&hellip;\n","protected":false},"author":2,"featured_media":426738,"comment_status":"","ping_status":"","sticky":false,"template":"","format":"standard","meta":{"footnotes":""},"categories":[1888],"tags":[11,4188,1777,674,992,1011,27,3434,12,626,316,417,25],"class_list":{"0":"post-426737","1":"post","2":"type-post","3":"status-publish","4":"format-standard","5":"has-post-thumbnail","7":"category-paris","8":"tag-actualites","9":"tag-elections-municipales","10":"tag-eu","11":"tag-europe","12":"tag-fashion-week","13":"tag-fr","14":"tag-france","15":"tag-municipales-2026","16":"tag-news","17":"tag-paris","18":"tag-politique","19":"tag-rachida-dati","20":"tag-republique-francaise"},"share_on_mastodon":{"url":"https:\/\/pubeurope.com\/@fr\/115289044044580417","error":""},"_links":{"self":[{"href":"https:\/\/www.europesays.com\/fr\/wp-json\/wp\/v2\/posts\/426737","targetHints":{"allow":["GET"]}}],"collection":[{"href":"https:\/\/www.europesays.com\/fr\/wp-json\/wp\/v2\/posts"}],"about":[{"href":"https:\/\/www.europesays.com\/fr\/wp-json\/wp\/v2\/types\/post"}],"author":[{"embeddable":true,"href":"https:\/\/www.europesays.com\/fr\/wp-json\/wp\/v2\/users\/2"}],"replies":[{"embeddable":true,"href":"https:\/\/www.europesays.com\/fr\/wp-json\/wp\/v2\/comments?post=426737"}],"version-history":[{"count":0,"href":"https:\/\/www.europesays.com\/fr\/wp-json\/wp\/v2\/posts\/426737\/revisions"}],"wp:featuredmedia":[{"embeddable":true,"href":"https:\/\/www.europesays.com\/fr\/wp-json\/wp\/v2\/media\/426738"}],"wp:attachment":[{"href":"https:\/\/www.europesays.com\/fr\/wp-json\/wp\/v2\/media?parent=426737"}],"wp:term":[{"taxonomy":"category","embeddable":true,"href":"https:\/\/www.europesays.com\/fr\/wp-json\/wp\/v2\/categories?post=426737"},{"taxonomy":"post_tag","embeddable":true,"href":"https:\/\/www.europesays.com\/fr\/wp-json\/wp\/v2\/tags?post=426737"}],"curies":[{"name":"wp","href":"https:\/\/api.w.org\/{rel}","templated":true}]}}