{"id":426743,"date":"2025-09-29T18:41:11","date_gmt":"2025-09-29T18:41:11","guid":{"rendered":"https:\/\/www.europesays.com\/fr\/426743\/"},"modified":"2025-09-29T18:41:11","modified_gmt":"2025-09-29T18:41:11","slug":"leurope-se-rejouit-pour-la-moldavie-la-russie-recrute-des-jeunes-soldats","status":"publish","type":"post","link":"https:\/\/www.europesays.com\/fr\/426743\/","title":{"rendered":"L\u2019Europe se r\u00e9jouit pour la Moldavie, la Russie recrute des jeunes soldats"},"content":{"rendered":"<p>Vous avez rat\u00e9 les derniers \u00e9v\u00e9nements sur la <a href=\"https:\/\/www.20minutes.fr\/monde\/ukraine\/\" class=\"c-link c-link--is-underlined\" target=\"_blank\" rel=\"noopener\">guerre en Ukraine<\/a>\u00a0? 20 Minutes fait le point pour vous tous les soirs. Voici l\u2019essentiel de ce lundi 29\u00a0septembre, 1.314e jour du conflit.<\/p>\n<p>Le fait du jour<\/p>\n<p>Un succ\u00e8s pour l\u2019Union europ\u00e9enne face \u00e0 l\u2019h\u00e9g\u00e9monie russe. La victoire du camp pro-europ\u00e9en aux \u00e9lections l\u00e9gislatives en <a href=\"https:\/\/www.20minutes.fr\/dossier\/moldavie\" class=\"c-link c-link--is-underlined\" target=\"_blank\" rel=\"noopener\">Moldavie<\/a> la nuit derni\u00e8re envoie un \u00ab\u00a0message fort et clair\u00a0\u00bb, s\u2019est r\u00e9joui le pr\u00e9sident du Conseil europ\u00e9en Antonio Costa. \u00ab\u00a0Ils ont choisi la d\u00e9mocratie, la r\u00e9forme et un avenir europ\u00e9en, face \u00e0 la pression et \u00e0 l\u2019ing\u00e9rence de la Russie\u00a0\u00bb, a affirm\u00e9 Antonio Costa, pr\u00e9sident de cette institution qui rassemble les chefs d\u2019\u00c9tat et de gouvernement de l\u2019Union europ\u00e9enne. \u00ab\u00a0Aucune tentative de semer la peur ou la division n\u2019a pu briser votre d\u00e9termination\u00a0\u00bb, s&rsquo;est f\u00e9licit\u00e9e de son c\u00f4t\u00e9 la pr\u00e9sidente de la Commission europ\u00e9enne <a href=\"https:\/\/www.20minutes.fr\/politique\/ursula-von-der-leyen\/\" class=\"c-link c-link--is-underlined\" target=\"_blank\" rel=\"noopener\">Ursula von der Leyen<\/a> \u00e0 l\u2019adresse des Moldaves. \u00ab\u00a0Notre porte est ouverte et nous serons \u00e0 vos c\u00f4t\u00e9s \u00e0 chaque \u00e9tape du chemin\u00a0\u00bb, a-t-elle ajout\u00e9 sur X.<\/p>\n<p>La Moldavie est officiellement candidate \u00e0 rejoindre l\u2019UE, mais les n\u00e9gociations, qui se d\u00e9roulent en parall\u00e8le avec celles de l\u2019Ukraine, sont bloqu\u00e9es en raison d\u2019un veto de la <a href=\"https:\/\/www.20minutes.fr\/dossier\/hongrie\" class=\"c-link c-link--is-underlined\" target=\"_blank\" rel=\"noopener\">Hongrie<\/a>.<\/p>\n<p>Le parti pro-europ\u00e9en PAS de la pr\u00e9sidente Maia Sandu a remport\u00e9 avec un peu plus de 50\u00a0% des voix les l\u00e9gislatives de dimanche en Moldavie, marqu\u00e9es par les craintes d\u2019achats de voix et par une \u00ab\u00a0campagne de d\u00e9sinformation sans pr\u00e9c\u00e9dent\u00a0\u00bb men\u00e9e par la Russie, selon l\u2019Union europ\u00e9enne.<\/p>\n<p>Moscou a totalement d\u00e9menti ces all\u00e9gations, tandis que l\u2019opposition moldave, largement prorusse, a accus\u00e9 le PAS d\u2019avoir planifi\u00e9 une fraude.<\/p>\n<p>La d\u00e9claration du jour<\/p>\n<blockquote class=\"mx-m@xs mx-xxl@md color-ultramarine c-citation\">\n<p class=\"font-weight-regular@xs text-italic font-source-serif-pro text-l@xs c-citation__content\">\u00ab\u00a0La probabilit\u00e9 que la Russie veuille envoyer un message aux pays qui soutiennent l\u2019Ukraine est assez \u00e9lev\u00e9e\u00a0\u00bb<\/p>\n<\/blockquote>\n<p>La Russie est probablement \u00e0 l\u2019origine des r\u00e9cents vols de drones au-dessus de plusieurs a\u00e9roports scandinaves, intervenus \u00e0 quelques jours d\u2019un sommet europ\u00e9en \u00e0 Copenhague, a d\u00e9clar\u00e9 ce lundi le Premier ministre su\u00e9dois Ulf Kristersson.<\/p>\n<p>Des drones ont \u00e9t\u00e9 aper\u00e7us \u00e0 plusieurs reprises au Danemark et en Norv\u00e8ge depuis le 22\u00a0septembre, et ont provoqu\u00e9 de br\u00e8ves fermetures de plusieurs a\u00e9roports. \u00ab\u00a0Nous avons la confirmation\u00a0\u00bb que les drones qui ont p\u00e9n\u00e9tr\u00e9 dans l\u2019espace a\u00e9rien polonais au d\u00e9but du mois de septembre \u00e9taient russes, a rappel\u00e9 Ulf Kristersson.<\/p>\n<p>Concernant le Danemark et la Norv\u00e8ge, \u00ab\u00a0tout pointe vers (la Russie), mais tous les pays sont prudents lorsqu\u2019il s\u2019agit de pointer du doigt un pays s\u2019ils ne sont pas s\u00fbrs. En Pologne, nous savons qu\u2019il s\u2019agit bien de cela\u00a0\u00bb, a-t-il d\u00e9clar\u00e9. Des drones ont \u00e9galement \u00e9t\u00e9 observ\u00e9s au-dessus de sites militaires danois samedi soir, pour la deuxi\u00e8me journ\u00e9e cons\u00e9cutive.<\/p>\n<p>Copenhague doit accueillir un sommet de l\u2019Union europ\u00e9enne mercredi et jeudi.<\/p>\n<\/p>\n<p>Le chiffre du jour<\/p>\n<p>135.000. C\u2019est l\u2019objectif de recrutement de jeunes hommes \u00e2g\u00e9s de 18 \u00e0 30 ans fix\u00e9 par la nouvelle campagne de conscription militaire d\u2019automne en Russie, selon un d\u00e9cret sign\u00e9 lundi par le pr\u00e9sident Vladimir Poutine. Ces soldats devront \u00eatre recrut\u00e9s entre le 1er\u00a0octobre et le 31\u00a0d\u00e9cembre pour effectuer leur service militaire obligatoire, qui dure un an en Russie. Le pays organise chaque ann\u00e9e deux campagnes d\u2019enr\u00f4lement, l\u2019une au printemps et l\u2019autre \u00e0 l\u2019automne.<\/p>\n<p>Depuis le d\u00e9but de son attaque \u00e0 grande \u00e9chelle contre l\u2019Ukraine, en f\u00e9vrier\u00a02022, l\u2019arm\u00e9e russe assure que ces recrues ne sont pas d\u00e9ploy\u00e9es sur le champ de bataille contre les troupes ukrainiennes et effectuent des t\u00e2ches subalternes en Russie.<\/p>\n<p>La campagne de conscription militaire du printemps\u00a02025 avait eu pour objectif de recruter 160.000 hommes, et celle d\u2019automne\u00a02024, 133.000 hommes. Ces conscrits sont \u00e0 distinguer des plus de 300.000 r\u00e9servistes mobilis\u00e9s pour aller combattre en Ukraine \u00e0 partir de l\u2019automne\u00a02022 et qui, eux, avaient d\u00e9j\u00e0 effectu\u00e9 auparavant leur service militaire dans l\u2019arm\u00e9e russe.<\/p>\n<p>La tendance<\/p>\n<p>Des frappes en profondeur de l\u2019Ukraine contre la Russie avec des armes am\u00e9ricaines ne sont pas \u00e0 exclure, a affirm\u00e9 dimanche l\u2019\u00e9missaire am\u00e9ricain pour l\u2019Ukraine Keith Kellogg, sur la cha\u00eene Fox News. Interrog\u00e9 pour savoir si le pr\u00e9sident Donald Trump avait autoris\u00e9 l\u2019Ukraine \u00e0 utiliser des missiles longue port\u00e9e contre la Russie, Keith Kellogg a r\u00e9pondu\u00a0: \u00ab\u00a0en lisant ce que (Donald Trump) a dit, ce que le vice-pr\u00e9sident (JD) Vance a dit et ce que le secr\u00e9taire d\u2019\u00c9tat (Marco) Rubio a dit, la r\u00e9ponse est oui\u00a0\u00bb. \u00ab\u00a0Utilisez la capacit\u00e9 de frapper en profondeur. Il n\u2019existe pas de sanctuaires\u00a0\u00bb, a affirm\u00e9 Keith Kellogg.<\/p>\n<p><a href=\"https:\/\/www.20minutes.fr\/monde\/ukraine\/\" class=\"c-link c-btn c-btn--primary\" target=\"_blank\" rel=\"noopener\">Notre dossier sur la guerre en Ukraine<\/a><\/p>\n<p>Interrog\u00e9 sur la m\u00eame cha\u00eene, le vice-pr\u00e9sident JD Vance a indiqu\u00e9 que Washington envisageait aussi de vendre aux Europ\u00e9ens des missiles Tomahawk \u00e0 longue port\u00e9e pour les livrer \u00e0 l\u2019Ukraine. \u00ab\u00a0Comme le pr\u00e9sident (Trump) l\u2019a dit, nous y r\u00e9fl\u00e9chissons\u00a0\u00bb, a dit JD Vance, en pr\u00e9cisant que Washington examinait \u00ab\u00a0un certain nombre de demandes des Europ\u00e9ens\u00a0\u00bb. Le pr\u00e9sident prendra \u00ab\u00a0la d\u00e9cision finale\u00a0\u00bb dans \u00ab\u00a0l\u2019int\u00e9r\u00eat sup\u00e9rieur des \u00c9tats-Unis\u00a0\u00bb, a-t-il ajout\u00e9.<\/p>\n<p>La Russie a de son c\u00f4t\u00e9 minimis\u00e9 lundi ces d\u00e9clarations. \u00ab\u00a0Il n\u2019y a pas de panac\u00e9e capable de changer la situation sur le front pour le r\u00e9gime de Kiev. Il n\u2019y a pas d\u2019arme magique. Que ce soit les Tomahawks ou d\u2019autres missiles, ils ne peuvent rien changer\u00a0\u00bb, a r\u00e9agi le porte-parole du Kremlin, Dmitri Peskov, lors d\u2019un point de presse \u00e0 Moscou.<\/p>\n","protected":false},"excerpt":{"rendered":"Vous avez rat\u00e9 les derniers \u00e9v\u00e9nements sur la guerre en Ukraine\u00a0? 20 Minutes fait le point pour vous&hellip;\n","protected":false},"author":2,"featured_media":426744,"comment_status":"","ping_status":"","sticky":false,"template":"","format":"standard","meta":{"footnotes":""},"categories":[1590],"tags":[47,11,18787,16573,1777,674,131,4998,11095,74,12,132,220,2544,135,134,2744],"class_list":{"0":"post-426743","1":"post","2":"type-post","3":"status-publish","4":"format-standard","5":"has-post-thumbnail","7":"category-ukraine","8":"tag-actualite","9":"tag-actualites","10":"tag-conseil-europeen","11":"tag-copenhague","12":"tag-eu","13":"tag-europe","14":"tag-guerre-en-ukraine","15":"tag-kremlin","16":"tag-moldavie","17":"tag-monde","18":"tag-news","19":"tag-russie","20":"tag-ukraine","21":"tag-ursula-von-der-leyen","22":"tag-vladimir-poutine","23":"tag-volodymyr-zelensky","24":"tag-washington"},"share_on_mastodon":{"url":"https:\/\/pubeurope.com\/@fr\/115289055769499153","error":""},"_links":{"self":[{"href":"https:\/\/www.europesays.com\/fr\/wp-json\/wp\/v2\/posts\/426743","targetHints":{"allow":["GET"]}}],"collection":[{"href":"https:\/\/www.europesays.com\/fr\/wp-json\/wp\/v2\/posts"}],"about":[{"href":"https:\/\/www.europesays.com\/fr\/wp-json\/wp\/v2\/types\/post"}],"author":[{"embeddable":true,"href":"https:\/\/www.europesays.com\/fr\/wp-json\/wp\/v2\/users\/2"}],"replies":[{"embeddable":true,"href":"https:\/\/www.europesays.com\/fr\/wp-json\/wp\/v2\/comments?post=426743"}],"version-history":[{"count":0,"href":"https:\/\/www.europesays.com\/fr\/wp-json\/wp\/v2\/posts\/426743\/revisions"}],"wp:featuredmedia":[{"embeddable":true,"href":"https:\/\/www.europesays.com\/fr\/wp-json\/wp\/v2\/media\/426744"}],"wp:attachment":[{"href":"https:\/\/www.europesays.com\/fr\/wp-json\/wp\/v2\/media?parent=426743"}],"wp:term":[{"taxonomy":"category","embeddable":true,"href":"https:\/\/www.europesays.com\/fr\/wp-json\/wp\/v2\/categories?post=426743"},{"taxonomy":"post_tag","embeddable":true,"href":"https:\/\/www.europesays.com\/fr\/wp-json\/wp\/v2\/tags?post=426743"}],"curies":[{"name":"wp","href":"https:\/\/api.w.org\/{rel}","templated":true}]}}