{"id":426745,"date":"2025-09-29T18:42:10","date_gmt":"2025-09-29T18:42:10","guid":{"rendered":"https:\/\/www.europesays.com\/fr\/426745\/"},"modified":"2025-09-29T18:42:10","modified_gmt":"2025-09-29T18:42:10","slug":"les-etats-unis-sanctionnent-un-port-iranien-strategique-et-dont-dependent-les-importations-indiennes","status":"publish","type":"post","link":"https:\/\/www.europesays.com\/fr\/426745\/","title":{"rendered":"Les \u00c9tats-Unis sanctionnent un port iranien strat\u00e9gique et dont d\u00e9pendent les importations indiennes"},"content":{"rendered":"<p class=\"fig-paragraph\">Des sanctions am\u00e9ricaines contre le port iranien strat\u00e9gique de Chabahar, dont d\u00e9pend fortement l&rsquo;Inde, devaient entrer en vigueur lundi, dans le cadre du renforcement de la pression des\u00a0<a href=\"http:\/\/www.lefigaro.fr\/conjoncture\/faire-emerger-un-spacex-chinois-la-chine-defie-les-etats-unis-dans-le-spatial-et-accelere-sa-montee-en-puissance-20250929\" data-fig-type=\"Article\" data-gtm-custom-categorie=\"navigation\" data-gtm-custom-action=\"crossclick\" data-gtm-custom-label=\"Contextuel\" data-gtm-event=\"customEventSPE\" data-fig-domain=\"LEFIGARO\" rel=\"nofollow noopener\" target=\"_blank\">\u00c9tats-Unis<\/a>\u00a0sur T\u00e9h\u00e9ran. En vertu de la\u00a0<a href=\"http:\/\/www.lefigaro.fr\/flash-actu\/le-president-sud-coreen-n-a-pas-insulte-les-legislateurs-americains-soutient-la-presidence-20220923\" data-fig-type=\"NewsFlash\" data-gtm-custom-categorie=\"navigation\" data-gtm-custom-action=\"crossclick\" data-gtm-custom-label=\"Contextuel\" data-gtm-event=\"customEventSPE\" data-fig-domain=\"LEFIGARO\" rel=\"nofollow noopener\" target=\"_blank\">l\u00e9gislation am\u00e9ricaine<\/a>, les entreprises, y compris la soci\u00e9t\u00e9 publique India Ports Global Limited, disposeront d&rsquo;un d\u00e9lai de 45 jours pour se retirer de Chabahar, sous peine de voir leurs actifs bas\u00e9s aux \u00c9tats-Unis gel\u00e9s et leurs transactions avec les \u00c9tats-Unis interdites.<\/p>\n<p class=\"fig-paragraph\">Le 16 septembre, l&rsquo;administration Trump avait annonc\u00e9 r\u00e9voquer une exemption datant de 2018 qui permettait \u00e0 l&rsquo;Inde et d&rsquo;autres pays d&rsquo;utiliser ce port strat\u00e9gique sans encourir de sanctions am\u00e9ricaines impos\u00e9es \u00e0 l&rsquo;Iran. Dans un communiqu\u00e9, le d\u00e9partement d&rsquo;\u00c9tat avait pr\u00e9cis\u00e9 que cela prendrait effet le 29 septembre. \u00c0 l\u2019\u00e9poque, la dispense de sanctions avait \u00e9t\u00e9 motiv\u00e9e pour acheminer de l&rsquo;aide humanitaire \u00e0 l&rsquo;Afghanistan voisin et aider ce pays \u00e0 se reconstruire. Mais le d\u00e9partement d&rsquo;\u00c9tat consid\u00e8re d\u00e9sormais qu&rsquo;avec le retour des talibans au pouvoir en 2021, cette exemption n&rsquo;a plus sa raison d&rsquo;\u00eatre.<\/p>\n<p>                                    <a class=\"fig-a11y-skip a11y-hidden\" href=\"#fig-a11y-skip-main-inarticle\"><br \/>\n        Passer la publicit\u00e9<br \/>\n    <\/a><\/p>\n<p class=\"fig-paragraph\">Le porte-parole du minist\u00e8re indien des Affaires \u00e9trang\u00e8res, Randhir Jaiswal, avait alors r\u00e9pondu que Delhi examinait \u00ables implications de cette r\u00e9vocation pour l&rsquo;Inde\u00bb. L&rsquo;administration Trump accuse parall\u00e8lement l&rsquo;Inde de soutenir la \u00abmachine de guerre\u00bb russe en Ukraine en achetant du p\u00e9trole russe, et a augment\u00e9 les droits de douane sur les produits indiens en guise de sanction. Chabahar, situ\u00e9 dans le sud-est de l&rsquo;Iran et qui donne sur la mer d&rsquo;Oman, est le seul port en eau profonde d&rsquo;Iran et le port iranien le plus proche de l&rsquo;Inde. Delhi a investi massivement dans ce port, afin de concurrencer celui de Gwadar au Pakistan. Le port de Chabahar rev\u00eat ainsi une importance strat\u00e9gique tant pour l&rsquo;Iran que pour l&rsquo;Inde.<\/p>\n<p class=\"fig-paragraph\">Ces sanctions am\u00e9ricaines interviennent alors que les sanctions de l&rsquo;ONU contre l&rsquo;Iran ont \u00e9t\u00e9 r\u00e9tablies samedi soir, apr\u00e8s l&rsquo;\u00e9chec des n\u00e9gociations sur son programme nucl\u00e9aire avec les Occidentaux. Le Royaume-Uni, la France et l&rsquo;Allemagne, groupe de pays appel\u00e9s E3, ont d\u00e9clench\u00e9 fin ao\u00fbt le m\u00e9canisme du \u00absnapback\u00bb qui permettait dans un d\u00e9lai de 30 jours de r\u00e9tablir les sanctions lev\u00e9es en 2015 apr\u00e8s l&rsquo;accord sur le nucl\u00e9aire iranien. Les \u00c9tats-Unis, sous le premier mandat du pr\u00e9sident Donald Trump, ont d\u00e9cid\u00e9 en 2018 de s&rsquo;en retirer et de r\u00e9tablir leurs propres sanctions. De retour au pouvoir en janvier, le pr\u00e9sident am\u00e9ricain a r\u00e9tabli ce qu&rsquo;il qualifie de politique de \u00abpression maximale\u00bb visant \u00e0 isoler l&rsquo;Iran, accus\u00e9 d&rsquo;activit\u00e9s d\u00e9stabilisatrices dans le monde.<\/p>\n","protected":false},"excerpt":{"rendered":"Des sanctions am\u00e9ricaines contre le port iranien strat\u00e9gique de Chabahar, dont d\u00e9pend fortement l&rsquo;Inde, devaient entrer en vigueur&hellip;\n","protected":false},"author":2,"featured_media":426746,"comment_status":"","ping_status":"","sticky":false,"template":"","format":"standard","meta":{"footnotes":""},"categories":[1589],"tags":[11,73,1866,5595,3019,12,1864,1865,1863,308],"class_list":{"0":"post-426745","1":"post","2":"type-post","3":"status-publish","4":"format-standard","5":"has-post-thumbnail","7":"category-etats-unis","8":"tag-actualites","9":"tag-etats-unis","10":"tag-etats-unis-damerique","11":"tag-inde","12":"tag-iran","13":"tag-news","14":"tag-united-states","15":"tag-united-states-of-america","16":"tag-us","17":"tag-usa"},"share_on_mastodon":{"url":"https:\/\/pubeurope.com\/@fr\/115289059713909130","error":""},"_links":{"self":[{"href":"https:\/\/www.europesays.com\/fr\/wp-json\/wp\/v2\/posts\/426745","targetHints":{"allow":["GET"]}}],"collection":[{"href":"https:\/\/www.europesays.com\/fr\/wp-json\/wp\/v2\/posts"}],"about":[{"href":"https:\/\/www.europesays.com\/fr\/wp-json\/wp\/v2\/types\/post"}],"author":[{"embeddable":true,"href":"https:\/\/www.europesays.com\/fr\/wp-json\/wp\/v2\/users\/2"}],"replies":[{"embeddable":true,"href":"https:\/\/www.europesays.com\/fr\/wp-json\/wp\/v2\/comments?post=426745"}],"version-history":[{"count":0,"href":"https:\/\/www.europesays.com\/fr\/wp-json\/wp\/v2\/posts\/426745\/revisions"}],"wp:featuredmedia":[{"embeddable":true,"href":"https:\/\/www.europesays.com\/fr\/wp-json\/wp\/v2\/media\/426746"}],"wp:attachment":[{"href":"https:\/\/www.europesays.com\/fr\/wp-json\/wp\/v2\/media?parent=426745"}],"wp:term":[{"taxonomy":"category","embeddable":true,"href":"https:\/\/www.europesays.com\/fr\/wp-json\/wp\/v2\/categories?post=426745"},{"taxonomy":"post_tag","embeddable":true,"href":"https:\/\/www.europesays.com\/fr\/wp-json\/wp\/v2\/tags?post=426745"}],"curies":[{"name":"wp","href":"https:\/\/api.w.org\/{rel}","templated":true}]}}