{"id":426749,"date":"2025-09-29T18:44:12","date_gmt":"2025-09-29T18:44:12","guid":{"rendered":"https:\/\/www.europesays.com\/fr\/426749\/"},"modified":"2025-09-29T18:44:12","modified_gmt":"2025-09-29T18:44:12","slug":"le-point-de-vue-limpossible-reconnaissance-de-la-palestine-par-lallemagne","status":"publish","type":"post","link":"https:\/\/www.europesays.com\/fr\/426749\/","title":{"rendered":"Le point de vue. L\u2019impossible reconnaissance de la Palestine par l\u2019Allemagne\u00a0?"},"content":{"rendered":"<p>Si l\u2019Allemagne ne suit pas la dynamique enclench\u00e9e par<a href=\"https:\/\/www.ledauphine.com\/defense-guerre-conflit\/2025\/09\/22\/emmanuel-macron-annonce-que-la-france-reconnait-l-etat-de-palestine\" target=\"_blank\" rel=\"noopener\"> le pr\u00e9sident Emmanuel Macron<\/a>, c\u2019est en raison de la sp\u00e9cificit\u00e9 des relations qu\u2019elle a nou\u00e9es avec Isra\u00ebl au sortir de la Seconde Guerre mondiale.<br \/>D\u00e8s sa cr\u00e9ation en 1949, la R\u00e9publique f\u00e9d\u00e9rale d\u2019Allemagne (RFA) entretient en effet un rapport quasi ontologique \u00e0 l\u2019\u00c9tat h\u00e9breu. D\u2019abord, parce qu\u2019en tant qu\u2019h\u00e9riti\u00e8re juridique du Troisi\u00e8me Reich, la RFA assume le poids de l\u2019Holocauste qui l\u2019engage \u00e0 nouer un lien particulier avec les autorit\u00e9s isra\u00e9liennes. Ensuite, parce que le cheminement identitaire de la soci\u00e9t\u00e9 allemande se trouve intrins\u00e8quement li\u00e9 au regard port\u00e9 sur elle par les associations juives, et en particulier celles bas\u00e9es aux Etats-Unis. D\u2019ailleurs l\u2019administration am\u00e9ricaine, tr\u00e8s sensible au vote de cette diaspora, estime que l\u2019aptitude de la RFA \u00e0 d\u00e9fendre les int\u00e9r\u00eats isra\u00e9liens constituera un test\u00a0pour sa d\u00e9mocratie naissante. Le chancelier Konrad Adenauer (1949-1963) agit en cons\u00e9quence. Il comprend que l\u2019ancrage de son pays dans la famille occidentale d\u00e9pendra grandement d\u2019un accord sur les r\u00e9parations mat\u00e9rielles et morales r\u00e9clam\u00e9es par Tel-Aviv. De fait, le Trait\u00e9 de Luxembourg permet \u00e0 la RFA de revendiquer le \u00ab\u00a0droit de repr\u00e9senter seule la nation allemande\u00a0\u00bb (Alleinvertretungsrecht).<\/p>\n<p>La RFA reconna\u00eet la r\u00e9solution 242 des Nations Unies<\/p>\n<p>Autrement dit, le sujet isra\u00e9lien devient consubstantiel de l\u2019assise \u00e9tatique de la RFA dans le concert des nations, et ce en stricte opposition \u00e0 la sph\u00e8re sovi\u00e9tique. Avec l\u2019adoption de la rh\u00e9torique antifasciste de l\u2019URSS, la R\u00e9publique d\u00e9mocratique allemande (RDA) pr\u00e9tend, quant \u00e0 elle, se d\u00e9douaner de toute responsabilit\u00e9 dans la Shoah, et par cons\u00e9quent de toute obligation \u00e0 l\u2019endroit de Tel-Aviv. Ce qui conduit la RDA \u00e0 exploiter de bonnes relations avec le monde arabe pour fragiliser l\u2019expansion commerciale ouest-allemande au Proche-Orient. Apr\u00e8s moult crises li\u00e9es aux guerres isra\u00e9lo-arabes de 1967 et 1973, le chancelier Willy Brandt (1969-1974) s\u2019emploie \u00e0 une politique d\u2019\u00e9quilibre entre pragmatisme g\u00e9ostrat\u00e9gique et responsabilit\u00e9 morale. Certes, la RFA reconna\u00eet la r\u00e9solution 242 des Nations Unies qui exige le retrait d\u2019Isra\u00ebl des territoires occup\u00e9es. Certes encore, le gouvernement du chancelier Helmut Schmidt (1974-1982) soutient l\u2019autod\u00e9termination du peuple palestinien en s\u2019associant \u00e0 la d\u00e9claration europ\u00e9enne de Venise. Mais l\u2019\u00c9tat h\u00e9breu pose les limites de tout \u00e9change r\u00e9gional portant atteinte \u00e0 sa s\u00e9curit\u00e9, dont les exportations allemandes de mat\u00e9riels \u00e0 usage militaire vers l\u2019Arabie saoudite ou bien l\u2019Iran.<\/p>\n<p>\u00a0Helmut Kohl\u00a0\u00e0 la Knesset<\/p>\n<p>Force est de constater que la politique int\u00e9rieure de la RFA se singularise de celle de ses partenaires europ\u00e9ens. L\u2019accession au pouvoir d\u2019Helmut Kohl (1982-1998) atteste de la difficult\u00e9 \u00e0 faire \u00e9voluer les codes de conduite vis-vis d\u2019Isra\u00ebl. Tout en pr\u00f4nant le devoir de m\u00e9moire, le chancelier entend introduire le facteur g\u00e9n\u00e9rationnel comme nouvelle dynamique bilat\u00e9rale. Sa formule plus ou moins heureuse de \u00ab\u00a0gr\u00e2ce de la naissance tardive\u00a0\u00bb (Gnade der sp\u00e4ten Geburt) re\u00e7oit un accueil glacial en Isra\u00ebl tant elle reste synonyme d\u2019affranchissement moral. Premier chef de gouvernement allemand \u00e0 s\u2019exprimer \u00e0 la Knesset en 1984, Helmut Kohl \u00e9choue \u00e0 \u00e9largir le spectre des relations en butant de surcro\u00eet contre les critiques de son propre camp, traditionnellement acquis \u00e0 une politique de continuit\u00e9 avec Isra\u00ebl. Mais c\u2019est la fameuse querelle des historiens (Historikerstreit) qui secoue comme jamais les \u00e9lites allemandes, du monde acad\u00e9mique aux grandes figures intellectuelles. Le d\u00e9bat concerne la th\u00e8se de l\u2019universitaire Ernst Nolte relativisant les crimes sp\u00e9cifiques du r\u00e9gime nazi.<\/p>\n<p>L\u2019Allemagne devient-elle une puissance et une nation normales\u00a0?<\/p>\n<p>En 1986, la r\u00e9ponse largement m\u00e9diatis\u00e9e de J\u00fcrgen Habermas fait date. Le philosophe de l\u2019\u00c9cole de Francfort s\u2019insurge contre toute approche historiographique susceptible de banaliser l\u2019existence de la Shoah, et partant de nier son unicit\u00e9. Si le futur prix Nobel de litt\u00e9rature, G\u00fcnter Grass, se range \u00e0 ses c\u00f4t\u00e9s, l\u2019\u00e9crivain Martin Walser redonne, lui, du souffle \u00e0 la controverse. Une d\u00e9cennie plus tard, il dit son refus de vivre ind\u00e9finiment avec une \u00ab\u00a0massue morale au-dessus de la t\u00eate\u00a0\u00bb qui fossiliserait les rapports entre les deux pays. Distill\u00e9s apr\u00e8s l\u2019unification allemande de 1990, ces propos alimentent une question de fond\u00a0: en recouvrant sa pleine souverainet\u00e9, l\u2019Allemagne devient-elle une puissance et une nation normales\u00a0? De nouveau, la qualit\u00e9 du lien avec l\u2019\u00c9tat h\u00e9breu d\u00e9termine la r\u00e9ponse sous la grande ombre du pass\u00e9. En 2008 \u00e0 J\u00e9rusalem, la chanceli\u00e8re <a href=\"https:\/\/www.ledauphine.com\/p\/angela-merkel\" target=\"_blank\" rel=\"noopener\">Angela Merkel<\/a> (2005-2021), originaire de l\u2019ex-RDA, d\u00e9livre une allocution historique. Ovationn\u00e9e par les d\u00e9put\u00e9s de la Knesset, elle assure solennellement que la s\u00e9curit\u00e9 d\u2019Isra\u00ebl rel\u00e8ve de la \u00ab\u00a0raison d\u2019\u00c9tat\u00a0\u00bb allemande. Rien de moins. Depuis lors, aucun autre responsable politique n\u2019a trouv\u00e9 de formule aussi percutante.<\/p>\n<p>\u00a0\u00a0Le changement de pied de l\u2019Allemagne<\/p>\n<p>\u00a0Aujourd\u2019hui, la guerre men\u00e9e \u00e0 Gaza par <a href=\"https:\/\/www.ledauphine.com\/defense-guerre-conflit\/2025\/09\/26\/ca-paie-de-tuer-des-juifs-a-l-onu-netanyahou-denonce-la-reconnaissance-d-un-etat-palestinien\" target=\"_blank\" rel=\"noopener\">Benyamin Netanyahou<\/a> interroge pourtant le sens d\u2019une telle assertion. Car finalement, la RFA est-elle condamn\u00e9e \u00e0 ne pouvoir d\u00e9fendre les \u00ab\u00a0victimes des victimes\u00a0\u00bb\u00a0? Il est vrai que de nombreux acteurs de la sc\u00e8ne publique allemande adoptent un ton r\u00e9solument ferme pour d\u00e9noncer les exactions de Tsahal et que le gouvernement a annonc\u00e9 suspendre des exportations d\u2019armes \u00e0 destination d\u2019Isra\u00ebl. Mais l\u2019actuel chancelier <a href=\"https:\/\/www.ledauphine.com\/p\/friedrich-merz\" target=\"_blank\" rel=\"noopener\">Friedrich Merz<\/a>, issu de la CDU comme ses pr\u00e9d\u00e9cesseurs Kohl et Merkel, a d\u00fb r\u00e9pondre aux feux roulants de son parti et de son fid\u00e8le alli\u00e9, la CSU. Une relation singuli\u00e8re avec Isra\u00ebl pr\u00e9vaut toujours, d\u2019autant que le partenaire am\u00e9ricain se garde de reconna\u00eetre l\u2019\u00c9tat de Palestine. Parions que le changement de pied de l\u2019Allemagne viendra le plus surement, et le plus l\u00e9gitimement, de l\u2019\u00e9volution de la soci\u00e9t\u00e9 isra\u00e9lienne elle-m\u00eame. Une soci\u00e9t\u00e9 divis\u00e9e et soumise \u00e0 de fortes tensions face aux crimes de guerre de son propre gouvernement, d\u00e9nonc\u00e9s comme tels \u00e0 l\u2019int\u00e9rieur et \u00e0 l\u2019ext\u00e9rieur d\u2019Isra\u00ebl.<\/p>\n","protected":false},"excerpt":{"rendered":"Si l\u2019Allemagne ne suit pas la dynamique enclench\u00e9e par le pr\u00e9sident Emmanuel Macron, c\u2019est en raison de la&hellip;\n","protected":false},"author":2,"featured_media":426750,"comment_status":"","ping_status":"","sticky":false,"template":"","format":"standard","meta":{"footnotes":""},"categories":[1587],"tags":[11,672,1804,1805,1803,1777,674,107,329,1801,664,55547,12,3518,1802],"class_list":{"0":"post-426749","1":"post","2":"type-post","3":"status-publish","4":"format-standard","5":"has-post-thumbnail","7":"category-allemagne","8":"tag-actualites","9":"tag-allemagne","10":"tag-bundesrepublik-deutschland","11":"tag-de","12":"tag-deutschland","13":"tag-eu","14":"tag-europe","15":"tag-fil-info","16":"tag-france-monde","17":"tag-germany","18":"tag-israel","19":"tag-le-point-de-vue","20":"tag-news","21":"tag-palestine","22":"tag-republique-federale-dallemagne"},"share_on_mastodon":{"url":"https:\/\/pubeurope.com\/@fr\/115289067604255506","error":""},"_links":{"self":[{"href":"https:\/\/www.europesays.com\/fr\/wp-json\/wp\/v2\/posts\/426749","targetHints":{"allow":["GET"]}}],"collection":[{"href":"https:\/\/www.europesays.com\/fr\/wp-json\/wp\/v2\/posts"}],"about":[{"href":"https:\/\/www.europesays.com\/fr\/wp-json\/wp\/v2\/types\/post"}],"author":[{"embeddable":true,"href":"https:\/\/www.europesays.com\/fr\/wp-json\/wp\/v2\/users\/2"}],"replies":[{"embeddable":true,"href":"https:\/\/www.europesays.com\/fr\/wp-json\/wp\/v2\/comments?post=426749"}],"version-history":[{"count":0,"href":"https:\/\/www.europesays.com\/fr\/wp-json\/wp\/v2\/posts\/426749\/revisions"}],"wp:featuredmedia":[{"embeddable":true,"href":"https:\/\/www.europesays.com\/fr\/wp-json\/wp\/v2\/media\/426750"}],"wp:attachment":[{"href":"https:\/\/www.europesays.com\/fr\/wp-json\/wp\/v2\/media?parent=426749"}],"wp:term":[{"taxonomy":"category","embeddable":true,"href":"https:\/\/www.europesays.com\/fr\/wp-json\/wp\/v2\/categories?post=426749"},{"taxonomy":"post_tag","embeddable":true,"href":"https:\/\/www.europesays.com\/fr\/wp-json\/wp\/v2\/tags?post=426749"}],"curies":[{"name":"wp","href":"https:\/\/api.w.org\/{rel}","templated":true}]}}