{"id":426753,"date":"2025-09-29T18:46:12","date_gmt":"2025-09-29T18:46:12","guid":{"rendered":"https:\/\/www.europesays.com\/fr\/426753\/"},"modified":"2025-09-29T18:46:12","modified_gmt":"2025-09-29T18:46:12","slug":"jai-toujours-eu-de-laffection-pour-ce-club-et-pour-ce-public-qui-est-incroyable-steeve-blanc-mappaz-de-retour-au-rc-vannes-huit-ans-apres-pour-une-miss","status":"publish","type":"post","link":"https:\/\/www.europesays.com\/fr\/426753\/","title":{"rendered":"\u00ab\u00a0J\u2019ai toujours eu de l\u2019affection pour ce club et pour ce public qui est incroyable\u00a0\u00bb\u00a0: Steeve Blanc-Mappaz de retour au RC Vannes huit ans apr\u00e8s pour une mission express"},"content":{"rendered":"<p>Pro D2 (6e journ\u00e9e). US Dax &#8211; RC Vannes, jeudi (21\u00a0h)Vous avez \u00e9t\u00e9 recrut\u00e9 pour pallier la blessure de Gorrissen, sacr\u00e9 challenge.<\/p>\n<p>J\u2019arrive pour combler la blessure de Francisco. C\u2019est un tr\u00e8s grand joueur, je sais l\u2019importance qu\u2019il a ici au club. Mais \u00e7a, j\u2019essaie de ne pas trop y penser. Moi, j\u2019essaie de rester focalis\u00e9 sur moi. D\u00e9j\u00e0, de lancer ma saison parce que pour l\u2019instant, je n\u2019ai toujours pas fait de match. Et amener ma fougue, mon envie et mon exp\u00e9rience.<\/p>\n<p>Vous \u00e9tiez frustr\u00e9 de ne pas jouer\u00a0?<\/p>\n<p>Oui, il y a un peu de frustration. Apr\u00e8s, j\u2019ai \u00e9t\u00e9 un peu emb\u00eat\u00e9 sur la p\u00e9riode de pr\u00e9pa. Donc, \u00e7a a mis un peu de temps \u00e0 ce que je revienne avec le collectif \u00e0 Lyon. Mais, forc\u00e9ment, comme tout comp\u00e9titeur, quand tu ne joues pas, c\u2019est d\u00e9licat. Donc, tu ronges ton frein. Apr\u00e8s, il y a eu cette porte de sortie qui m\u2019a fait venir ici. Je prends les choses avec le sourire et avec envie. Il y a des hauts et des bas dans une carri\u00e8re. Il faut aussi \u00eatre capable de jongler avec.<\/p>\n<p>Comment avez-vous r\u00e9agi quand vous avez appris l\u2019int\u00e9r\u00eat du RCV\u00a0?<\/p>\n<p>Plusieurs fois, je me suis demand\u00e9 si je retournerais \u00e0 <a href=\"https:\/\/www.letelegramme.fr\/sports\/rugby\/rc-vannes\/\" target=\"_blank\" rel=\"nofollow noopener\">Vannes<\/a>. Mais dans le fond, je me disais que \u00e7a ne se ferait peut-\u00eatre jamais. Au final, \u00e7a s\u2019est pr\u00e9sent\u00e9. Je me dis que, des fois, la vie est bien faite. J\u2019ai pass\u00e9 qu\u2019une seule saison ici (2017-2018) et je me suis fait op\u00e9rer au milieu de la saison, donc, je n\u2019ai pas pu la terminer. C\u2019est un petit clin d\u2019\u0153il.<\/p>\n<p>Un d\u00e9part du LOU avait \u00e9t\u00e9 \u00e9voqu\u00e9 cet \u00e9t\u00e9 et vous aviez d\u00e9cid\u00e9 de rester\u00a0?<\/p>\n<p>Non, \u00e7a a \u00e9t\u00e9 tourn\u00e9 comme \u00e7a dans les m\u00e9dias. J\u2019ai eu une discussion avec Biarritz mais la proposition n\u2019\u00e9tait pas en ad\u00e9quation (avec ses attentes). Du coup, je n\u2019ai pas donn\u00e9 suite. Donc je suis rest\u00e9 \u00e0 Lyon.<\/p>\n<p>Le fait de conna\u00eetre le club, certains entra\u00eeneurs et joueurs, a pes\u00e9 dans votre d\u00e9cision\u00a0?<\/p>\n<p>C\u2019est vrai que je connais leur fa\u00e7on de voir le rugby. Et il y a encore des joueurs qui sont l\u00e0, m\u00eame huit ans apr\u00e8s, ce qui est rare maintenant dans le rugby professionnel. Je me suis rendu compte, sur les derniers jours, que \u00e7a m\u2019aide beaucoup parce que quand tu arrives dans un nouveau club, tu as besoin d\u2019informations pour \u00eatre performant.<\/p>\n<p><img decoding=\"async\" src=\"https:\/\/www.europesays.com\/fr\/wp-content\/uploads\/2025\/09\/68dad1f39fc57104110642e2.1.jpeg\" width=\"480\" height=\"300\" class=\"web_golden_m\" loading=\"lazy\" alt=\"Steeve Blanc-Mappaz sera l\u2019un des capitaines de touche, avec Simon Augry, en l\u2019absence de Francisco Gorrissen.\"\/>Steeve Blanc-Mappaz sera l\u2019un des capitaines de touche, avec Simon Augry, en l\u2019absence de Francisco Gorrissen. (Photo Lilian Gaubert)Les annonces en touche n\u2019ont pas trop chang\u00e9\u00a0?<\/p>\n<p>Non, il reste encore la base en breton. Donc \u00e7a, je l\u2019avais bien assimil\u00e9. Apr\u00e8s, peu importent les \u00e9quipes, \u00e7a change. Donc c\u2019est une gymnastique \u00e0 faire au niveau mental, de la m\u00e9moire. Il faut en bouffer un petit peu pour que \u00e7a soit un peu plus fluide.<\/p>\n<p>Vous avez pass\u00e9 qu\u2019une saison au RCV mais \u00e0 chaque fois que vous reveniez avec un autre club vous aviez eu le droit \u00e0 un accueil particulier\u00a0?<\/p>\n<p>Oui, c\u2019est vrai, \u00e7a m\u2019a toujours fait chaud au c\u0153ur, je l\u2019ai toujours dit. J\u2019ai toujours eu de l\u2019affection pour ce club et pour ce public qui est incroyable. Et comme je l\u2019ai dit, je ne pensais pas revenir un jour ici. \u00c7a me permettra peut-\u00eatre de boucler la boucle et de finir le travail que j\u2019avais commenc\u00e9 cette saison.<\/p>\n<p>Vous \u00eates pr\u00eat\u00e9 quelques mois seulement. Comment vous projetez-vous sur cette mission courte\u00a0?<\/p>\n<p>Pour l\u2019instant, je me projette sur les trois prochains mois. Et c\u2019est d\u2019\u00eatre performant tout de suite. Mon but, c\u2019est d\u2019amener une plus-value \u00e0 l\u2019\u00e9quipe, je pense qu\u2019on est venu me chercher pour \u00e7a. \u00catre pr\u00eat physiquement, je pense que je le suis. M\u00eame si je ne jouais pas, je m\u2019entra\u00eenais fort avec Lyon. C\u2019est peut-\u00eatre un one-shot, on ne sait pas ce qu\u2019il en sera apr\u00e8s. Mais en tout cas, croquer \u00e0 pleine dent la possibilit\u00e9 de jouer tout simplement.<\/p>\n","protected":false},"excerpt":{"rendered":"Pro D2 (6e journ\u00e9e). US Dax &#8211; RC Vannes, jeudi (21\u00a0h)Vous avez \u00e9t\u00e9 recrut\u00e9 pour pallier la blessure&hellip;\n","protected":false},"author":2,"featured_media":426754,"comment_status":"","ping_status":"","sticky":false,"template":"","format":"standard","meta":{"footnotes":""},"categories":[1586],"tags":[11,1777,674,1779,1011,27,12,2308,3164,3167,25,479,60,1778,364,3165],"class_list":{"0":"post-426753","1":"post","2":"type-post","3":"status-publish","4":"format-standard","5":"has-post-thumbnail","7":"category-europe","8":"tag-actualites","9":"tag-eu","10":"tag-europe","11":"tag-european-union","12":"tag-fr","13":"tag-france","14":"tag-news","15":"tag-pro-d2","16":"tag-rc-vannes","17":"tag-rcv","18":"tag-republique-francaise","19":"tag-rugby","20":"tag-sports","21":"tag-ue","22":"tag-union-europeenne","23":"tag-vannes"},"share_on_mastodon":{"url":"https:\/\/pubeurope.com\/@fr\/115289076281529007","error":""},"_links":{"self":[{"href":"https:\/\/www.europesays.com\/fr\/wp-json\/wp\/v2\/posts\/426753","targetHints":{"allow":["GET"]}}],"collection":[{"href":"https:\/\/www.europesays.com\/fr\/wp-json\/wp\/v2\/posts"}],"about":[{"href":"https:\/\/www.europesays.com\/fr\/wp-json\/wp\/v2\/types\/post"}],"author":[{"embeddable":true,"href":"https:\/\/www.europesays.com\/fr\/wp-json\/wp\/v2\/users\/2"}],"replies":[{"embeddable":true,"href":"https:\/\/www.europesays.com\/fr\/wp-json\/wp\/v2\/comments?post=426753"}],"version-history":[{"count":0,"href":"https:\/\/www.europesays.com\/fr\/wp-json\/wp\/v2\/posts\/426753\/revisions"}],"wp:featuredmedia":[{"embeddable":true,"href":"https:\/\/www.europesays.com\/fr\/wp-json\/wp\/v2\/media\/426754"}],"wp:attachment":[{"href":"https:\/\/www.europesays.com\/fr\/wp-json\/wp\/v2\/media?parent=426753"}],"wp:term":[{"taxonomy":"category","embeddable":true,"href":"https:\/\/www.europesays.com\/fr\/wp-json\/wp\/v2\/categories?post=426753"},{"taxonomy":"post_tag","embeddable":true,"href":"https:\/\/www.europesays.com\/fr\/wp-json\/wp\/v2\/tags?post=426753"}],"curies":[{"name":"wp","href":"https:\/\/api.w.org\/{rel}","templated":true}]}}