{"id":426759,"date":"2025-09-29T18:49:15","date_gmt":"2025-09-29T18:49:15","guid":{"rendered":"https:\/\/www.europesays.com\/fr\/426759\/"},"modified":"2025-09-29T18:49:15","modified_gmt":"2025-09-29T18:49:15","slug":"date-invite-ouverture-des-preventes-ce-quil-faut-savoir","status":"publish","type":"post","link":"https:\/\/www.europesays.com\/fr\/426759\/","title":{"rendered":"date, invit\u00e9, ouverture des pr\u00e9ventes&#8230; Ce qu&rsquo;il faut savoir"},"content":{"rendered":"<p class=\"article-p mdl\">David Guetta ne fait d\u00e9cid\u00e9ment pas les choses \u00e0 moiti\u00e9. L&rsquo;artiste de 57 ans, qui a annonc\u00e9 deux concerts \u00e9v\u00e9nements en 2026 au Stade de France, vient d&rsquo;ajouter une nouvelle date. Le DJ et producteur, connu pour ses tubes mondiaux, posera ses valises le jeudi 11 juin 2026<a class=\"link\" href=\"https:\/\/www.funradio.fr\/evenements\/david-guetta-en-concert-au-stade-de-france-combien-coutent-les-billets-7900542077\" title=\"David Guetta en concert au Stade de France : combien co\u00fbtent les billets ?\" target=\"_blank\" rel=\"noopener\"> (en plus du vendredi 12 et samedi 13)<\/a>\u00a0dans le plus grand stade fran\u00e7ais avec <strong>comme invit\u00e9 en premi\u00e8re partie Armin van Buuren<\/strong>.\u00a0<\/p>\n<p class=\"article-p mdl\">Une troisi\u00e8me date qui esp\u00e8re ravir les fans de l&rsquo;artiste, d\u00e9\u00e7us de ne pas avoir pu obtenir de place pour les pr\u00e9c\u00e9dents concerts annonc\u00e9s. Il faut dire que les billets se sont \u00e9coul\u00e9s en seulement quelques minutes. \u00ab\u00a0On a rempli deux stades en un rien de temps, et du coup j&rsquo;ai une grande annonce \u00e0 vous faire&#8230; On annonce un troisi\u00e8me jour, car je veux que tout le monde puisse venir. Il y avait \u00e9norm\u00e9ment de gens qui \u00e9taient en liste d&rsquo;attente et qui n&rsquo;ont pas pu obtenir leur billet.<strong> Il n&rsquo;y aura pas d&rsquo;autres dates<\/strong>. \u00c7a va \u00eatre une f\u00eate incroyable\u00a0\u00bb, a d\u00e9clar\u00e9 le DJ dans une vid\u00e9o post\u00e9e sur ses r\u00e9seaux sociaux avant d&rsquo;ajouter que <strong>les pr\u00e9ventes auront lieux mercredi \u00e0 9h et jeudi 10h pour tout le monde<\/strong>.\u00a0<\/p>\n<p class=\"article-p mdl\">Des concerts \u00e9v\u00e9nements, dans le cadre de sa tourn\u00e9e mondiale\u00a0The Ultimate Monolith Show, particuli\u00e8rement attendus par ses fans, impatients d&rsquo;y d\u00e9couvrent des surprises. Invit\u00e9s inattendus ? Nouveaux morceaux d\u00e9voil\u00e9s ? Nouvel album annonc\u00e9 ? Le myst\u00e8re reste entier. \u00ab\u00a0<a class=\"link\" href=\"https:\/\/www.funradio.fr\/evenements\/david-guetta-en-concert-au-stade-de-france-en-2026-date-ouverture-des-preventes-invite-ce-qu-il-faut-savoir-7900541307\" title=\"David Guetta en concert au Stade de France en 2026 : date, ouverture des pr\u00e9ventes, invit\u00e9... Ce qu&#039;il faut savoir\" target=\"_blank\" rel=\"noopener\">Il y aura des surprises, et des grands noms, mais je ne dirais pas qui pour le moment\u00a0\u00bb, avait-il expliqu\u00e9 au micro de Fun Radio<\/a>.\u00a0<\/p>\n<p>    La r\u00e9daction vous recommande<\/p>\n<p>\n                                    Lire la suite\n                                <\/p>\n","protected":false},"excerpt":{"rendered":"David Guetta ne fait d\u00e9cid\u00e9ment pas les choses \u00e0 moiti\u00e9. L&rsquo;artiste de 57 ans, qui a annonc\u00e9 deux&hellip;\n","protected":false},"author":2,"featured_media":426760,"comment_status":"","ping_status":"","sticky":false,"template":"","format":"standard","meta":{"footnotes":""},"categories":[4],"tags":[11,33298,1011,27,873,12,25],"class_list":{"0":"post-426759","1":"post","2":"type-post","3":"status-publish","4":"format-standard","5":"has-post-thumbnail","7":"category-france","8":"tag-actualites","9":"tag-david-guetta","10":"tag-fr","11":"tag-france","12":"tag-musique","13":"tag-news","14":"tag-republique-francaise"},"share_on_mastodon":{"url":"https:\/\/pubeurope.com\/@fr\/115289087202615163","error":""},"_links":{"self":[{"href":"https:\/\/www.europesays.com\/fr\/wp-json\/wp\/v2\/posts\/426759","targetHints":{"allow":["GET"]}}],"collection":[{"href":"https:\/\/www.europesays.com\/fr\/wp-json\/wp\/v2\/posts"}],"about":[{"href":"https:\/\/www.europesays.com\/fr\/wp-json\/wp\/v2\/types\/post"}],"author":[{"embeddable":true,"href":"https:\/\/www.europesays.com\/fr\/wp-json\/wp\/v2\/users\/2"}],"replies":[{"embeddable":true,"href":"https:\/\/www.europesays.com\/fr\/wp-json\/wp\/v2\/comments?post=426759"}],"version-history":[{"count":0,"href":"https:\/\/www.europesays.com\/fr\/wp-json\/wp\/v2\/posts\/426759\/revisions"}],"wp:featuredmedia":[{"embeddable":true,"href":"https:\/\/www.europesays.com\/fr\/wp-json\/wp\/v2\/media\/426760"}],"wp:attachment":[{"href":"https:\/\/www.europesays.com\/fr\/wp-json\/wp\/v2\/media?parent=426759"}],"wp:term":[{"taxonomy":"category","embeddable":true,"href":"https:\/\/www.europesays.com\/fr\/wp-json\/wp\/v2\/categories?post=426759"},{"taxonomy":"post_tag","embeddable":true,"href":"https:\/\/www.europesays.com\/fr\/wp-json\/wp\/v2\/tags?post=426759"}],"curies":[{"name":"wp","href":"https:\/\/api.w.org\/{rel}","templated":true}]}}