{"id":426766,"date":"2025-09-29T18:56:15","date_gmt":"2025-09-29T18:56:15","guid":{"rendered":"https:\/\/www.europesays.com\/fr\/426766\/"},"modified":"2025-09-29T18:56:15","modified_gmt":"2025-09-29T18:56:15","slug":"om-mercato-de-folie-le-vestiaire-valide","status":"publish","type":"post","link":"https:\/\/www.europesays.com\/fr\/426766\/","title":{"rendered":"OM : Mercato de folie, le vestiaire valide !"},"content":{"rendered":"<p>                    Hugo Chirossel<br \/>\n                        &#8211;<\/p>\n<p>Journaliste<\/p>\n<p>Passionn\u00e9 de football depuis le plus jeune \u00e2ge, devenir journaliste sportif est rapidement devenu une \u00e9vidence pour Hugo. Il se d\u00e9couvrira plus tard un amour pour la NBA, avant d\u2019explorer d\u2019autres horizons comme ceux de la Formule 1 et de la NFL.<\/p>\n<p class=\"heading\">Arriv\u00e9 en fin de mercato, lui qui a \u00e9t\u00e9 pr\u00eat\u00e9 par Brighton, Matt O\u2019Riley est revenu sur son adaptation express \u00e0 l\u2019OM. Tr\u00e8s bien accueilli par que ce soit par le staff ou le vestiaire, l\u2019international danois estime que tous les joueurs qui sont arriv\u00e9s cet \u00e9t\u00e9 \u00e0 Marseille sont talentueux, mais surtout des \u00ab bonnes personnes \u00bb, ce qui facilite l\u2019int\u00e9gration. <\/p>\n<p>Arriv\u00e9 dans les derniers jours du mercato avant de rejoindre sa s\u00e9lection nationale, <strong>Matt O\u2019Riley<\/strong> n\u2019a pas vraiment pu prendre le temps de s\u2019adapter \u00e0 l\u2019<a href=\"https:\/\/le10sport.com\/football\/ligue1\/om\/ils-sont-agressifs-de-zerbi-annonce-une-bagarre-a-lom-759611\" target=\"_blank\" rel=\"noopener\"><strong>OM<\/strong><\/a>. Pr\u00eat\u00e9 par <strong>Brighton<\/strong>, le milieu de terrain \u00e2g\u00e9 de 24 ans a \u00e9t\u00e9 titulaire lors de quasiment tous les matchs, mis \u00e0 part la r\u00e9ception de <strong>Lorient <\/strong>(4-0). <\/p>\n<p>                                            \u00ab Tout le monde a \u00e9t\u00e9 tr\u00e8s accueillant, le staff comme les joueurs \u00bb<\/p>\n<p>\u00ab \u00c7a se passe tr\u00e8s bien. Tout le monde a \u00e9t\u00e9 tr\u00e8s accueillant, le staff comme les joueurs \u00bb, a confi\u00e9 <strong>Matt O\u2019Riley<\/strong> ce lundi en conf\u00e9rence de presse \u00e0 propos de son adaptation. \u00ab C\u2019est un gros changement, dans un pays o\u00f9 la langue est diff\u00e9rente. C\u2019est l\u2019aspect le plus difficile. Mais le football reste universel : quand on joue, on n\u2019a pas vraiment besoin de parler. J\u2019apprends chaque jour et ce sera de plus en plus facile. \u00bb<\/p>\n<p>                                            \u00ab Quand on a des joueurs de qualit\u00e9 qui sont aussi de bonnes personnes, tout devient plus simple \u00bb<\/p>\n<p>Comme lui, d\u2019autres joueurs sont arriv\u00e9s en fin de mercato, \u00e0 l\u2019instar de <strong>Nayef Aguerd<\/strong>, <strong>Benjamin Pavard<\/strong> ou <strong>Emerson Palmieri<\/strong>, mais une certaine osmose semble d\u00e9j\u00e0 s\u2019\u00eatre install\u00e9e \u00e0 l\u2019<strong>OM<\/strong>. \u00ab C\u2019est sans doute l\u2019\u00e9l\u00e9ment le plus important : avoir une bonne relation entre le staff et les joueurs. Nous avons recrut\u00e9 beaucoup de nouveaux joueurs, tous talentueux, mais surtout de bonnes personnes. Et quand on a des joueurs de qualit\u00e9 qui sont aussi de bonnes personnes, tout devient plus simple \u00bb, estime <strong>Matt O\u2019Riley<\/strong>. \u00ab Cela cr\u00e9e une vraie connexion, sur le terrain comme en dehors. C\u2019est tr\u00e8s excitant. Certains noms sont prestigieux, mais ce qui compte, c\u2019est leur \u00e9tat d\u2019esprit. Avec \u00e7a, il est plus facile de performer ensemble. \u00bb<\/p>\n","protected":false},"excerpt":{"rendered":"Hugo Chirossel &#8211; Journaliste Passionn\u00e9 de football depuis le plus jeune \u00e2ge, devenir journaliste sportif est rapidement devenu&hellip;\n","protected":false},"author":2,"featured_media":426767,"comment_status":"","ping_status":"","sticky":false,"template":"","format":"standard","meta":{"footnotes":""},"categories":[1412],"tags":[1451,1452,1453,1454,1455,1011,27,60],"class_list":{"0":"post-426766","1":"post","2":"type-post","3":"status-publish","4":"format-standard","5":"has-post-thumbnail","7":"category-f1","8":"tag-f1","9":"tag-formula-1","10":"tag-formula1","11":"tag-formule-1","12":"tag-formule1","13":"tag-fr","14":"tag-france","15":"tag-sports"},"share_on_mastodon":{"url":"https:\/\/pubeurope.com\/@fr\/115289114850324100","error":""},"_links":{"self":[{"href":"https:\/\/www.europesays.com\/fr\/wp-json\/wp\/v2\/posts\/426766","targetHints":{"allow":["GET"]}}],"collection":[{"href":"https:\/\/www.europesays.com\/fr\/wp-json\/wp\/v2\/posts"}],"about":[{"href":"https:\/\/www.europesays.com\/fr\/wp-json\/wp\/v2\/types\/post"}],"author":[{"embeddable":true,"href":"https:\/\/www.europesays.com\/fr\/wp-json\/wp\/v2\/users\/2"}],"replies":[{"embeddable":true,"href":"https:\/\/www.europesays.com\/fr\/wp-json\/wp\/v2\/comments?post=426766"}],"version-history":[{"count":0,"href":"https:\/\/www.europesays.com\/fr\/wp-json\/wp\/v2\/posts\/426766\/revisions"}],"wp:featuredmedia":[{"embeddable":true,"href":"https:\/\/www.europesays.com\/fr\/wp-json\/wp\/v2\/media\/426767"}],"wp:attachment":[{"href":"https:\/\/www.europesays.com\/fr\/wp-json\/wp\/v2\/media?parent=426766"}],"wp:term":[{"taxonomy":"category","embeddable":true,"href":"https:\/\/www.europesays.com\/fr\/wp-json\/wp\/v2\/categories?post=426766"},{"taxonomy":"post_tag","embeddable":true,"href":"https:\/\/www.europesays.com\/fr\/wp-json\/wp\/v2\/tags?post=426766"}],"curies":[{"name":"wp","href":"https:\/\/api.w.org\/{rel}","templated":true}]}}