{"id":426770,"date":"2025-09-29T18:58:12","date_gmt":"2025-09-29T18:58:12","guid":{"rendered":"https:\/\/www.europesays.com\/fr\/426770\/"},"modified":"2025-09-29T18:58:12","modified_gmt":"2025-09-29T18:58:12","slug":"ol-mercato-lacazette-malheureux-en-arabie-saoudite","status":"publish","type":"post","link":"https:\/\/www.europesays.com\/fr\/426770\/","title":{"rendered":"OL Mercato\u00a0: Lacazette malheureux en Arabie saoudite\u00a0?"},"content":{"rendered":"<p><strong>Pass\u00e9 de l\u2019OL \u00e0 Neom cet \u00e9t\u00e9, Alexandre Lacazette est efficace en ce d\u00e9but de saison. Mais il broierait du noir en Arabie saoudite.<\/strong><\/p>\n<p>En fin de contrat \u00e0 l\u2019OL, Alexandre Lacazette s\u2019\u00e9tait engag\u00e9 avec Neom le 1er juillet dernier. \u00abDu berceau du patrimoine lyonnais \u00e0 la fronti\u00e8re du futur chez NEOM S.C. Le tireur d\u2019\u00e9lite Alexandre Lacazette est arriv\u00e9\u00bb, s\u2019\u00e9tait r\u00e9joui le club saoudien, promu parmi l\u2019\u00e9lite. Sous les ordres de Christophe Galtier, et aux c\u00f4t\u00e9s d\u2019un autre ancien lyonnais, Sa\u00efd Benrahma, Lacazette se montre efficace depuis son arriv\u00e9e \u00e0 Neom.<\/p>\n<p>Lacazette est pourtant performant sur le terrain<\/p>\n<p>L\u2019ex-capitaine de l\u2019OL affiche un bilan de 4 buts et 1 passe d\u00e9cisive en 5 apparitions toutes comp\u00e9titions confondues. Mais la vie en Arabie saoudite ne le comblerait pas vraiment \u00e0 en croire <a href=\"https:\/\/www.footmercato.net\/a6205391681224839679-neom-les-premiers-pas-fous-dalexandre-lacazette\" target=\"_blank\" rel=\"noopener\">Foot Mercato<\/a>, qui \u00e9crit\u00a0: \u00ab\u00a0le buteur de 34 ans n\u2019est pas totalement charm\u00e9 par la ville de Neom o\u00f9 il y a finalement peu de choses \u00e0 faire au quotidien nous ont avou\u00e9 certains proches du club saoudien\u00a0\u00bb. Sportivement, tout va pourtant pour le mieux puisque Neom actuellement 3e ex-aequo de SPL avec 9 points.<\/p>\n","protected":false},"excerpt":{"rendered":"Pass\u00e9 de l\u2019OL \u00e0 Neom cet \u00e9t\u00e9, Alexandre Lacazette est efficace en ce d\u00e9but de saison. Mais il&hellip;\n","protected":false},"author":2,"featured_media":426771,"comment_status":"","ping_status":"","sticky":false,"template":"","format":"standard","meta":{"footnotes":""},"categories":[1410],"tags":[11,448,63,1011,27,66,3388,12,60,10662],"class_list":{"0":"post-426770","1":"post","2":"type-post","3":"status-publish","4":"format-standard","5":"has-post-thumbnail","7":"category-football","8":"tag-actualites","9":"tag-champions-league","10":"tag-football","11":"tag-fr","12":"tag-france","13":"tag-ligue-1","14":"tag-matchs","15":"tag-news","16":"tag-sports","17":"tag-transferts"},"share_on_mastodon":{"url":"https:\/\/pubeurope.com\/@fr\/115289122680116514","error":""},"_links":{"self":[{"href":"https:\/\/www.europesays.com\/fr\/wp-json\/wp\/v2\/posts\/426770","targetHints":{"allow":["GET"]}}],"collection":[{"href":"https:\/\/www.europesays.com\/fr\/wp-json\/wp\/v2\/posts"}],"about":[{"href":"https:\/\/www.europesays.com\/fr\/wp-json\/wp\/v2\/types\/post"}],"author":[{"embeddable":true,"href":"https:\/\/www.europesays.com\/fr\/wp-json\/wp\/v2\/users\/2"}],"replies":[{"embeddable":true,"href":"https:\/\/www.europesays.com\/fr\/wp-json\/wp\/v2\/comments?post=426770"}],"version-history":[{"count":0,"href":"https:\/\/www.europesays.com\/fr\/wp-json\/wp\/v2\/posts\/426770\/revisions"}],"wp:featuredmedia":[{"embeddable":true,"href":"https:\/\/www.europesays.com\/fr\/wp-json\/wp\/v2\/media\/426771"}],"wp:attachment":[{"href":"https:\/\/www.europesays.com\/fr\/wp-json\/wp\/v2\/media?parent=426770"}],"wp:term":[{"taxonomy":"category","embeddable":true,"href":"https:\/\/www.europesays.com\/fr\/wp-json\/wp\/v2\/categories?post=426770"},{"taxonomy":"post_tag","embeddable":true,"href":"https:\/\/www.europesays.com\/fr\/wp-json\/wp\/v2\/tags?post=426770"}],"curies":[{"name":"wp","href":"https:\/\/api.w.org\/{rel}","templated":true}]}}