{"id":426774,"date":"2025-09-29T19:00:11","date_gmt":"2025-09-29T19:00:11","guid":{"rendered":"https:\/\/www.europesays.com\/fr\/426774\/"},"modified":"2025-09-29T19:00:11","modified_gmt":"2025-09-29T19:00:11","slug":"6-rue-bouvier-paris-11e-episode-1-5-du-podcast-gaelle-lauriot-prevost-la-maille-de-larchitecte","status":"publish","type":"post","link":"https:\/\/www.europesays.com\/fr\/426774\/","title":{"rendered":"6 rue Bouvier, Paris 11e : \u00e9pisode 1\/5 du podcast Ga\u00eblle Lauriot-Pr\u00e9vost, la maille de l&rsquo;architecte"},"content":{"rendered":"<p class=\"PopSlotParagraph qg-tx2 qg-xtra-lh svelte-1r0pyek\">Pour entrer dans l\u2019univers de Ga\u00eblle Lauriot-Pr\u00e9vost, le mieux est encore de l\u2019entendre parler de ses cr\u00e9ations diss\u00e9min\u00e9es dans l\u2019immense espace des bureaux de l\u2019agence d\u2019architecture Dominique Perrault. Elle parle de cet espace, et d\u00e9crit ses grands luminaires, les tapis en maille m\u00e9tallique (sa marque de fabrique), des lampes en tubes, des maquettes\u2026 et des grands pins qu\u2019elle a plant\u00e9s dans la cour.<\/p>\n<p class=\"PopSlotParagraph qg-tx2 qg-xtra-lh svelte-1r0pyek\">Dans la monographie parue chez Dilecta, elle \u00e9crit\u00a0: \u00ab\u00a0L\u2019int\u00e9rieur d\u2019architecture n\u2019est pas une discipline \u00e0 part, ni tout \u00e0 fait un art appliqu\u00e9. C\u2019est un territoire poreux, travers\u00e9 de gestes architecturaux, de r\u00e9flexes de designer, parfois de la fulgurance d\u2019une installation. Il est, avant tout, un espace de liens. Lien entre le vide et la mati\u00e8re, entre le flux et la forme, entre le regard et l\u2019usage. On y parle d\u2019ambiance, de fluidit\u00e9, de textures, mais sans jamais renoncer \u00e0 la structure. Il s\u2019agit moins d\u2019ajouter que d\u2019\u00e9couter. \u00c9couter le lieu, sa g\u00e9om\u00e9trie, ses silences, ses promesses. La d\u00e9coration, si elle advient, ne fait que souligner l\u2019\u00e9vidence, ou dispara\u00eetre dans l\u2019accord parfait.\u00a0\u00bb<\/p>\n<p> G\u00e9n\u00e9rique<\/p>\n<p class=\"PopSlotParagraph qg-tx2 qg-xtra-lh svelte-1r0pyek\"><strong>Une s\u00e9rie d\u2019entretiens propos\u00e9e par Caroline Brou\u00e9. R\u00e9alisation\u00a0: Anne Perez-Franchini. Prise de son\u00a0: Yvan Charbit. Charg\u00e9e de programmes\u00a0: Daphn\u00e9 Abgrall.<\/strong><\/p>\n<p> Bibliographie<\/p>\n<p class=\"PopSlotParagraph qg-tx2 qg-xtra-lh svelte-1r0pyek\">Coffret en deux volumes. La maille m\u00e9tallique. L\u2019histoire d\u2019un tissage. Ga\u00eblle Lauriot-Pr\u00e9vost et Dominique Perrault (Ed. Gallimard, 2025)<br \/>Ga\u00eblle Lauriot-Pr\u00e9vost. Int\u00e9rieurs d&rsquo;architecture.\u00a0Monographie. A para\u00eetre (Ed. Dilecta, novembre 2025)<br \/>La Biblioth\u00e8que nationale de France &#8211; Dominique Perrault. Portrait d&rsquo;un projet (1988-1998) dir. Fr\u00e9d\u00e9ric Migayrou (Ed. HYX, 2018)<br \/>Ga\u00eblle Lauriot-Pr\u00e9vost Design, Dominique Perrault Architectures de Mich\u00e8le Champenois (Ed. Norma, 2016)<\/p>\n<p class=\"PopSlotParagraph qg-tx2 qg-xtra-lh svelte-1r0pyek\">\uf04c\uf061\uf020\uf042\uf069\uf062\uf06c\uf069\uf06f\uf074\uf068\uf0e8\uf071\uf075\uf065\uf020\uf06e\uf061\uf074\uf069\uf06f\uf06e\uf061\uf06c\uf065\uf020\uf064\uf065\uf020\uf046\uf072\uf061\uf06e\uf063\uf065\uf020\uf02d\uf020\uf044\uf06f\uf06d\uf069\uf06e\uf069\uf071\uf075\uf065\uf020\uf050\uf065\uf072\uf072\uf061\uf075\uf06c\uf074\uf020 \uf050\uf06f\uf072\uf074\uf072\uf061\uf069\uf074\uf020\uf064\uf092\uf075\uf06e\uf020\uf070\uf072\uf06f\uf06a\uf065\uf074\uf020\uf031\uf039\uf038\uf038\uf02d\uf031\uf039\uf039\uf038\uf020<\/p>\n","protected":false},"excerpt":{"rendered":"Pour entrer dans l\u2019univers de Ga\u00eblle Lauriot-Pr\u00e9vost, le mieux est encore de l\u2019entendre parler de ses cr\u00e9ations diss\u00e9min\u00e9es&hellip;\n","protected":false},"author":2,"featured_media":426775,"comment_status":"","ping_status":"","sticky":false,"template":"","format":"standard","meta":{"footnotes":""},"categories":[1358],"tags":[1348,1384,1385,1386,58,59,1011,27],"class_list":{"0":"post-426774","1":"post","2":"type-post","3":"status-publish","4":"format-standard","5":"has-post-thumbnail","7":"category-arts-et-design","8":"tag-arts","9":"tag-arts-and-design","10":"tag-arts-et-design","11":"tag-design","12":"tag-divertissement","13":"tag-entertainment","14":"tag-fr","15":"tag-france"},"share_on_mastodon":{"url":"https:\/\/pubeurope.com\/@fr\/115289130507331421","error":""},"_links":{"self":[{"href":"https:\/\/www.europesays.com\/fr\/wp-json\/wp\/v2\/posts\/426774","targetHints":{"allow":["GET"]}}],"collection":[{"href":"https:\/\/www.europesays.com\/fr\/wp-json\/wp\/v2\/posts"}],"about":[{"href":"https:\/\/www.europesays.com\/fr\/wp-json\/wp\/v2\/types\/post"}],"author":[{"embeddable":true,"href":"https:\/\/www.europesays.com\/fr\/wp-json\/wp\/v2\/users\/2"}],"replies":[{"embeddable":true,"href":"https:\/\/www.europesays.com\/fr\/wp-json\/wp\/v2\/comments?post=426774"}],"version-history":[{"count":0,"href":"https:\/\/www.europesays.com\/fr\/wp-json\/wp\/v2\/posts\/426774\/revisions"}],"wp:featuredmedia":[{"embeddable":true,"href":"https:\/\/www.europesays.com\/fr\/wp-json\/wp\/v2\/media\/426775"}],"wp:attachment":[{"href":"https:\/\/www.europesays.com\/fr\/wp-json\/wp\/v2\/media?parent=426774"}],"wp:term":[{"taxonomy":"category","embeddable":true,"href":"https:\/\/www.europesays.com\/fr\/wp-json\/wp\/v2\/categories?post=426774"},{"taxonomy":"post_tag","embeddable":true,"href":"https:\/\/www.europesays.com\/fr\/wp-json\/wp\/v2\/tags?post=426774"}],"curies":[{"name":"wp","href":"https:\/\/api.w.org\/{rel}","templated":true}]}}