{"id":426776,"date":"2025-09-29T19:01:11","date_gmt":"2025-09-29T19:01:11","guid":{"rendered":"https:\/\/www.europesays.com\/fr\/426776\/"},"modified":"2025-09-29T19:01:11","modified_gmt":"2025-09-29T19:01:11","slug":"lancien-directeur-general-des-services-du-departement-au-salon-du-livre-de-vesoul","status":"publish","type":"post","link":"https:\/\/www.europesays.com\/fr\/426776\/","title":{"rendered":"L&rsquo;ancien directeur g\u00e9n\u00e9ral des services du D\u00e9partement au salon du livre de Vesoul"},"content":{"rendered":"<p melodystyle=\"texte\">La 9e \u00e9dition du salon du livre de Vesoul se d\u00e9roulera le samedi 11\u00a0octobre. Vingt-huit auteurs, illustrateurs ou \u00e9diteurs seront pr\u00e9sents. Parmi eux, Emmanuel Faivre, ancien directeur g\u00e9n\u00e9ral des services du Conseil d\u00e9partemental de la Haute-Sa\u00f4ne.<\/p>\n<p melodystyle=\"texte\">Emmanuel Faivre est docteur en g\u00e9ographie et en am\u00e9nagement du territoire de l&rsquo;universit\u00e9 de Franche-Comt\u00e9.<\/p>\n<p melodystyle=\"texte\">Ancien chercheur associe au laboratoire TheMA-UMR CNRS de Besan\u00e7on, il est d\u00e9sormais directeur g\u00e9n\u00e9ral des services du D\u00e9partement du Doubs.<\/p>\n<p melodystyle=\"texte\">Il a publi\u00e9 aux \u00e9ditions Atlante Ruralit\u00e9 : \u00ab\u00a0Stop ou encore\u00a0\u00bb, co-\u00e9crit avec Yves Krattinger et, en 2025, \u00ab\u00a0D\u00e9bloquer la France : Appel \u00e0 f\u00e9d\u00e9raliser les territoires\u00a0\u00bb.<\/p>\n","protected":false},"excerpt":{"rendered":"La 9e \u00e9dition du salon du livre de Vesoul se d\u00e9roulera le samedi 11\u00a0octobre. Vingt-huit auteurs, illustrateurs ou&hellip;\n","protected":false},"author":2,"featured_media":426777,"comment_status":"","ping_status":"","sticky":false,"template":"","format":"standard","meta":{"footnotes":""},"categories":[1357],"tags":[10720,47,1379,58,59,1011,27,4662,10718,1380,10719,3673],"class_list":{"0":"post-426776","1":"post","2":"type-post","3":"status-publish","4":"format-standard","5":"has-post-thumbnail","7":"category-livres","8":"tag-abonnement","9":"tag-actualite","10":"tag-books","11":"tag-divertissement","12":"tag-entertainment","13":"tag-fr","14":"tag-france","15":"tag-journal","16":"tag-la-presse-de-vesoul","17":"tag-livres","18":"tag-petites-annonces","19":"tag-vesoul"},"share_on_mastodon":{"url":"https:\/\/pubeurope.com\/@fr\/115289134756944522","error":""},"_links":{"self":[{"href":"https:\/\/www.europesays.com\/fr\/wp-json\/wp\/v2\/posts\/426776","targetHints":{"allow":["GET"]}}],"collection":[{"href":"https:\/\/www.europesays.com\/fr\/wp-json\/wp\/v2\/posts"}],"about":[{"href":"https:\/\/www.europesays.com\/fr\/wp-json\/wp\/v2\/types\/post"}],"author":[{"embeddable":true,"href":"https:\/\/www.europesays.com\/fr\/wp-json\/wp\/v2\/users\/2"}],"replies":[{"embeddable":true,"href":"https:\/\/www.europesays.com\/fr\/wp-json\/wp\/v2\/comments?post=426776"}],"version-history":[{"count":0,"href":"https:\/\/www.europesays.com\/fr\/wp-json\/wp\/v2\/posts\/426776\/revisions"}],"wp:featuredmedia":[{"embeddable":true,"href":"https:\/\/www.europesays.com\/fr\/wp-json\/wp\/v2\/media\/426777"}],"wp:attachment":[{"href":"https:\/\/www.europesays.com\/fr\/wp-json\/wp\/v2\/media?parent=426776"}],"wp:term":[{"taxonomy":"category","embeddable":true,"href":"https:\/\/www.europesays.com\/fr\/wp-json\/wp\/v2\/categories?post=426776"},{"taxonomy":"post_tag","embeddable":true,"href":"https:\/\/www.europesays.com\/fr\/wp-json\/wp\/v2\/tags?post=426776"}],"curies":[{"name":"wp","href":"https:\/\/api.w.org\/{rel}","templated":true}]}}