{"id":426793,"date":"2025-09-29T19:10:11","date_gmt":"2025-09-29T19:10:11","guid":{"rendered":"https:\/\/www.europesays.com\/fr\/426793\/"},"modified":"2025-09-29T19:10:11","modified_gmt":"2025-09-29T19:10:11","slug":"guerre-a-gaza-trump-envoie-son-plan-de-paix-aux-journalistes-avant-de-prendre-la-parole-avec-netanyahou-liberation","status":"publish","type":"post","link":"https:\/\/www.europesays.com\/fr\/426793\/","title":{"rendered":"Guerre \u00e0 Gaza : Trump envoie son plan de paix aux journalistes avant de prendre la parole avec N\u00e9tanyahou &#8211; Lib\u00e9ration"},"content":{"rendered":"<ol>\n<li><a href=\"https:\/\/news.google.com\/rss\/articles\/CBMi5AFBVV95cUxNQ1BhejBJdG1BXzFzTVY4a1h5VTFIWDhPV2xOMmVxdnE4TzBkdDJhOFMyclV6czhISXV0YU1hc2lLQ2JXbE5DUTJrQXRfa2RpZXBCVWRRbmpRd05iUWhaNVg1U0UzS3BGMWlVaS1qVS1ESlp2TXdTU3pRNEhPUk8zR1F6RW9SZ09kNGk1c1ZrZ0RfQU1ZbF9lZHE3dkxJVWVZRnFmM2QweWNHaEtlNWZmTnFkZTR2SU53aWNmZnEtNW56Vmh6QVdCckZWQzJVVDVPQXlBVkEtZWVyTzBGd3BaekN5OGg?oc=5\" target=\"_blank\" rel=\"noopener\">Guerre \u00e0 Gaza : Trump envoie son plan de paix aux journalistes avant de prendre la parole avec N\u00e9tanyahou<\/a>&nbsp;&nbsp;Lib\u00e9ration<\/li>\n<li><a href=\"https:\/\/news.google.com\/rss\/articles\/CBMinwFBVV95cUxQNGJwc3kxc1FMQjBhVkJkU0Y1TGZieF94b2EtRllBZ2xJX3dicktWTzVjUmt1Qk5MbmkyS0ZROUJJTTdfbGg1NzNKYWR0MjNZVHpTS1FRTU5xWGRPdjhkZTZtN0xOX3FYRWR2OE1IOFZCeGZLSVJoeWJCYzBqNjB2YlhxdzVzZ1hSZEM0VEEzQy1NSUdFREJxT01TaHlGSWM?oc=5\" target=\"_blank\" rel=\"noopener\">EN DIRECT &#8211; Proche-Orient : Benyamin Netanyahou annonce soutenir le plan de Donald Trump pour Gaza<\/a>&nbsp;&nbsp;Le Figaro<\/li>\n<li><a href=\"https:\/\/news.google.com\/rss\/articles\/CBMipwFBVV95cUxPdGcwcGZCeE84cDdCNUlNVUcxaGltNWxpRktJRExvMXN3dEg4ZmVHMTU1X0RmdEUxSmw2UEZEbWRnSXNtVzVUcDkyMkx1RDlvTTBJUWV0TERseW5iTU84WXh3eUIxUi1Yd25ocEZXX204OEx3NFMyandiaE1hRXdPNnNnREkwNlQ4SXJXS2pnZ1NSUmJlTDI0ek5qXzdDR0VfNGZ4SVV5QQ?oc=5\" target=\"_blank\" rel=\"noopener\">Trump annonce presque un accord de paix avec Netanyahou<\/a>&nbsp;&nbsp;Les Echos<\/li>\n<li><a href=\"https:\/\/news.google.com\/rss\/articles\/CBMiwAJBVV95cUxNbGlnRVZUNlFPS1RHTmZHNWxtUmdNYW1UOS1sRjJhVjhYRk5zYVJ4X3JaaE45ZVpMT1ZKdGFvSzhZdUdBcmVtU2FDaVNnUU9oQ3hjYXZPWUM1aGc2WmRGSXpudVdreHU3MFQzNjBZSVVzbDhzbmdseE1KYU14Y1JVNHI1X3NIM3NsbkxwSi1jeUdZc0Ezdkd4c2tncXduT0E2UEwzdEwwQ2pLejV3VXozVG93UXRLZUo2NTYyNW4xZjYzakV4VF9rWUM5Y3pncmtmdEZzWUZFZ0JHZVBSeC1XTHlFX3hTN2NSZWpodF9MSEJWaUlRTjE0a05mV01NenU3OXVYcWFNVFp1SnJITm5tcmJqTU51ODVyZkg4UlRzTGVvODZIejRzSVBmd3piZURDQjFmYk1wRlpUQzkxem1nbg?oc=5\" target=\"_blank\" rel=\"noopener\">EN DIRECT, Gaza : les Etats-Unis exhortent Isra\u00ebl et le Hamas \u00e0 faire \u00ab quelques concessions \u00bb, avant la rencontre entre Donald Trump et Benyamin N\u00e9tanyahou<\/a>&nbsp;&nbsp;Le Monde.fr<\/li>\n<li><a href=\"https:\/\/news.google.com\/rss\/articles\/CBMimwJBVV95cUxNSXVuU0xnbksyaXNGcC1ST1RBNEpoZEhvdFd1cjNqYTdCUnBveW9rUlJSOFRQQ0I2SDlNaEVVdlhBZHRSNlFiYjZfQmd3bXppejRnVVR2MFRBSVN4SllvRnRpN21FZHB1REx4cjktaWFTSmxSS3V5SldPRGJGZXZpU3hRYjVEdF9sc0Q4OXpDcjNmYlE2STRMeWQxaTlrOV9mWVYzRUkwNG9WUjMtaUdwZ1ZOSTdibUV6VUhjajFZVWlYYXprVTZHUkV6dmlJbFROanNsNnhMVlcwSzl2MUgtVnRLTEtaWGhRVE1PN3VOM0x1d0xCanBtR3Vzd05UV2JCVEYwZ0lnWkZvSlRrV0ZicnQ1cnpLTGMteDB3?oc=5\" target=\"_blank\" rel=\"noopener\">DIRECT. Donald Trump re\u00e7oit Benjamin Netanyahu \u00e0 la Maison Blanche: suivez la conf\u00e9rence de presse<\/a>&nbsp;&nbsp;BFMTV<\/li>\n<\/ol>\n","protected":false},"excerpt":{"rendered":"Guerre \u00e0 Gaza : Trump envoie son plan de paix aux journalistes avant de prendre la parole avec&hellip;\n","protected":false},"author":2,"featured_media":426794,"comment_status":"","ping_status":"","sticky":false,"template":"","format":"standard","meta":{"footnotes":""},"categories":[5],"tags":[11,952,75,1011,27,3517,3522,14,664,3523,12,28],"class_list":{"0":"post-426793","1":"post","2":"type-post","3":"status-publish","4":"format-standard","5":"has-post-thumbnail","7":"category-international","8":"tag-actualites","9":"tag-benyamin-netanyahou","10":"tag-donald-trump","11":"tag-fr","12":"tag-france","13":"tag-gaza-l-escalade","14":"tag-guerre-hamas-israel","15":"tag-international","16":"tag-israel","17":"tag-israel-palestine-conflit","18":"tag-news","19":"tag-world"},"share_on_mastodon":{"url":"https:\/\/pubeurope.com\/@fr\/115289169903822430","error":""},"_links":{"self":[{"href":"https:\/\/www.europesays.com\/fr\/wp-json\/wp\/v2\/posts\/426793","targetHints":{"allow":["GET"]}}],"collection":[{"href":"https:\/\/www.europesays.com\/fr\/wp-json\/wp\/v2\/posts"}],"about":[{"href":"https:\/\/www.europesays.com\/fr\/wp-json\/wp\/v2\/types\/post"}],"author":[{"embeddable":true,"href":"https:\/\/www.europesays.com\/fr\/wp-json\/wp\/v2\/users\/2"}],"replies":[{"embeddable":true,"href":"https:\/\/www.europesays.com\/fr\/wp-json\/wp\/v2\/comments?post=426793"}],"version-history":[{"count":0,"href":"https:\/\/www.europesays.com\/fr\/wp-json\/wp\/v2\/posts\/426793\/revisions"}],"wp:featuredmedia":[{"embeddable":true,"href":"https:\/\/www.europesays.com\/fr\/wp-json\/wp\/v2\/media\/426794"}],"wp:attachment":[{"href":"https:\/\/www.europesays.com\/fr\/wp-json\/wp\/v2\/media?parent=426793"}],"wp:term":[{"taxonomy":"category","embeddable":true,"href":"https:\/\/www.europesays.com\/fr\/wp-json\/wp\/v2\/categories?post=426793"},{"taxonomy":"post_tag","embeddable":true,"href":"https:\/\/www.europesays.com\/fr\/wp-json\/wp\/v2\/tags?post=426793"}],"curies":[{"name":"wp","href":"https:\/\/api.w.org\/{rel}","templated":true}]}}