{"id":426795,"date":"2025-09-29T19:11:11","date_gmt":"2025-09-29T19:11:11","guid":{"rendered":"https:\/\/www.europesays.com\/fr\/426795\/"},"modified":"2025-09-29T19:11:11","modified_gmt":"2025-09-29T19:11:11","slug":"a-son-proces-pechier-reconnait-un-patient-empoisonne-mais-par-un-autre-actualites","status":"publish","type":"post","link":"https:\/\/www.europesays.com\/fr\/426795\/","title":{"rendered":"A son proc\u00e8s, P\u00e9chier reconna\u00eet un patient empoisonn\u00e9&#8230; mais par un autre : Actualit\u00e9s"},"content":{"rendered":"<p class=\"lead \">L&rsquo;ex-anesth\u00e9siste Fr\u00e9d\u00e9ric P\u00e9chier a admis que la premi\u00e8re des 30 victimes qui lui sont imput\u00e9es avait bien \u00e9t\u00e9 empoisonn\u00e9e, tout en continuant \u00e0 nier en \u00eatre \u00e0 l&rsquo;origine, lundi devant la cour d&rsquo;assises du Doubs.<\/p>\n<p class=\"lead \">Au d\u00e9but de la quatri\u00e8me semaine de ce proc\u00e8s hors-normes, l&rsquo;ancien anesth\u00e9siste-star de Besan\u00e7on a \u00e9t\u00e9 interrog\u00e9 sur les deux premiers d\u00e9c\u00e8s qui lui sont reproch\u00e9s, en octobre 2008 \u00e0 la clinique Saint-Vincent.<\/p>\n<p class=\"lead \">L&rsquo;accusation le soup\u00e7onne d&rsquo;avoir pollu\u00e9 des poches de perfusion de patients avec des produits anesth\u00e9siques ou du potassium pour nuire \u00e0 ses coll\u00e8gues avec lesquels il \u00e9tait en conflit.<\/p>\n<p class=\"lead \">Damien Iehlen, 53 ans, est mort le 10 octobre 2008 \u00e0 la clinique Saint-Vincent de Besan\u00e7on o\u00f9 il \u00e9tait venu se faire op\u00e9rer d&rsquo;un rein. Son autopsie a permis de relever dans son sang un taux tr\u00e8s \u00e9lev\u00e9 de lidoca\u00efne, un anesth\u00e9sique local, \u00ab\u00a0cinq fois la dose l\u00e9tale\u00a0\u00bb.<\/p>\n<p class=\"lead \">Selon les experts, de la lidoca\u00efne avait \u00e9t\u00e9 introduite pr\u00e9alablement dans une poche de perfusion utilis\u00e9e pour son endormissement.<\/p>\n<p class=\"lead \">&#8211; \u00ab\u00a0Pas moi\u00a0\u00bb &#8211;<\/p>\n<p class=\"lead \">La pr\u00e9sidente de la cour d&rsquo;assises a demand\u00e9 \u00e0 Fr\u00e9d\u00e9ric P\u00e9chier s&rsquo;il admettait que Damien Iehlen avait \u00e9t\u00e9 victime d&rsquo;un \u00ab\u00a0empoisonnement\u00a0\u00bb.<\/p>\n<p class=\"lead \">\u00ab\u00a0Tout \u00e0 fait\u00a0\u00bb, a r\u00e9pondu calmement l&rsquo;accus\u00e9, qui avait jusqu&rsquo;\u00e0 pr\u00e9sent toujours contest\u00e9 cette hypoth\u00e8se, pr\u00e9f\u00e9rant celle d&rsquo;une possible erreur m\u00e9dicale de sa coll\u00e8gue charg\u00e9e de l&rsquo;anesth\u00e9sie.<\/p>\n<p class=\"lead \">Pourquoi un tel revirement? \u00ab\u00a0J&rsquo;ai mis du temps\u00a0\u00bb \u00e0 le reconna\u00eetre, \u00ab\u00a0car je ne peux pas consid\u00e9rer qu&rsquo;on empoisonne des patients\u00a0\u00bb, a-t-il r\u00e9pondu, finalement convaincu par un expert lors de l&rsquo;audience.<\/p>\n<p class=\"lead \">\u00ab\u00a0Quelqu&rsquo;un a mis les flacons de lidoca\u00efne dans la poche. Et ce n&rsquo;est pas moi\u00a0\u00bb, a soutenu l&rsquo;accus\u00e9. <\/p>\n<p class=\"lead \">\u00ab\u00a0Un empoisonneur s\u00e9vissait \u00e0 Besan\u00e7on depuis 2008, c&rsquo;est \u00e9vident\u00a0\u00bb, avait d\u00e9clar\u00e9 vendredi soir son avocat, Randall Schwerdorffer. \u00ab\u00a0Maintenant, c&rsquo;est \u00e0 l&rsquo;accusation de d\u00e9montrer que cet empoisonneur est Fr\u00e9d\u00e9ric P\u00e9chier\u00a0\u00bb.<\/p>\n<p class=\"lead \">&#8211; \u00ab\u00a0Concordance des cas\u00a0\u00bb &#8211;<\/p>\n<p class=\"lead \">En revanche, M. P\u00e9chier a contest\u00e9 l&rsquo;hypoth\u00e8se d&rsquo;un empoisonnement pour Suzanne Ziegler, d\u00e9c\u00e9d\u00e9e cinq jours seulement apr\u00e8s M. Iehlen.<\/p>\n<p class=\"lead \">Cette femme de 74 ans a-t-elle \u00e9t\u00e9 empoisonn\u00e9e? \u00ab\u00a0Je ne pense pas. Je pense qu&rsquo;il y a eu une pathologie cardiaque sous-jacente\u00a0\u00bb et \u00ab\u00a0que cette patiente a \u00e9t\u00e9 sous-estim\u00e9e sur le plan cardiaque\u00a0\u00bb, a indiqu\u00e9 M. P\u00e9chier \u00e0 la barre.<\/p>\n<p class=\"lead \">Selon l&rsquo;accus\u00e9, \u00ab\u00a0il n&rsquo;y a pas d&rsquo;argument pour montrer une intoxication aux anesth\u00e9siques locaux\u00a0\u00bb.<\/p>\n<p class=\"lead \">Deux premiers experts entendus vendredi n&rsquo;ont pas voulu se prononcer sur l&rsquo;origine de son d\u00e9c\u00e8s.<\/p>\n<p class=\"lead \">Deux autres, lundi, ont au contraire \u00ab\u00a0\u00e9t\u00e9 beaucoup plus tranch\u00e9s\u00a0\u00bb en faveur de l&rsquo;hypoth\u00e8se d&rsquo;une intoxication \u00e0 la lidoca\u00efne, a relev\u00e9 la pr\u00e9sidente de la cour, Delphine Thibierge.<\/p>\n<p class=\"lead \">L&rsquo;une des deux avocates g\u00e9n\u00e9rales, Th\u00e9r\u00e8se Brunisso, a soulign\u00e9 les similitudes entre les d\u00e9c\u00e8s de Damien Iehlen et Suzanne Ziegler: \u00ab\u00a0m\u00eame temporalit\u00e9 dans l&rsquo;apparition des troubles m\u00e9dicaux, cinq minutes apr\u00e8s l&rsquo;induction, m\u00eame troubles cliniques, m\u00eame lidoca\u00efne retrouv\u00e9e dans les s\u00e9questres, \u00e0 quatre jours d&rsquo;intervalle\u00a0\u00bb.<\/p>\n<p class=\"lead \">\u00ab\u00a0Vous emmenez la cour sur des chemins de traverse\u00a0\u00bb, a-t-elle lanc\u00e9 en direction de M. P\u00e9chier, avant un interrogatoire tendu de l&rsquo;accus\u00e9 par sa coll\u00e8gue de l&rsquo;accusation, puis par les avocats des parties civiles.<\/p>\n<p class=\"lead \">Le docteur P\u00e9chier a tenu bon, tr\u00e9buchant parfois sur ses explications parfois alambiqu\u00e9es et ses \u00ab\u00a0revirements\u00a0\u00bb d\u00e9cri\u00e9s par les victimes.<\/p>\n<p class=\"lead \">\u00ab\u00a0Quoi que vous disiez, on s&rsquo;en fout, on regarde le coupable\u00a0\u00bb d\u00e9crit par l&rsquo;accusation et les enqu\u00eateurs, \u00ab\u00a0quoi que vous disiez, de tout fa\u00e7on vous aurez toujours tort\u00a0\u00bb, a ass\u00e9n\u00e9 son avocat Randall Schwerdorffer, d\u00e9non\u00e7ant \u00e0 nouveau \u00ab\u00a0l&rsquo;absence de preuve\u00a0\u00bb.<\/p>\n<p class=\"lead \">Fr\u00e9d\u00e9ric P\u00e9chier est jug\u00e9 depuis le 8 septembre pour 30 empoisonnements de patients \u00e2g\u00e9s de 4 \u00e0 89 ans, dont 12 mortels, dans deux cliniques priv\u00e9es de Besan\u00e7on entre 2008 et 2017.<\/p>\n<p class=\"lead \">Il a donc reconnu l&rsquo;existence de trois empoisonnements sur les quatre d\u00e9j\u00e0 \u00e9tudi\u00e9s par la cour.<\/p>\n<p class=\"lead \">\u00ab\u00a0On a un accus\u00e9 accul\u00e9, dans les cordes, qui est pr\u00eat \u00e0 s&rsquo;effondrer, la question c&rsquo;est : \u00e0 quand les aveux complets ?\u00a0\u00bb, a estim\u00e9 devant la presse St\u00e9phane Giuranna, avocat des parties civiles. \u00ab\u00a0Il serait temps de reconna\u00eetre les faits, ce serait r\u00e9parateur pour les parties civiles et pour sa ligne de d\u00e9fense un grand pas en avant\u00a0\u00bb, a-t-il ajout\u00e9.<\/p>\n<p class=\"lead \">L&rsquo;ancien m\u00e9decin anesth\u00e9siste-r\u00e9animateur compara\u00eet libre, mais encourt la r\u00e9clusion criminelle \u00e0 perp\u00e9tuit\u00e9. Le verdict est attendu le 19 d\u00e9cembre.<\/p>\n<p class=\"small font-weight-bold text-gray3 \"> publi\u00e9 le 29 septembre \u00e0 19h36, AFP<\/p>\n<p>                             Partager<\/p>\n","protected":false},"excerpt":{"rendered":"L&rsquo;ex-anesth\u00e9siste Fr\u00e9d\u00e9ric P\u00e9chier a admis que la premi\u00e8re des 30 victimes qui lui sont imput\u00e9es avait bien \u00e9t\u00e9&hellip;\n","protected":false},"author":2,"featured_media":426796,"comment_status":"","ping_status":"","sticky":false,"template":"","format":"standard","meta":{"footnotes":""},"categories":[4],"tags":[11,14584,1011,27,45321,38348,12,4780,25],"class_list":{"0":"post-426795","1":"post","2":"type-post","3":"status-publish","4":"format-standard","5":"has-post-thumbnail","7":"category-france","8":"tag-actualites","9":"tag-assises","10":"tag-fr","11":"tag-france","12":"tag-hpitaux","13":"tag-mdecins","14":"tag-news","15":"tag-procs","16":"tag-republique-francaise"},"share_on_mastodon":{"url":"https:\/\/pubeurope.com\/@fr\/115289173816140180","error":""},"_links":{"self":[{"href":"https:\/\/www.europesays.com\/fr\/wp-json\/wp\/v2\/posts\/426795","targetHints":{"allow":["GET"]}}],"collection":[{"href":"https:\/\/www.europesays.com\/fr\/wp-json\/wp\/v2\/posts"}],"about":[{"href":"https:\/\/www.europesays.com\/fr\/wp-json\/wp\/v2\/types\/post"}],"author":[{"embeddable":true,"href":"https:\/\/www.europesays.com\/fr\/wp-json\/wp\/v2\/users\/2"}],"replies":[{"embeddable":true,"href":"https:\/\/www.europesays.com\/fr\/wp-json\/wp\/v2\/comments?post=426795"}],"version-history":[{"count":0,"href":"https:\/\/www.europesays.com\/fr\/wp-json\/wp\/v2\/posts\/426795\/revisions"}],"wp:featuredmedia":[{"embeddable":true,"href":"https:\/\/www.europesays.com\/fr\/wp-json\/wp\/v2\/media\/426796"}],"wp:attachment":[{"href":"https:\/\/www.europesays.com\/fr\/wp-json\/wp\/v2\/media?parent=426795"}],"wp:term":[{"taxonomy":"category","embeddable":true,"href":"https:\/\/www.europesays.com\/fr\/wp-json\/wp\/v2\/categories?post=426795"},{"taxonomy":"post_tag","embeddable":true,"href":"https:\/\/www.europesays.com\/fr\/wp-json\/wp\/v2\/tags?post=426795"}],"curies":[{"name":"wp","href":"https:\/\/api.w.org\/{rel}","templated":true}]}}