{"id":426799,"date":"2025-09-29T19:13:14","date_gmt":"2025-09-29T19:13:14","guid":{"rendered":"https:\/\/www.europesays.com\/fr\/426799\/"},"modified":"2025-09-29T19:13:14","modified_gmt":"2025-09-29T19:13:14","slug":"bientot-une-voie-cyclable-pour-rejoindre-saint-etienne","status":"publish","type":"post","link":"https:\/\/www.europesays.com\/fr\/426799\/","title":{"rendered":"bient\u00f4t une voie cyclable pour rejoindre Saint-\u00c9tienne"},"content":{"rendered":"<p>Les amateurs des modes de d\u00e9placements doux qui rejoignent Saint-\u00c9tienne depuis la vall\u00e9e de l\u2019Ondaine b\u00e9n\u00e9ficieront bient\u00f4t d\u2019un tron\u00e7on s\u00e9curis\u00e9 de plus et pas des moindres.<\/p>\n<p>\u00c0 La Ricamarie, depuis le rond-point Delaynaud, rue Gambetta, une voie cyclable est en cours de cr\u00e9ation jusqu\u2019\u00e0 la Croix-de-l\u2019Orme. Connect\u00e9e \u00e0 Solaure par la rue Ambroise-Par\u00e9, en entrant dans la ville st\u00e9phanoise, elle va permettre de descendre pour rejoindre la place Bellevue par la place Paul-Louis Courrier, le long du tramway T1, et le boulevard Louis-Pasteur.<\/p>\n<p>Des travaux jusqu&rsquo;\u00e0 fin octobre<\/p>\n<p>Les travaux, entam\u00e9s il y a trois semaines, occasionnant perturbations et restrictions de circulation, doivent durer jusqu\u2019\u00e0 la fin du mois d\u2019octobre. Plus de huit cents m\u00e8tres lin\u00e9aires sont cr\u00e9\u00e9s \u00e0 droite de la&#8230;<\/p>\n","protected":false},"excerpt":{"rendered":"Les amateurs des modes de d\u00e9placements doux qui rejoignent Saint-\u00c9tienne depuis la vall\u00e9e de l\u2019Ondaine b\u00e9n\u00e9ficieront bient\u00f4t d\u2019un&hellip;\n","protected":false},"author":2,"featured_media":426800,"comment_status":"","ping_status":"","sticky":false,"template":"","format":"standard","meta":{"footnotes":""},"categories":[9653],"tags":[1111,11,2430,3542,1687,7539,436,1777,674,1011,27,11324,11325,12,1800,25,4001,104,2803],"class_list":{"0":"post-426799","1":"post","2":"type-post","3":"status-publish","4":"format-standard","5":"has-post-thumbnail","7":"category-saint-etienne","8":"tag-actu","9":"tag-actualites","10":"tag-auvergne-rhone-alpes","11":"tag-circulation","12":"tag-culture-loisirs","13":"tag-edition-loire-sud","14":"tag-environnement","15":"tag-eu","16":"tag-europe","17":"tag-fr","18":"tag-france","19":"tag-la-ricamarie","20":"tag-la-ricamarie-ville","21":"tag-news","22":"tag-pollution","23":"tag-republique-francaise","24":"tag-saint-etienne","25":"tag-societe","26":"tag-transport"},"share_on_mastodon":{"url":"https:\/\/pubeurope.com\/@fr\/115289181619157581","error":""},"_links":{"self":[{"href":"https:\/\/www.europesays.com\/fr\/wp-json\/wp\/v2\/posts\/426799","targetHints":{"allow":["GET"]}}],"collection":[{"href":"https:\/\/www.europesays.com\/fr\/wp-json\/wp\/v2\/posts"}],"about":[{"href":"https:\/\/www.europesays.com\/fr\/wp-json\/wp\/v2\/types\/post"}],"author":[{"embeddable":true,"href":"https:\/\/www.europesays.com\/fr\/wp-json\/wp\/v2\/users\/2"}],"replies":[{"embeddable":true,"href":"https:\/\/www.europesays.com\/fr\/wp-json\/wp\/v2\/comments?post=426799"}],"version-history":[{"count":0,"href":"https:\/\/www.europesays.com\/fr\/wp-json\/wp\/v2\/posts\/426799\/revisions"}],"wp:featuredmedia":[{"embeddable":true,"href":"https:\/\/www.europesays.com\/fr\/wp-json\/wp\/v2\/media\/426800"}],"wp:attachment":[{"href":"https:\/\/www.europesays.com\/fr\/wp-json\/wp\/v2\/media?parent=426799"}],"wp:term":[{"taxonomy":"category","embeddable":true,"href":"https:\/\/www.europesays.com\/fr\/wp-json\/wp\/v2\/categories?post=426799"},{"taxonomy":"post_tag","embeddable":true,"href":"https:\/\/www.europesays.com\/fr\/wp-json\/wp\/v2\/tags?post=426799"}],"curies":[{"name":"wp","href":"https:\/\/api.w.org\/{rel}","templated":true}]}}