{"id":426803,"date":"2025-09-29T19:15:26","date_gmt":"2025-09-29T19:15:26","guid":{"rendered":"https:\/\/www.europesays.com\/fr\/426803\/"},"modified":"2025-09-29T19:15:26","modified_gmt":"2025-09-29T19:15:26","slug":"poesie-bricolee-au-coeur-du-cabinet-de-laurence-gillot","status":"publish","type":"post","link":"https:\/\/www.europesays.com\/fr\/426803\/","title":{"rendered":"po\u00e9sie bricol\u00e9e au c\u0153ur du cabinet de Laurence Gillot"},"content":{"rendered":"<p>\u00c0 deux pas de la <a href=\"https:\/\/www.estrepublicain.fr\/p\/place-stanislas\" target=\"_blank\" rel=\"noopener\">place Stanislas<\/a>, <a href=\"https:\/\/www.estrepublicain.fr\/culture-loisirs\/2022\/05\/30\/tout-part-d-une-emotion-d-une-image-d-une-idee\" target=\"_blank\" rel=\"noopener\">Laurence Gillot, artiste plasticienne nanc\u00e9ienne,<\/a> a install\u00e9 son cabinet de curiosit\u00e9s jusqu\u2019au 18\u00a0d\u00e9cembre. Derri\u00e8re la porte de la galerie de la Fondation Solange-Bertrand, l\u2019artiste invite les visiteurs dans son univers. Un monde de po\u00e9sie fantaisiste o\u00f9 tous les jeux sont permis. Install\u00e9es derri\u00e8re des vitrines, d\u2019\u00e9tranges cr\u00e9atures, sorties tout droit de son imaginaire, tr\u00f4nent comme cet \u00eatre mi-poussin mi-femme, ce lapin contrebassiste sous cloche, cet angelot blanc entourant de ses bras un petit cheval noir ou encore ce ch\u00e9rubin acrobate et son \u00e9l\u00e9phant\u2026 Des membres de poup\u00e9es \u00e9pingl\u00e9s sur de la feutrine rouge leur font face, entour\u00e9s d\u2019un beau cadre ancien contrastant avec l\u2019anatomie plastique des jouets us\u00e9s. Plus loin, des animaux de la for\u00eat se prom\u00e8nent\u2026 dans une salle de bains.<\/p>\n<p>  Raconter des histoires<\/p>\n<p>Pour r\u00e9aliser ses \u0153uvres, l\u2019artiste glane des objets abandonn\u00e9s \u00e0 la fin des march\u00e9s aux puces ou dans de vieux greniers, des jouets bris\u00e9s, des photos oubli\u00e9es\u2026 \u00ab\u00a0Tout est de la r\u00e9cup.\u00a0\u00bb<\/p>\n<p>De minuscules tr\u00e9sors qu\u2019elle va ensuite bricoler, assembler, coller selon son inspiration pour leur offrir une nouvelle vie et une nouvelle aventure. Car son truc \u00e0 Laurence Gillot, c\u2019est raconter des histoires. <a href=\"https:\/\/www.estrepublicain.fr\/culture-loisirs\/2025\/06\/20\/une-autrice-libre-qui-multiplie-les-genres\" target=\"_blank\" rel=\"noopener\">\u00c0 la fois \u00e0 travers son m\u00e9tier de journaliste et d\u2019autrice jeunesse<\/a> et aussi \u00e0 travers ses cr\u00e9ations. \u00ab\u00a0J\u2019adore les histoires, \u00e7a me fait vibrer.\u00a0\u00bb<\/p>\n<p>Des histoires qu\u2019elle se raconte, inspir\u00e9es de souvenirs, de rencontres. Mais ce qui l\u2019anime, c\u2019est celles qu\u2019elle va susciter aupr\u00e8s du public, \u00e0 travers ses \u0153uvres.<\/p>\n<p>Depuis une vingtaine d\u2019ann\u00e9es, Laurence Gillot s\u2019adonne aussi \u00e0 sa passion dans son studio, l\u2019art postal, tout en cr\u00e9ant des liens avec des artistes du monde entier. \u00ab\u00a0J\u2019ai \u00e9t\u00e9 s\u00e9duite par cette forme artistique qui est \u00e0 la fois modeste, gratuite, g\u00e9n\u00e9reuse et ouverte \u00e0 tous. Mais je n\u2019ai jamais eu l\u2019id\u00e9e d\u2019exposer.\u00a0\u00bb Il est vrai qu\u2019avec l\u2019art postal, les cr\u00e9ations ont plut\u00f4t vocation \u00e0 voyager. Mais en octobre\u00a02022, \u00e0 l\u2019initiative d\u2019une amie, elle se lance un nouveau d\u00e9fi et monte toute une exposition, \u00e0 Gen\u00e8ve.<\/p>\n<p>  Six invit\u00e9es<\/p>\n<p><a href=\"https:\/\/www.estrepublicain.fr\/culture-loisirs\/2023\/06\/20\/a-goviller-entre-grange-et-jardin-24-artistes-exposent-des-univers-au-dela-des-aleas\" target=\"_blank\" rel=\"noopener\">Au fil des ann\u00e9es, d\u2019autres expositions suivent.<\/a> Et c\u2019est comme \u00e7a qu&rsquo;en 2024, apr\u00e8s un vernissage \u00e0 la galerie de la fondation Solange-Bertrand et une rencontre avec Val\u00e9rie Dexemple, directrice de la structure, qu&rsquo;est n\u00e9 ce Curieux Cabinet, fa\u00e7on Laurence Gillot.<\/p>\n<p>\u00ab\u00a0Quand on a la lumi\u00e8re, on la partage.\u00a0\u00bb C\u2019est ainsi qu\u2019elle fait le choix d\u2019inviter six artistes internationales, six femmes issues pour la plupart de l\u2019art postal, pour exposer \u00e0 ses c\u00f4t\u00e9s\u00a0: Carmen C\u0101ld\u0101rea Bayenet (Roumanie-Suisse), \u00c9lodie Gonzalvez (France), Maryam Izadyfard (Iran-Qu\u00e9bec), Dawn Nelson Wardrope (\u00c9cosse), Nathalie Novi (France), Uta Richter (Allemagne-Suisse).<\/p>\n<p>\u00c0 noter aussi qu\u2019une trentaine d\u2019\u0153uvres, des \u00ab\u00a0petites pi\u00e8ces croquignolettes\u00a0\u00bb de Laurence Gillot seront vendues (\u00e0 partir de 30\u00a0\u20ac) au profit de la Fondation des femmes ou de l\u2019antenne nanc\u00e9ienne du Rire M\u00e9decin &#8211; H\u00f4pital d\u2019enfants de Nancy.<\/p>\n<p class=\"note\">Le Curieux Cabinet de Laurence Gillot et ses invit\u00e9es, expo prolong\u00e9e jusqu\u2019au 18\u00a0d\u00e9cembre, galerie de la Fondation Solange-Bertrand, 13 place de la Carri\u00e8re \u00e0 Nancy. T\u00e9l.\u00a0: 06\u00a020\u00a028\u00a041\u00a018<\/p>\n","protected":false},"excerpt":{"rendered":"\u00c0 deux pas de la place Stanislas, Laurence Gillot, artiste plasticienne nanc\u00e9ienne, a install\u00e9 son cabinet de curiosit\u00e9s&hellip;\n","protected":false},"author":2,"featured_media":426804,"comment_status":"","ping_status":"","sticky":false,"template":"","format":"standard","meta":{"footnotes":""},"categories":[9635],"tags":[1111,11,1687,1704,1777,674,2271,1011,27,775,1702,1703,12,25],"class_list":{"0":"post-426803","1":"post","2":"type-post","3":"status-publish","4":"format-standard","5":"has-post-thumbnail","7":"category-nancy","8":"tag-actu","9":"tag-actualites","10":"tag-culture-loisirs","11":"tag-edition-nancy-et-agglomeration","12":"tag-eu","13":"tag-europe","14":"tag-exposition-arts-plastiques","15":"tag-fr","16":"tag-france","17":"tag-grand-est","18":"tag-nancy","19":"tag-nancy-ville-54b","20":"tag-news","21":"tag-republique-francaise"},"share_on_mastodon":{"url":"https:\/\/pubeurope.com\/@fr\/115289189506137054","error":""},"_links":{"self":[{"href":"https:\/\/www.europesays.com\/fr\/wp-json\/wp\/v2\/posts\/426803","targetHints":{"allow":["GET"]}}],"collection":[{"href":"https:\/\/www.europesays.com\/fr\/wp-json\/wp\/v2\/posts"}],"about":[{"href":"https:\/\/www.europesays.com\/fr\/wp-json\/wp\/v2\/types\/post"}],"author":[{"embeddable":true,"href":"https:\/\/www.europesays.com\/fr\/wp-json\/wp\/v2\/users\/2"}],"replies":[{"embeddable":true,"href":"https:\/\/www.europesays.com\/fr\/wp-json\/wp\/v2\/comments?post=426803"}],"version-history":[{"count":0,"href":"https:\/\/www.europesays.com\/fr\/wp-json\/wp\/v2\/posts\/426803\/revisions"}],"wp:featuredmedia":[{"embeddable":true,"href":"https:\/\/www.europesays.com\/fr\/wp-json\/wp\/v2\/media\/426804"}],"wp:attachment":[{"href":"https:\/\/www.europesays.com\/fr\/wp-json\/wp\/v2\/media?parent=426803"}],"wp:term":[{"taxonomy":"category","embeddable":true,"href":"https:\/\/www.europesays.com\/fr\/wp-json\/wp\/v2\/categories?post=426803"},{"taxonomy":"post_tag","embeddable":true,"href":"https:\/\/www.europesays.com\/fr\/wp-json\/wp\/v2\/tags?post=426803"}],"curies":[{"name":"wp","href":"https:\/\/api.w.org\/{rel}","templated":true}]}}