{"id":426813,"date":"2025-09-29T19:20:14","date_gmt":"2025-09-29T19:20:14","guid":{"rendered":"https:\/\/www.europesays.com\/fr\/426813\/"},"modified":"2025-09-29T19:20:14","modified_gmt":"2025-09-29T19:20:14","slug":"football-ligue-2-sur-quelle-chaine-suivre-montpellier","status":"publish","type":"post","link":"https:\/\/www.europesays.com\/fr\/426813\/","title":{"rendered":"Football. Ligue 2\u00a0: sur quelle cha\u00eene suivre Montpellier"},"content":{"rendered":"<p>Apr\u00e8s avoir perdu la premi\u00e8re place du championnat samedi soir lors de sa d\u00e9faite \u00e0 Geoffroy-Guichard contre Guingamp (2-3), l&rsquo;AS Saint-Etienne encha\u00eene par un d\u00e9placement ce week-end pour la 9e journ\u00e9e de Ligue 2.<\/p>\n<p><strong><a href=\"https:\/\/www.ledauphine.com\/sport\/calendrier-resultats\/football\/national-ligue-2\/9\" target=\"_blank\" rel=\"noopener\">&gt;&gt; Les affiches de la 9e journ\u00e9e et le classement de la Ligue 2<\/a><\/strong><\/p>\n<p>Samedi soir (20h), les Verts retrouveront le stade de la Mosson et Montpellier, autre rel\u00e9gu\u00e9 de Ligue 1 au terme de la saison 2024-2025.<\/p>\n<p>La rencontre sera \u00e0 suivre en direct sur Bein Sports 1.<\/p>\n","protected":false},"excerpt":{"rendered":"Apr\u00e8s avoir perdu la premi\u00e8re place du championnat samedi soir lors de sa d\u00e9faite \u00e0 Geoffroy-Guichard contre Guingamp&hellip;\n","protected":false},"author":2,"featured_media":426814,"comment_status":"","ping_status":"","sticky":false,"template":"","format":"standard","meta":{"footnotes":""},"categories":[9599],"tags":[1111,11,9443,1777,674,1701,63,1011,27,12636,3367,2208,12,2680,25,517,1947,2205],"class_list":{"0":"post-426813","1":"post","2":"type-post","3":"status-publish","4":"format-standard","5":"has-post-thumbnail","7":"category-montpellier","8":"tag-actu","9":"tag-actualites","10":"tag-asse-as-saint-etienne","11":"tag-eu","12":"tag-europe","13":"tag-fil-info-sport","14":"tag-football","15":"tag-fr","16":"tag-france","17":"tag-ligue-2-football","18":"tag-loire","19":"tag-montpellier","20":"tag-news","21":"tag-occitanie","22":"tag-republique-francaise","23":"tag-sport","24":"tag-sport-national","25":"tag-television-medias"},"share_on_mastodon":{"url":"https:\/\/pubeurope.com\/@fr\/115289209116021784","error":""},"_links":{"self":[{"href":"https:\/\/www.europesays.com\/fr\/wp-json\/wp\/v2\/posts\/426813","targetHints":{"allow":["GET"]}}],"collection":[{"href":"https:\/\/www.europesays.com\/fr\/wp-json\/wp\/v2\/posts"}],"about":[{"href":"https:\/\/www.europesays.com\/fr\/wp-json\/wp\/v2\/types\/post"}],"author":[{"embeddable":true,"href":"https:\/\/www.europesays.com\/fr\/wp-json\/wp\/v2\/users\/2"}],"replies":[{"embeddable":true,"href":"https:\/\/www.europesays.com\/fr\/wp-json\/wp\/v2\/comments?post=426813"}],"version-history":[{"count":0,"href":"https:\/\/www.europesays.com\/fr\/wp-json\/wp\/v2\/posts\/426813\/revisions"}],"wp:featuredmedia":[{"embeddable":true,"href":"https:\/\/www.europesays.com\/fr\/wp-json\/wp\/v2\/media\/426814"}],"wp:attachment":[{"href":"https:\/\/www.europesays.com\/fr\/wp-json\/wp\/v2\/media?parent=426813"}],"wp:term":[{"taxonomy":"category","embeddable":true,"href":"https:\/\/www.europesays.com\/fr\/wp-json\/wp\/v2\/categories?post=426813"},{"taxonomy":"post_tag","embeddable":true,"href":"https:\/\/www.europesays.com\/fr\/wp-json\/wp\/v2\/tags?post=426813"}],"curies":[{"name":"wp","href":"https:\/\/api.w.org\/{rel}","templated":true}]}}