{"id":426817,"date":"2025-09-29T19:23:41","date_gmt":"2025-09-29T19:23:41","guid":{"rendered":"https:\/\/www.europesays.com\/fr\/426817\/"},"modified":"2025-09-29T19:23:41","modified_gmt":"2025-09-29T19:23:41","slug":"ce-samedi-9e-edition-du-challenge-max-cosson","status":"publish","type":"post","link":"https:\/\/www.europesays.com\/fr\/426817\/","title":{"rendered":"ce samedi, 9e\u00a0 \u00e9dition du challenge Max Cosson"},"content":{"rendered":"<p>La 9e\u00a0 \u00e9dition du challenge Max Cosson aura lieu ce samedi 4\u00a0octobre de 11\u00a0h \u00e0 16\u00a0h. Au programme, 12 \u00e9quipes de pompiers de tout l\u2019hexagone, soit 120 grimpeurs, s\u2019affronteront pour effectuer le plus rapidement possible 2000 cordes par \u00e9quipe de 10. Trois \u00e9quipes de sapeurs pompiers grenoblois et 1 \u00e9quipe de sapeurs pompiers de l\u2019agglom\u00e9ration grenobloise participeront \u00e0 ce concours. Le d\u00e9part de l\u2019\u00e9preuve aura lieu \u00e0 11\u00a0h. Snacking et jeux pour enfants sont pr\u00e9vus.<\/p>\n<p>L\u2019\u00e9v\u00e9nement se d\u00e9roulera au centre de secours avenue F\u00e9lix-Viallet \u00e0 Grenoble. Le but de ce challenge est de contribuer \u00e0 la lutte contre la maladie de Charcot en soutenant les \u00e9quipes et en devenant donateur lors de la journ\u00e9e. En partenariat avec l\u2019ARSLA (Association pour la recherche sur la scl\u00e9rose en plaques).<\/p>\n<p class=\"note\">Le public peut participer d\u00e8s maintenant \u00e0 la campagne D\u00e9fi Max Cosson 2025\u00a0: www.helloasso.com\/associations\/arsla\/collectes\/defi-max-cosson-2025<\/p>\n","protected":false},"excerpt":{"rendered":"La 9e\u00a0 \u00e9dition du challenge Max Cosson aura lieu ce samedi 4\u00a0octobre de 11\u00a0h \u00e0 16\u00a0h. Au programme,&hellip;\n","protected":false},"author":2,"featured_media":426818,"comment_status":"","ping_status":"","sticky":false,"template":"","format":"standard","meta":{"footnotes":""},"categories":[9566],"tags":[1111,11,2430,1687,112,1777,674,1011,27,2731,2732,12,25],"class_list":{"0":"post-426817","1":"post","2":"type-post","3":"status-publish","4":"format-standard","5":"has-post-thumbnail","7":"category-grenoble","8":"tag-actu","9":"tag-actualites","10":"tag-auvergne-rhone-alpes","11":"tag-culture-loisirs","12":"tag-edition-grenoble-agglomeration","13":"tag-eu","14":"tag-europe","15":"tag-fr","16":"tag-france","17":"tag-grenoble","18":"tag-grenoble-bassin","19":"tag-news","20":"tag-republique-francaise"},"share_on_mastodon":{"url":"https:\/\/pubeurope.com\/@fr\/115289220930179956","error":""},"_links":{"self":[{"href":"https:\/\/www.europesays.com\/fr\/wp-json\/wp\/v2\/posts\/426817","targetHints":{"allow":["GET"]}}],"collection":[{"href":"https:\/\/www.europesays.com\/fr\/wp-json\/wp\/v2\/posts"}],"about":[{"href":"https:\/\/www.europesays.com\/fr\/wp-json\/wp\/v2\/types\/post"}],"author":[{"embeddable":true,"href":"https:\/\/www.europesays.com\/fr\/wp-json\/wp\/v2\/users\/2"}],"replies":[{"embeddable":true,"href":"https:\/\/www.europesays.com\/fr\/wp-json\/wp\/v2\/comments?post=426817"}],"version-history":[{"count":0,"href":"https:\/\/www.europesays.com\/fr\/wp-json\/wp\/v2\/posts\/426817\/revisions"}],"wp:featuredmedia":[{"embeddable":true,"href":"https:\/\/www.europesays.com\/fr\/wp-json\/wp\/v2\/media\/426818"}],"wp:attachment":[{"href":"https:\/\/www.europesays.com\/fr\/wp-json\/wp\/v2\/media?parent=426817"}],"wp:term":[{"taxonomy":"category","embeddable":true,"href":"https:\/\/www.europesays.com\/fr\/wp-json\/wp\/v2\/categories?post=426817"},{"taxonomy":"post_tag","embeddable":true,"href":"https:\/\/www.europesays.com\/fr\/wp-json\/wp\/v2\/tags?post=426817"}],"curies":[{"name":"wp","href":"https:\/\/api.w.org\/{rel}","templated":true}]}}