{"id":42682,"date":"2025-04-22T00:00:09","date_gmt":"2025-04-22T00:00:09","guid":{"rendered":"https:\/\/www.europesays.com\/fr\/42682\/"},"modified":"2025-04-22T00:00:09","modified_gmt":"2025-04-22T00:00:09","slug":"reaction-des-personnalites-politiques-de-la-ville","status":"publish","type":"post","link":"https:\/\/www.europesays.com\/fr\/42682\/","title":{"rendered":"r\u00e9action des personnalit\u00e9s politiques de la ville"},"content":{"rendered":"<p>            Par<br \/>\n        <strong><br \/>\n            <a href=\"https:\/\/actu.fr\/auteur\/lea-afonso\" title=\"Consulter tous les articles de L\u00e9a Afonso\" rel=\"nofollow noopener\" target=\"_blank\">L\u00e9a Afonso<\/a><br \/>\n        <\/strong><\/p>\n<p>        Publi\u00e9 le<\/p>\n<p>            21 avr. 2025 \u00e0 17h22        <\/p>\n<p>Alors que <strong><a href=\"https:\/\/actu.fr\/societe\/le-pape-francois-est-mort-annonce-le-vatican_62254072.html\" rel=\"nofollow noopener\" target=\"_blank\">le Pape Fran\u00e7ois s\u2019est \u00e9teint<\/a> <\/strong>ce lundi 21\u00a0avril 2025, au lendemain du dimanche de P\u00e2ques \u2014 <a href=\"https:\/\/actu.fr\/societe\/joyeuses-paques-le-pape-francois-toujours-affaibli-apparait-au-balcon-de-la-basilique-saint-pierre_62536420.html\" rel=\"nofollow noopener\" target=\"_blank\">jour o\u00f9 il a fait sa derni\u00e8re apparition au balcon de la basilique Saint-Pierre<\/a> \u2014, les personnalit\u00e9s politiques de <a href=\"https:\/\/actu.fr\/toulouse\/\" rel=\"nofollow noopener\" target=\"_blank\">Toulouse<\/a> r\u00e9agissent. On fait le point.<\/p>\n<p>Maire et Pr\u00e9sidents<\/p>\n<p class=\" wall-content\">C\u2019est une annonce qui a surpris le monde entier en ce lundi de P\u00e2ques, le d\u00e9c\u00e8s du Pape Fran\u00e7ois. R\u00e9actions et questionnements vont bon train depuis la communication du Vatican. Et <strong>les \u00e9lus toulousains n\u2019ont pas manqu\u00e9 de r\u00e9agir<\/strong>. Certains avaient m\u00eame eu l\u2019occasion de le <strong>rencontrer<\/strong>, comme le maire de la Ville rose, <strong><a href=\"https:\/\/actu.fr\/tag\/jean-luc-moudenc\" rel=\"nofollow noopener\" target=\"_blank\">Jean-Luc Moudenc (SE)<\/a> en 2013.<\/strong><\/p>\n<p class=\" wall-content\">\u00ab\u2009Je garde le souvenir d\u2019un homme humble, sinc\u00e8re et profond\u00e9ment attach\u00e9 \u00e0 la paix. Son d\u00e9part nous invite \u00e0 poursuivre ce chemin de solidarit\u00e9\u2009\u00bb, \u00e9crit-il sur X.<\/p>\n<p class=\" wall-content\">\n<p class=\" wall-content\">Tous gardent en t\u00eate les <strong>travaux<\/strong> et les <strong>actions<\/strong> de ce dernier, \u00e0 l\u2019image de <strong><a href=\"https:\/\/actu.fr\/occitanie\/toulouse_31555\/municipales-2026-a-toulouse-carole-delga-une-alliance-du-ps-avec-francois-piquemal-lfi-est-impossible_62244052.html\" rel=\"nofollow noopener\" target=\"_blank\">Carole Delga (PS)<\/a>,<\/strong> la pr\u00e9sidente de la r\u00e9gion Occitanie\u2009: \u00ab\u2009Le pape Fran\u00e7ois a conduit son action avec humanit\u00e9 et lucidit\u00e9 sur les fractures de notre \u00e9poque, appelant inlassablement les dirigeants de la plan\u00e8te \u00e0 lutter contre la pauvret\u00e9 et le r\u00e9chauffement climatique\u2009\u00bb.<\/p>\n<p class=\" wall-content\">\n<p class=\" wall-content\">Ou encore<a href=\"https:\/\/actu.fr\/occitanie\/toulouse_31555\/municipales-a-toulouse-la-gauche-doit-s-unir-derriere-une-tete-de-liste-socialiste-dit-sebastien-vincini_61645238.html\" rel=\"nofollow noopener\" target=\"_blank\"> <strong>S\u00e9bastien Vincini (PS)<\/strong><\/a>, pr\u00e9sident du d\u00e9partement de la Haute-Garonne, qui lui aussi s\u2019est exprim\u00e9 sur X\u2009: \u00ab\u2009Le Pape Fran\u00e7ois nous a marqu\u00e9s par ses messages inlassables en faveur des plus d\u00e9munis ou encore pour l\u2019accueil fraternel des r\u00e9fugi\u00e9s. Il n\u2019a eu de cesse de nous alerter sur les dangers du changement climatique. Mes pens\u00e9es vont aux catholiques du monde entier\u2009\u00bb.<\/p>\n<p class=\" wall-content\">\n<p>Du c\u00f4t\u00e9 des chefs de file ou d\u00e9clar\u00e9s candidats aux municipales<\/p>\n<p class=\" wall-content\">Au-del\u00e0 des \u00e9lus, c\u2019est tout le paysage politique toulousain qui a r\u00e9agi suite \u00e0 cette annonce. Certains l\u2019ont fait de mani\u00e8re assez politique, \u00e0 l\u2019image de <a href=\"https:\/\/actu.fr\/occitanie\/toulouse_31555\/municipales-2026-a-toulouse-le-depute-francois-piquemal-officialise-sa-candidature_62129612.html\" rel=\"nofollow noopener\" target=\"_blank\">Fran\u00e7ois Piquemal (LFI)<\/a>\u2009:<\/p>\n<p>Vid\u00e9os : en ce moment sur Actu<\/p>\n<p class=\" wall-content\">\n<p class=\" wall-content\">Tandis que d\u2019autres l\u2019ont fait de mani\u00e8re plus sobre comme <strong><a href=\"https:\/\/actu.fr\/occitanie\/toulouse_31555\/municipales-2026-a-toulouse-francois-briancon-en-passe-d-etre-investi-par-les-militants-du-parti-socialiste_62425896.html\" rel=\"nofollow noopener\" target=\"_blank\">Fran\u00e7ois Brian\u00e7on (PS)<\/a><\/strong> et <strong><a href=\"https:\/\/actu.fr\/occitanie\/toulouse_31555\/municipales-2026-a-toulouse-les-ecologistes-de-regis-godec-se-voient-tete-de-liste-d-une-union-de-la-gauche_62252832.html\" rel=\"nofollow noopener\" target=\"_blank\">R\u00e9gis Godec (LE)<\/a><\/strong>\u2009:<\/p>\n<p class=\" wall-content\">\n<p class=\" wall-content\">\n<p class=\" wall-content\">Ou encore <strong><a href=\"https:\/\/actu.fr\/occitanie\/toulouse_31555\/municipales-2026-julien-leonardelli-rn-je-me-suis-naturellement-positionne-pour-toulouse_62377154.html\" rel=\"nofollow noopener\" target=\"_blank\">Julien Leonardelli (RN)\u2009:<\/a><\/strong><\/p>\n<p class=\" wall-content\">\n<p class=\" wall-content\">Suivez toute l\u2019actualit\u00e9 de vos villes et m\u00e9dias favoris en vous inscrivant \u00e0 <a href=\"https:\/\/moncompte.actu.fr\" title=\"D\u00e9couvez Mon Actu\" rel=\"nofollow noopener\" data-trk=\"{&quot;cta&quot;:{&quot;action&quot;:&quot;https:\\\/\\\/moncompte.actu.fr&quot;,&quot;category&quot;:&quot;mon compte&quot;,&quot;from&quot;:&quot;article footer&quot;,&quot;name&quot;:&quot;Mon actu&quot;,&quot;type&quot;:&quot;cta&quot;}}\" target=\"_blank\">Mon Actu<\/a>.<\/p>\n","protected":false},"excerpt":{"rendered":"Par L\u00e9a Afonso Publi\u00e9 le 21 avr. 2025 \u00e0 17h22 Alors que le Pape Fran\u00e7ois s\u2019est \u00e9teint ce&hellip;\n","protected":false},"author":2,"featured_media":42683,"comment_status":"","ping_status":"","sticky":false,"template":"","format":"standard","meta":{"footnotes":""},"categories":[2816],"tags":[1111,11,1777,674,1011,27,12,2680,4692,25,104,2312],"class_list":{"0":"post-42682","1":"post","2":"type-post","3":"status-publish","4":"format-standard","5":"has-post-thumbnail","7":"category-toulouse","8":"tag-actu","9":"tag-actualites","10":"tag-eu","11":"tag-europe","12":"tag-fr","13":"tag-france","14":"tag-news","15":"tag-occitanie","16":"tag-pape-francois","17":"tag-republique-francaise","18":"tag-societe","19":"tag-toulouse"},"share_on_mastodon":{"url":"https:\/\/pubeurope.com\/@fr\/114378678192446870","error":""},"_links":{"self":[{"href":"https:\/\/www.europesays.com\/fr\/wp-json\/wp\/v2\/posts\/42682","targetHints":{"allow":["GET"]}}],"collection":[{"href":"https:\/\/www.europesays.com\/fr\/wp-json\/wp\/v2\/posts"}],"about":[{"href":"https:\/\/www.europesays.com\/fr\/wp-json\/wp\/v2\/types\/post"}],"author":[{"embeddable":true,"href":"https:\/\/www.europesays.com\/fr\/wp-json\/wp\/v2\/users\/2"}],"replies":[{"embeddable":true,"href":"https:\/\/www.europesays.com\/fr\/wp-json\/wp\/v2\/comments?post=42682"}],"version-history":[{"count":0,"href":"https:\/\/www.europesays.com\/fr\/wp-json\/wp\/v2\/posts\/42682\/revisions"}],"wp:featuredmedia":[{"embeddable":true,"href":"https:\/\/www.europesays.com\/fr\/wp-json\/wp\/v2\/media\/42683"}],"wp:attachment":[{"href":"https:\/\/www.europesays.com\/fr\/wp-json\/wp\/v2\/media?parent=42682"}],"wp:term":[{"taxonomy":"category","embeddable":true,"href":"https:\/\/www.europesays.com\/fr\/wp-json\/wp\/v2\/categories?post=42682"},{"taxonomy":"post_tag","embeddable":true,"href":"https:\/\/www.europesays.com\/fr\/wp-json\/wp\/v2\/tags?post=42682"}],"curies":[{"name":"wp","href":"https:\/\/api.w.org\/{rel}","templated":true}]}}