{"id":426821,"date":"2025-09-29T19:25:24","date_gmt":"2025-09-29T19:25:24","guid":{"rendered":"https:\/\/www.europesays.com\/fr\/426821\/"},"modified":"2025-09-29T19:25:24","modified_gmt":"2025-09-29T19:25:24","slug":"a-la-rentree-la-mediatheque-lucien-herr-met-a-lhonneur-la-bibliotherapie","status":"publish","type":"post","link":"https:\/\/www.europesays.com\/fr\/426821\/","title":{"rendered":"\u00c0 la rentr\u00e9e, la m\u00e9diath\u00e8que Lucien-Herr met \u00e0 l\u2019honneur la biblioth\u00e9rapie"},"content":{"rendered":"<p>L\u2019automne pointe d\u00e9j\u00e0 le bout de son nez et avec lui renaissent les besoins de ralentir, de prendre soin de soi. Et si c\u2019\u00e9tait le bon moment pour essayer la biblioth\u00e9rapie\u00a0? C\u2019est en tout cas la th\u00e9matique autour de laquelle la m\u00e9diath\u00e8que Lucien-Herr de Saint-Jacques-de-la-Lande (Ille-et-Vilaine) a choisi d\u2019articuler sa programmation pour la rentr\u00e9e.<\/p>\n<p>\u00ab\u00a0Donner des cl\u00e9s \u00e0 nos lecteurs\u00a0\u00bb<\/p>\n<p>Le concept peut para\u00eetre \u00e9trange au pays de Lacan. \u00a0La lecture peut \u00eatre source d\u2019information, un moment d\u2019\u00e9vasion ou de simple d\u00e9tente. Mais avons-nous conscience qu\u2019un livre peut aussi ouvrir la voie \u00e0 un mieux-\u00eatre\u00a0? Que cet acte anodin peut permettre d\u2019apaiser nos \u00e9motions, de mieux vivre, de se (re) construire, questionne Fabienne Godet, biblioth\u00e9caire. En interrogeant la biblioth\u00e9rapie, nous voulons donner des cl\u00e9s \u00e0 nos lecteurs pour r\u00e9pondre \u00e0 ces questions.\u00a0<\/p>\n<p>Pour vous en convaincre, une rencontre et deux ateliers seront anim\u00e9s par Sandrine Lefevre, sp\u00e9cialiste du domaine et ancienne biblioth\u00e9caire. Le premier, mercredi 22\u00a0octobre, \u00e0 14\u00a0h\u00a030, \u00e0 partir de 12\u00a0ans. Le second, pour adulte, samedi 25\u00a0octobre, \u00e0 15\u00a0h. \u00a0Les ateliers permettront d\u2019explorer le pouvoir des livres avec deux\u00a0th\u00e9matiques\u00a0: des enqu\u00eates dans les livres pour l\u2019atelier ados-adultes et l\u2019\u00e9vasion pour l\u2019atelier r\u00e9serv\u00e9 aux adultes\u00a0, pr\u00e9sente Fabienne Godet.<\/p>\n<p>Une exposition photo<\/p>\n<p>Un ap\u00e9ro rencontre est aussi pr\u00e9vu avec Sandrine Lefevre, vendredi 24\u00a0octobre, \u00e0 18\u00a0h\u00a030, pour mieux comprendre le concept de biblioth\u00e9rapie. En parall\u00e8le, la m\u00e9diath\u00e8que propose de d\u00e9couvrir, du 30\u00a0septembre au 31\u00a0octobre, l\u2019exposition La lecture dans le monde du photographe Thierry Penneteau. Celle-ci donnera lieu \u00e0 un vernissage, mardi 30\u00a0septembre, \u00e0 18\u00a0h, en pr\u00e9sence de l\u2019artiste. Des lectures \u00e0 voix haute seront ensuite propos\u00e9es par le groupe des Jeudis \u00e0 voix haute de la m\u00e9diath\u00e8que.<\/p>\n<p><strong>\u00c0 partir de mardi 30\u00a0septembre<\/strong>, \u00e0 la m\u00e9diath\u00e8que Lucien-Herr. Gratuit. R\u00e9servation obligatoire pour les ateliers\u00a0\u00e0 mediatheque-lucien-herr.fr<\/p>\n<p>\u00a0<\/p>\n","protected":false},"excerpt":{"rendered":"L\u2019automne pointe d\u00e9j\u00e0 le bout de son nez et avec lui renaissent les besoins de ralentir, de prendre&hellip;\n","protected":false},"author":2,"featured_media":426822,"comment_status":"","ping_status":"","sticky":false,"template":"","format":"standard","meta":{"footnotes":""},"categories":[2821],"tags":[1111,11,16346,829,1777,674,1011,27,14472,55549,16582,3736,12,3086,584,28313,25],"class_list":{"0":"post-426821","1":"post","2":"type-post","3":"status-publish","4":"format-standard","5":"has-post-thumbnail","7":"category-rennes","8":"tag-actu","9":"tag-actualites","10":"tag-bibliotherapie","11":"tag-bretagne","12":"tag-eu","13":"tag-europe","14":"tag-fr","15":"tag-france","16":"tag-honneur","17":"tag-lucien-herr","18":"tag-mediatheque","19":"tag-met","20":"tag-news","21":"tag-redon","22":"tag-rennes","23":"tag-rentree","24":"tag-republique-francaise"},"share_on_mastodon":{"url":"https:\/\/pubeurope.com\/@fr\/115289228990853059","error":""},"_links":{"self":[{"href":"https:\/\/www.europesays.com\/fr\/wp-json\/wp\/v2\/posts\/426821","targetHints":{"allow":["GET"]}}],"collection":[{"href":"https:\/\/www.europesays.com\/fr\/wp-json\/wp\/v2\/posts"}],"about":[{"href":"https:\/\/www.europesays.com\/fr\/wp-json\/wp\/v2\/types\/post"}],"author":[{"embeddable":true,"href":"https:\/\/www.europesays.com\/fr\/wp-json\/wp\/v2\/users\/2"}],"replies":[{"embeddable":true,"href":"https:\/\/www.europesays.com\/fr\/wp-json\/wp\/v2\/comments?post=426821"}],"version-history":[{"count":0,"href":"https:\/\/www.europesays.com\/fr\/wp-json\/wp\/v2\/posts\/426821\/revisions"}],"wp:featuredmedia":[{"embeddable":true,"href":"https:\/\/www.europesays.com\/fr\/wp-json\/wp\/v2\/media\/426822"}],"wp:attachment":[{"href":"https:\/\/www.europesays.com\/fr\/wp-json\/wp\/v2\/media?parent=426821"}],"wp:term":[{"taxonomy":"category","embeddable":true,"href":"https:\/\/www.europesays.com\/fr\/wp-json\/wp\/v2\/categories?post=426821"},{"taxonomy":"post_tag","embeddable":true,"href":"https:\/\/www.europesays.com\/fr\/wp-json\/wp\/v2\/tags?post=426821"}],"curies":[{"name":"wp","href":"https:\/\/api.w.org\/{rel}","templated":true}]}}