{"id":426834,"date":"2025-09-29T19:32:13","date_gmt":"2025-09-29T19:32:13","guid":{"rendered":"https:\/\/www.europesays.com\/fr\/426834\/"},"modified":"2025-09-29T19:32:13","modified_gmt":"2025-09-29T19:32:13","slug":"les-parents-de-lorene-se-battent-desormais-pour-la-sante-mentale","status":"publish","type":"post","link":"https:\/\/www.europesays.com\/fr\/426834\/","title":{"rendered":"Les parents de Lor\u00e8ne se battent d\u00e9sormais pour la sant\u00e9 mentale"},"content":{"rendered":"<p>Depuis la disparition de leur fille il y a cinq mois, <a href=\"https:\/\/www.20minutes.fr\/faits_divers\/faits-divers-nantes\/4170691-20250902-lyceenne-poignardee-nantes-parents-lorene-sante-mentale-jeunes-doit-etre-prioritaire\" target=\"_blank\" class=\"c-link c-link--is-underlined\" rel=\"noopener\">les parents de Lor\u00e8ne<\/a> n\u2019ont qu\u2019un seul mot d\u2019ordre\u00a0: la sant\u00e9 mentale. Le 24 avril\u00a0dernier, l\u2019adolescente \u00e9tait assassin\u00e9e de 57 coups de couteau par un autre \u00e9l\u00e8ve dans son lyc\u00e9e Notre-Dame-de-Toutes-Aides \u00e0 <a href=\"https:\/\/www.20minutes.fr\/nantes\/\" target=\"_blank\" class=\"c-link c-link--is-underlined\" rel=\"noopener\">Nantes<\/a>, alors qu\u2019elle assistait \u00e0 son cours de math\u00e9matiques. Ses parents avaient d\u2019abord <a href=\"https:\/\/www.20minutes.fr\/faits_divers\/4150849-20250428-attaque-couteau-nantes-parents-victime-ouvrent-cagnotte-aider-soutien-psychologique\" target=\"_blank\" class=\"c-link c-link--is-underlined\" rel=\"noopener\">ouvert une cagnotte<\/a> en ligne pour aider les structures d\u2019aide psychologique \u00e0 l\u2019enfance. En juillet, ils avaient organis\u00e9 la \u00ab\u00a0Run for Lor\u00e8ne\u00a0\u00bb, une course solidaire en hommage \u00e0 leur fille partie \u00ab\u00a0beaucoup trop rapidement\u00a0\u00bb.<\/p>\n<p>Lundi soir, les deux Nantais se sont pr\u00e9sent\u00e9s en tant que membres de l\u2019association <a href=\"https:\/\/www.instagram.com\/effervescence_jeunes\/\" target=\"_blank\" class=\"c-link c-link--is-underlined\" rel=\"noopener\">\u00ab\u00a0Effervescence jeunes\u00a0\u00bb<\/a>, accompagn\u00e9s de deux autres adh\u00e9rentes. Cette fois, \u00ab\u00a0nous ne sommes pas l\u00e0 pour parler de Lor\u00e8ne\u00a0\u00bb, a lanc\u00e9 le p\u00e8re de l\u2019adolescente, \u00ab\u00a0mais pour parler de la sant\u00e9 mentale des jeunes.\u00a0\u00bb<\/p>\n<p>La sant\u00e9 mentale \u00ab\u00a0pour les ados et par les ados\u00a0\u00bb<\/p>\n<p>A l\u2019origine, il y a \u00ab\u00a0le cataclysme\u00a0\u00bb, comme le d\u00e9signent les parents de Lor\u00e8ne qui pr\u00e9f\u00e8rent rester anonymes lors de leur prise de parole. Puis il y a eu la prise de conscience, \u00ab\u00a0nous voulions aller plus loin qu\u2019un simple hommage\u00a0\u00bb, d\u00e9crit la pr\u00e9sidente de l\u2019association, cr\u00e9\u00e9 il y a tout juste un mois. La mort de Lor\u00e8ne a mis en \u00e9vidence une notion cruciale\u00a0: la sant\u00e9 mentale des jeunes se d\u00e9grade mais l\u2019acc\u00e8s aux lieux d\u2019\u00e9coute et de soins reste difficile. \u00ab\u00a0Apr\u00e8s le 24\u00a0avril, nous avons remarqu\u00e9 la difficult\u00e9 des jeunes \u00e0 trouver un psy. Les ados ont besoin d\u2019une \u00e9coute anonyme et rapide\u00a0\u00bb, poursuit-elle. Selon <a href=\"https:\/\/www.mutualite.fr\/actualites\/sante-mentale-des-jeunes-lenquete-de-la-mutualite-francaise\/\" target=\"_blank\" class=\"c-link c-link--is-underlined\" rel=\"noopener\">un sondage<\/a> men\u00e9 par la Mutualit\u00e9 Fran\u00e7aise et publi\u00e9 le 2\u00a0septembre, <a href=\"https:\/\/www.20minutes.fr\/sante\/4170766-20250902-sante-mentale-jeune-francais-quatre-depression\" target=\"_blank\" class=\"c-link c-link--is-underlined\" rel=\"noopener\">un jeune sur quatre<\/a> souffrirait de d\u00e9pression.<\/p>\n<\/p>\n<p>A partir de ce constat \u00ab\u00a0Effervescence jeunes\u00a0\u00bb, se pr\u00e9sente comme une association pens\u00e9e \u00ab\u00a0pour les ados et par les ados\u00a0\u00bb. \u00ab\u00a0Nous sommes ici pour recueillir les id\u00e9es des jeunes mais aussi les t\u00e9moignages de parents qui se sentent souvent d\u00e9sempar\u00e9s\u00a0\u00bb, simplifie Marie-Claire, tr\u00e9sori\u00e8re. L\u2019association aura pour but de p\u00e9renniser des \u00e9v\u00e9nements d\u00e9j\u00e0 existants \u2013 comme la Run for Lor\u00e8ne \u2013, d\u2019aider aux projets de pr\u00e9vention et de communiquer sur la sant\u00e9 mentale pour que cette derni\u00e8re soit \u00ab\u00a0au c\u0153ur des sujets de nos politiques\u00a0\u00bb.<\/p>\n<p>Appel aux dons et aux id\u00e9es<\/p>\n<p>Pour ce faire l\u2019association fait appel aux \u00e9changes et aux id\u00e9es mais aussi aux dons et travaille conjointement avec des professionnels de sant\u00e9. Elle sera \u00e9galement financ\u00e9e par plusieurs m\u00e9c\u00e8nes dont trois sont d\u00e9j\u00e0 identifi\u00e9s.<\/p>\n<p>Arr\u00eat\u00e9 apr\u00e8s avoir mortellement bless\u00e9 Lor\u00e8ne et trois autres personnes, l\u2019assaillant, \u00e2g\u00e9 de 16 ans, avait \u00e9t\u00e9 hospitalis\u00e9 en psychiatrie, puis <a href=\"https:\/\/www.20minutes.fr\/faits_divers\/faits-divers-nantes\/4155049-20250523-pourquoi-suspect-attaque-meurtriere-lycee-nantes-hospitalise-tarn\" class=\"c-link c-link--is-underlined\" target=\"_blank\" rel=\"noopener\">transf\u00e9r\u00e9 dans une unit\u00e9 pour malades difficiles \u00e0 Albi<\/a> (Tarn), un \u00e9tablissement r\u00e9serv\u00e9 \u00e0 des patients susceptibles de mettre en danger leur vie ou celle des autres.<\/p>\n<p><script async src=\"\/\/www.instagram.com\/embed.js\"><\/script><\/p>\n","protected":false},"excerpt":{"rendered":"Depuis la disparition de leur fille il y a cinq mois, les parents de Lor\u00e8ne n\u2019ont qu\u2019un seul&hellip;\n","protected":false},"author":2,"featured_media":426835,"comment_status":"","ping_status":"","sticky":false,"template":"","format":"standard","meta":{"footnotes":""},"categories":[2818],"tags":[1111,11,1084,1777,674,1011,27,4074,3047,2633,766,12,2636,7432,298,1306,25,71,2072,104],"class_list":{"0":"post-426834","1":"post","2":"type-post","3":"status-publish","4":"format-standard","5":"has-post-thumbnail","7":"category-nantes","8":"tag-actu","9":"tag-actualites","10":"tag-adolescent","11":"tag-eu","12":"tag-europe","13":"tag-fr","14":"tag-france","15":"tag-jeunes","16":"tag-loire-atlantique","17":"tag-lycee","18":"tag-nantes","19":"tag-news","20":"tag-pays-de-la-loire","21":"tag-psychiatre","22":"tag-psychologie","23":"tag-regions","24":"tag-republique-francaise","25":"tag-sante","26":"tag-sante-mentale","27":"tag-societe"},"share_on_mastodon":{"url":"https:\/\/pubeurope.com\/@fr\/115289256341918916","error":""},"_links":{"self":[{"href":"https:\/\/www.europesays.com\/fr\/wp-json\/wp\/v2\/posts\/426834","targetHints":{"allow":["GET"]}}],"collection":[{"href":"https:\/\/www.europesays.com\/fr\/wp-json\/wp\/v2\/posts"}],"about":[{"href":"https:\/\/www.europesays.com\/fr\/wp-json\/wp\/v2\/types\/post"}],"author":[{"embeddable":true,"href":"https:\/\/www.europesays.com\/fr\/wp-json\/wp\/v2\/users\/2"}],"replies":[{"embeddable":true,"href":"https:\/\/www.europesays.com\/fr\/wp-json\/wp\/v2\/comments?post=426834"}],"version-history":[{"count":0,"href":"https:\/\/www.europesays.com\/fr\/wp-json\/wp\/v2\/posts\/426834\/revisions"}],"wp:featuredmedia":[{"embeddable":true,"href":"https:\/\/www.europesays.com\/fr\/wp-json\/wp\/v2\/media\/426835"}],"wp:attachment":[{"href":"https:\/\/www.europesays.com\/fr\/wp-json\/wp\/v2\/media?parent=426834"}],"wp:term":[{"taxonomy":"category","embeddable":true,"href":"https:\/\/www.europesays.com\/fr\/wp-json\/wp\/v2\/categories?post=426834"},{"taxonomy":"post_tag","embeddable":true,"href":"https:\/\/www.europesays.com\/fr\/wp-json\/wp\/v2\/tags?post=426834"}],"curies":[{"name":"wp","href":"https:\/\/api.w.org\/{rel}","templated":true}]}}