{"id":426836,"date":"2025-09-29T19:33:19","date_gmt":"2025-09-29T19:33:19","guid":{"rendered":"https:\/\/www.europesays.com\/fr\/426836\/"},"modified":"2025-09-29T19:33:19","modified_gmt":"2025-09-29T19:33:19","slug":"dates-horaires-exposants-et-animations","status":"publish","type":"post","link":"https:\/\/www.europesays.com\/fr\/426836\/","title":{"rendered":"dates, horaires, exposants et animations"},"content":{"rendered":"<p>Le <strong>March\u00e9 de No\u00ebl de Bordeaux 2025<\/strong> est de retour pour enchanter la ville ! Chaque hiver, la capitale girondine se transforme en v\u00e9ritable village f\u00e9erique o\u00f9 se m\u00ealent artisanat, gourmandises et illuminations.<br \/>Dans cet article complet, d\u00e9couvrez toutes les infos pratiques : <strong>dates, horaires, lieu, programme des animations, exposants et conseils pour pr\u00e9parer votre visite<\/strong>.<\/p>\n<p>Dates et horaires du March\u00e9 de No\u00ebl de Bordeaux 2025<\/p>\n<p>Le <strong>March\u00e9 de No\u00ebl de Bordeaux<\/strong> se tiendra du <strong>28 novembre au 28 d\u00e9cembre 2025<\/strong>.<\/p>\n<ul class=\"wp-block-list\">\n<li>Ouvert tous les jours (y compris le 24 et le 25 d\u00e9cembre).<\/li>\n<li>Horaires : 11h \u00e0 21h30;<\/li>\n<\/ul>\n<p>Lieu : <strong>Place des Quinconces, Bordeaux<\/strong><br \/>Un cadre central et spacieux, parfait pour accueillir les chalets et profiter des illuminations.<\/p>\n<p>Plus de 100 exposants et artisans<\/p>\n<p>Le march\u00e9 rassemble plus d\u2019une centaine de chalets en bois proposant :<\/p>\n<ul class=\"wp-block-list\">\n<li>Id\u00e9es cadeaux : bijoux, d\u00e9corations de No\u00ebl, accessoires, bougies, objets artisanaux.<\/li>\n<li>Produits locaux : gastronomie du Sud-Ouest, vins de Bordeaux (avec mod\u00e9ration), sp\u00e9cialit\u00e9s r\u00e9gionales.<\/li>\n<li>Cr\u00e9ateurs : textile, art graphique, artisanat \u00e9coresponsable.<\/li>\n<\/ul>\n<p>Les gourmandises incontournables<\/p>\n<p>Impossible de quitter le march\u00e9 sans go\u00fbter aux sp\u00e9cialit\u00e9s de No\u00ebl :<\/p>\n<ul class=\"wp-block-list\">\n<li>Vin chaud et chocolat chaud<\/li>\n<li>Marrons grill\u00e9s<\/li>\n<li>Cr\u00eapes, gaufres et autres douceurs sucr\u00e9es<\/li>\n<li>Produits du terroir \u00e0 d\u00e9guster ou \u00e0 offrir<\/li>\n<\/ul>\n<p>Animations et spectacles au March\u00e9 de No\u00ebl<\/p>\n<p>Le <strong>March\u00e9 de No\u00ebl de Bordeaux 2025<\/strong> propose de nombreuses animations pour toute la famille :<\/p>\n<ul class=\"wp-block-list\">\n<li>Rencontre avec le P\u00e8re No\u00ebl et photo souvenir.<\/li>\n<li>Ateliers cr\u00e9atifs pour enfants : bricolage, maquillage, d\u00e9coration de No\u00ebl.<\/li>\n<li>Spectacles de rue : musiciens, th\u00e9\u00e2tre, d\u00e9ambulations f\u00e9eriques.<\/li>\n<li>Man\u00e8ges et carrousels pour les plus jeunes.<\/li>\n<li>Illuminations chaque soir dans le centre-ville<\/li>\n<\/ul>\n<p>Acc\u00e8s et infos pratiques<\/p>\n<ul class=\"wp-block-list\">\n<li><strong>Transports en commun<\/strong> : Tram B et C \u2013 arr\u00eat Quinconces.<\/li>\n<li><strong>Parkings \u00e0 proximit\u00e9<\/strong> : Tourny, Bourse, All\u00e9es de Chartres (mais privil\u00e9giez le tram pour \u00e9viter les embouteillages).<\/li>\n<li><strong>Accessibilit\u00e9 PMR<\/strong> : am\u00e9nagements et passages larges pour fauteuils roulants.<\/li>\n<\/ul>\n<p>Conseils :<\/p>\n<ul class=\"wp-block-list\">\n<li>Venez en semaine pour \u00e9viter la foule.<\/li>\n<li>Habillez-vous chaudement pour profiter des soir\u00e9es illumin\u00e9es.<\/li>\n<li>Pr\u00e9voyez un sac solide pour vos achats.<\/li>\n<\/ul>\n<p>FAQ \u2013 March\u00e9 de No\u00ebl de Bordeaux 2025<\/p>\n<p><strong>Quand commence le March\u00e9 de No\u00ebl \u00e0 Bordeaux ?<\/strong><br \/>Du 28 novembre au 28 d\u00e9cembre 2025.<\/p>\n<p><strong>O\u00f9 se trouve le March\u00e9 de No\u00ebl de Bordeaux ?<\/strong><br \/>Place des Quinconces, en plein centre-ville.<\/p>\n<p><strong>Le march\u00e9 est-il gratuit ?<\/strong><br \/>Oui, l\u2019entr\u00e9e est gratuite (certaines animations sp\u00e9cifiques peuvent \u00eatre payantes).<\/p>\n<p><strong>Peut-on y aller avec des enfants ?<\/strong><br \/>Oui. Entre les man\u00e8ges, les ateliers et la rencontre avec le P\u00e8re No\u00ebl, c\u2019est une sortie id\u00e9ale en famille.<\/p>\n<p><strong>Quels sont les horaires ?<\/strong><br \/>Tous les jours de 11h \u00e0 21h (jusqu\u2019\u00e0 21h30 certains soirs).<\/p>\n<p>Le <strong>March\u00e9 de No\u00ebl de Bordeaux 2025<\/strong> est un \u00e9v\u00e9nement incontournable des f\u00eates de fin d\u2019ann\u00e9e. Avec ses 100 exposants, ses gourmandises hivernales, ses illuminations et ses nombreuses animations, il promet de ravir petits et grands.<br \/>Que vous soyez Bordelais ou touriste, c\u2019est le lieu id\u00e9al pour plonger dans la magie de No\u00ebl et trouver des cadeaux uniques.<\/p>\n<p>Toutes les infos sur le site officiel <a href=\"https:\/\/www.marche-de-noel-bordeaux.com\" rel=\"nofollow noopener\" target=\"_blank\">https:\/\/www.marche-de-noel-bordeaux.com<\/a><\/p>\n","protected":false},"excerpt":{"rendered":"Le March\u00e9 de No\u00ebl de Bordeaux 2025 est de retour pour enchanter la ville ! Chaque hiver, la&hellip;\n","protected":false},"author":2,"featured_media":426837,"comment_status":"","ping_status":"","sticky":false,"template":"","format":"standard","meta":{"footnotes":""},"categories":[2817],"tags":[1111,11,1997,1777,674,1011,27,12,2219,25],"class_list":{"0":"post-426836","1":"post","2":"type-post","3":"status-publish","4":"format-standard","5":"has-post-thumbnail","7":"category-bordeaux","8":"tag-actu","9":"tag-actualites","10":"tag-bordeaux","11":"tag-eu","12":"tag-europe","13":"tag-fr","14":"tag-france","15":"tag-news","16":"tag-nouvelle-aquitaine","17":"tag-republique-francaise"},"share_on_mastodon":{"url":"https:\/\/pubeurope.com\/@fr\/115289260339035035","error":""},"_links":{"self":[{"href":"https:\/\/www.europesays.com\/fr\/wp-json\/wp\/v2\/posts\/426836","targetHints":{"allow":["GET"]}}],"collection":[{"href":"https:\/\/www.europesays.com\/fr\/wp-json\/wp\/v2\/posts"}],"about":[{"href":"https:\/\/www.europesays.com\/fr\/wp-json\/wp\/v2\/types\/post"}],"author":[{"embeddable":true,"href":"https:\/\/www.europesays.com\/fr\/wp-json\/wp\/v2\/users\/2"}],"replies":[{"embeddable":true,"href":"https:\/\/www.europesays.com\/fr\/wp-json\/wp\/v2\/comments?post=426836"}],"version-history":[{"count":0,"href":"https:\/\/www.europesays.com\/fr\/wp-json\/wp\/v2\/posts\/426836\/revisions"}],"wp:featuredmedia":[{"embeddable":true,"href":"https:\/\/www.europesays.com\/fr\/wp-json\/wp\/v2\/media\/426837"}],"wp:attachment":[{"href":"https:\/\/www.europesays.com\/fr\/wp-json\/wp\/v2\/media?parent=426836"}],"wp:term":[{"taxonomy":"category","embeddable":true,"href":"https:\/\/www.europesays.com\/fr\/wp-json\/wp\/v2\/categories?post=426836"},{"taxonomy":"post_tag","embeddable":true,"href":"https:\/\/www.europesays.com\/fr\/wp-json\/wp\/v2\/tags?post=426836"}],"curies":[{"name":"wp","href":"https:\/\/api.w.org\/{rel}","templated":true}]}}