{"id":426838,"date":"2025-09-29T19:34:10","date_gmt":"2025-09-29T19:34:10","guid":{"rendered":"https:\/\/www.europesays.com\/fr\/426838\/"},"modified":"2025-09-29T19:34:10","modified_gmt":"2025-09-29T19:34:10","slug":"suspecte-davoir-tue-un-cycliste-un-chauffeur-de-poids-lourd-mis-en-examen","status":"publish","type":"post","link":"https:\/\/www.europesays.com\/fr\/426838\/","title":{"rendered":"Suspect\u00e9 d\u2019avoir tu\u00e9 un cycliste, un chauffeur de poids lourd mis en examen"},"content":{"rendered":"<p>Le drame survenu dans la nuit du 21 au 22\u00a0septembre au Haillan, \u00e0 l\u2019ouest de <a href=\"https:\/\/www.20minutes.fr\/bordeaux\/\" target=\"_blank\" class=\"c-link c-link--is-underlined\" rel=\"noopener\">Bordeaux<\/a>, a d\u00e9bouch\u00e9 sur la premi\u00e8re <a href=\"https:\/\/www.20minutes.fr\/dossier\/mise_en_examen\" target=\"_blank\" class=\"c-link c-link--is-underlined\" rel=\"noopener\">mise en examen<\/a> pour \u00ab\u00a0homicide routier avec d\u00e9lit de fuite\u00a0\u00bb depuis l\u2019entr\u00e9e en vigueur de la nouvelle loi. Un <a href=\"https:\/\/www.20minutes.fr\/dossier\/routiers\" target=\"_blank\" class=\"c-link c-link--is-underlined\" rel=\"noopener\">chauffeur routier<\/a> de 28 ans a \u00e9t\u00e9 interpell\u00e9 jeudi et pr\u00e9sent\u00e9 samedi \u00e0 un juge d\u2019instruction, selon des informations initialement r\u00e9v\u00e9l\u00e9es par Sud Ouest. L\u2019homme est suspect\u00e9 d\u2019avoir mortellement renvers\u00e9 un <a href=\"https:\/\/www.20minutes.fr\/dossier\/cycliste\" target=\"_blank\" class=\"c-link c-link--is-underlined\" rel=\"noopener\">cycliste<\/a>.<\/p>\n<p>Le corps de la victime, un homme de 55 ans domicili\u00e9 \u00e0 Eysines, avait \u00e9t\u00e9 d\u00e9couvert au niveau d\u2019un rond-point alors qu\u2019il se rendait \u00e0 son travail, v\u00eatu d\u2019un gilet orange. Dans un communiqu\u00e9, le procureur de la R\u00e9publique de Bordeaux, Renaud Gaudeul, pr\u00e9cise\u00a0: \u00ab\u00a0S\u2019il a admis \u00eatre \u00e0 l\u2019origine du d\u00e9c\u00e8s de la victime, il a contest\u00e9 avoir sciemment pris la fuite.\u00a0\u00bb<\/p>\n<\/p>\n<p>Un long combat des associations et des victimes<\/p>\n<p>Le conducteur a \u00e9t\u00e9 plac\u00e9 sous contr\u00f4le judiciaire avec interdiction de conduire tout v\u00e9hicule terrestre \u00e0 moteur et obligation de soins. Cette affaire illustre l\u2019application de la loi du 9\u00a0juillet, issue d\u2019un long combat des familles et associations de victimes, qui cr\u00e9e le d\u00e9lit d\u2019homicide routier pour les accidents mortels de la circulation accompagn\u00e9s d\u2019au moins une circonstance aggravante.<\/p>\n<p><a href=\"https:\/\/www.20minutes.fr\/dossier\/gironde\" class=\"c-link c-btn c-btn--primary\" target=\"_blank\" rel=\"noopener\">Toute l&rsquo;actualit\u00e9 en Gironde<\/a><\/p>\n<p>Jusque-l\u00e0, de tels faits \u00e9taient poursuivis au titre d\u2019homicides involontaires, m\u00eame en cas de comportements d\u00e9lib\u00e9r\u00e9ment dangereux comme la conduite sous stup\u00e9fiants ou sans permis.<\/p>\n","protected":false},"excerpt":{"rendered":"Le drame survenu dans la nuit du 21 au 22\u00a0septembre au Haillan, \u00e0 l\u2019ouest de Bordeaux, a d\u00e9bouch\u00e9&hellip;\n","protected":false},"author":2,"featured_media":426839,"comment_status":"","ping_status":"","sticky":false,"template":"","format":"standard","meta":{"footnotes":""},"categories":[2817],"tags":[4376,1111,47,11,3177,1997,4378,22098,3983,1777,674,118,1011,27,2905,2683,5117,12,2219,10635,25],"class_list":{"0":"post-426838","1":"post","2":"type-post","3":"status-publish","4":"format-standard","5":"has-post-thumbnail","7":"category-bordeaux","8":"tag-accident-de-la-route","9":"tag-actu","10":"tag-actualite","11":"tag-actualites","12":"tag-aquitaine","13":"tag-bordeaux","14":"tag-chauffard","15":"tag-cycliste","16":"tag-deces","17":"tag-eu","18":"tag-europe","19":"tag-faits-divers","20":"tag-fr","21":"tag-france","22":"tag-gironde","23":"tag-homicide","24":"tag-mise-en-examen","25":"tag-news","26":"tag-nouvelle-aquitaine","27":"tag-poids-lourd","28":"tag-republique-francaise"},"share_on_mastodon":{"url":"https:\/\/pubeurope.com\/@fr\/115289264291104622","error":""},"_links":{"self":[{"href":"https:\/\/www.europesays.com\/fr\/wp-json\/wp\/v2\/posts\/426838","targetHints":{"allow":["GET"]}}],"collection":[{"href":"https:\/\/www.europesays.com\/fr\/wp-json\/wp\/v2\/posts"}],"about":[{"href":"https:\/\/www.europesays.com\/fr\/wp-json\/wp\/v2\/types\/post"}],"author":[{"embeddable":true,"href":"https:\/\/www.europesays.com\/fr\/wp-json\/wp\/v2\/users\/2"}],"replies":[{"embeddable":true,"href":"https:\/\/www.europesays.com\/fr\/wp-json\/wp\/v2\/comments?post=426838"}],"version-history":[{"count":0,"href":"https:\/\/www.europesays.com\/fr\/wp-json\/wp\/v2\/posts\/426838\/revisions"}],"wp:featuredmedia":[{"embeddable":true,"href":"https:\/\/www.europesays.com\/fr\/wp-json\/wp\/v2\/media\/426839"}],"wp:attachment":[{"href":"https:\/\/www.europesays.com\/fr\/wp-json\/wp\/v2\/media?parent=426838"}],"wp:term":[{"taxonomy":"category","embeddable":true,"href":"https:\/\/www.europesays.com\/fr\/wp-json\/wp\/v2\/categories?post=426838"},{"taxonomy":"post_tag","embeddable":true,"href":"https:\/\/www.europesays.com\/fr\/wp-json\/wp\/v2\/tags?post=426838"}],"curies":[{"name":"wp","href":"https:\/\/api.w.org\/{rel}","templated":true}]}}