{"id":42684,"date":"2025-04-22T00:01:14","date_gmt":"2025-04-22T00:01:14","guid":{"rendered":"https:\/\/www.europesays.com\/fr\/42684\/"},"modified":"2025-04-22T00:01:14","modified_gmt":"2025-04-22T00:01:14","slug":"toulouse-larcheveque-annonce-une-messe-en-la-memoire-du-pape-francois","status":"publish","type":"post","link":"https:\/\/www.europesays.com\/fr\/42684\/","title":{"rendered":"Toulouse. L&rsquo;archev\u00eaque annonce une messe en la m\u00e9moire du Pape Fran\u00e7ois"},"content":{"rendered":"<p>            Par<br \/>\n        <strong><br \/>\n            <a href=\"https:\/\/actu.fr\/auteur\/lea-afonso\" title=\"Consulter tous les articles de L\u00e9a Afonso\" rel=\"nofollow noopener\" target=\"_blank\">L\u00e9a Afonso<\/a><br \/>\n        <\/strong><\/p>\n<p>        Publi\u00e9 le<\/p>\n<p>            21 avr. 2025 \u00e0 17h45<br \/>\n        ; mis \u00e0 jour le 21 avr. 2025 \u00e0 18h05    <\/p>\n<p>C\u2019est une annonce qui bouleverse l\u2019\u00c9glise et le monde ce lundi 21 avril 2025, lundi de P\u00e2ques\u2009: <a href=\"https:\/\/actu.fr\/societe\/le-pape-francois-est-mort-annonce-le-vatican_62254072.html\" rel=\"nofollow noopener\" target=\"_blank\">le d\u00e9c\u00e8s du Pape Fran\u00e7ois<\/a> \u2014 <a href=\"https:\/\/actu.fr\/societe\/joyeuses-paques-le-pape-francois-toujours-affaibli-apparait-au-balcon-de-la-basilique-saint-pierre_62536420.html\" rel=\"nofollow noopener\" target=\"_blank\">au lendemain de son apparition au balcon de la basilique Saint-Pierre<\/a> \u2014. Quelques heures apr\u00e8s la communication du Vatican, Guy de K\u00e9rimel, <strong>archev\u00eaque de Toulouse<\/strong>, annonce \u00e0 Actu Toulouse une messe dans la Ville rose.<\/p>\n<p>Une messe en l\u2019honneur du d\u00e9funt Pape<\/p>\n<p class=\" wall-content\">Toulouse ne pouvait pas passer \u00e0 c\u00f4t\u00e9 des comm\u00e9morations en l\u2019honneur du Pape Fran\u00e7ois. \u00ab<strong>\u2009Mercredi 23\u00a0avril, \u00e0 19\u2009h, la cath\u00e9drale Saint-Etienne<\/strong> rendra gr\u00e2ce au d\u00e9funt Pape\u2009\u00bb, confie Guy de K\u00e9rimel.<\/p>\n<p class=\" wall-content\">Une messe qui sera c\u00e9l\u00e9br\u00e9e \u00ab\u2009par l\u2019\u00e9v\u00eaque auxiliaire de Toulouse, Monseigneur Batut, en raison de mon indisponibilit\u00e9, ajoute Guy de K\u00e9rimel. <strong>J\u2019appelle les autres paroisses<\/strong> du dioc\u00e8se \u00e0 <strong>organiser des messes<\/strong> comm\u00e9moratives \u00e0 la <strong>m\u00eame heure<\/strong>\u2009\u00bb. Une c\u00e9l\u00e9bration qui sera ouverte \u00e0 tous les \u00ab\u2009chr\u00e9tiens souhaitant y participer\u2009\u00bb.<\/p>\n<p class=\" wall-content\">D\u00e8s l\u2019annonce du Vatican ce lundi\u00a021 au matin, un portrait du Pape Fran\u00e7ois a \u00e9t\u00e9 install\u00e9 dans la cath\u00e9drale Saint-Etienne.<\/p>\n<p>\u00ab\u2009C\u2019est une page qui se tourne\u2009\u00bb<\/p>\n<p class=\" wall-content\">Une nouvelle bouleversante, mais attendue pour Guy de K\u00e9rimel\u2009: \u00ab\u2009J\u2019ai appris la nouvelle par le vicaire g\u00e9n\u00e9ral qui m\u2019a appel\u00e9 dans la matin\u00e9e, \u00e7a m\u2019a touch\u00e9, mais <strong>je n\u2019ai pas \u00e9t\u00e9 surpris<\/strong>. \u00c0 la vue de son \u00e9tat ces derni\u00e8res semaines, je m\u2019attendais \u00e0 son d\u00e9c\u00e8s. Mais peut-\u00eatre pas aussi rapidement suite \u00e0 son apparition pour le dimanche de P\u00e2ques. Je trouve \u00e7a d\u2019ailleurs tr\u00e8s beau que le <strong>Pape meure au moment de la r\u00e9surrection du Christ<\/strong>. Il est symbolique de montrer que la vie ne se termine pas \u00e0 la mort\u2009\u00bb, se confit-il.<\/p>\n<p>Vid\u00e9os : en ce moment sur Actu<\/p>\n<p class=\" wall-content\">Pour le moment, \u00ab\u2009je n\u2019ai pas forc\u00e9ment eu de remont\u00e9es des Toulousains, d\u2019autant que nous sommes le lundi de P\u00e2ques. Mais les croyants vont se manifester. C\u2019est une page qui se tourne avec une certaine tristesse. Son histoire ne peut pas nous laisser indiff\u00e9rent\u2009\u00bb.<\/p>\n<p>Quid de la suite\u2009?<\/p>\n<p class=\" wall-content\">En attendant l\u2019annonce des fun\u00e9railles du Pape Fran\u00e7ois et le rassemblement des cardinaux pour \u00e9lire son successeur, \u00ab\u2009nous allons continuer de prier tous les jours, comme j\u2019ai pu le faire ce matin, suite \u00e0 cette annonce. Les fid\u00e8les toulousains peuvent aussi prier et se rendre dans les \u00e9glises pour <strong>montrer leur foi<\/strong>\u2009\u00bb, conclut l\u2019Archev\u00eaque.<\/p>\n<p class=\" wall-content\">Suivez toute l\u2019actualit\u00e9 de vos villes et m\u00e9dias favoris en vous inscrivant \u00e0 <a href=\"https:\/\/moncompte.actu.fr\" title=\"D\u00e9couvez Mon Actu\" rel=\"nofollow noopener\" data-trk=\"{&quot;cta&quot;:{&quot;action&quot;:&quot;https:\\\/\\\/moncompte.actu.fr&quot;,&quot;category&quot;:&quot;mon compte&quot;,&quot;from&quot;:&quot;article footer&quot;,&quot;name&quot;:&quot;Mon actu&quot;,&quot;type&quot;:&quot;cta&quot;}}\" target=\"_blank\">Mon Actu<\/a>.<\/p>\n","protected":false},"excerpt":{"rendered":"Par L\u00e9a Afonso Publi\u00e9 le 21 avr. 2025 \u00e0 17h45 ; mis \u00e0 jour le 21 avr. 2025&hellip;\n","protected":false},"author":2,"featured_media":42685,"comment_status":"","ping_status":"","sticky":false,"template":"","format":"standard","meta":{"footnotes":""},"categories":[2816],"tags":[1111,11,1777,674,1011,27,12,2680,4692,25,104,2312],"class_list":{"0":"post-42684","1":"post","2":"type-post","3":"status-publish","4":"format-standard","5":"has-post-thumbnail","7":"category-toulouse","8":"tag-actu","9":"tag-actualites","10":"tag-eu","11":"tag-europe","12":"tag-fr","13":"tag-france","14":"tag-news","15":"tag-occitanie","16":"tag-pape-francois","17":"tag-republique-francaise","18":"tag-societe","19":"tag-toulouse"},"share_on_mastodon":{"url":"https:\/\/pubeurope.com\/@fr\/114378682082760624","error":""},"_links":{"self":[{"href":"https:\/\/www.europesays.com\/fr\/wp-json\/wp\/v2\/posts\/42684","targetHints":{"allow":["GET"]}}],"collection":[{"href":"https:\/\/www.europesays.com\/fr\/wp-json\/wp\/v2\/posts"}],"about":[{"href":"https:\/\/www.europesays.com\/fr\/wp-json\/wp\/v2\/types\/post"}],"author":[{"embeddable":true,"href":"https:\/\/www.europesays.com\/fr\/wp-json\/wp\/v2\/users\/2"}],"replies":[{"embeddable":true,"href":"https:\/\/www.europesays.com\/fr\/wp-json\/wp\/v2\/comments?post=42684"}],"version-history":[{"count":0,"href":"https:\/\/www.europesays.com\/fr\/wp-json\/wp\/v2\/posts\/42684\/revisions"}],"wp:featuredmedia":[{"embeddable":true,"href":"https:\/\/www.europesays.com\/fr\/wp-json\/wp\/v2\/media\/42685"}],"wp:attachment":[{"href":"https:\/\/www.europesays.com\/fr\/wp-json\/wp\/v2\/media?parent=42684"}],"wp:term":[{"taxonomy":"category","embeddable":true,"href":"https:\/\/www.europesays.com\/fr\/wp-json\/wp\/v2\/categories?post=42684"},{"taxonomy":"post_tag","embeddable":true,"href":"https:\/\/www.europesays.com\/fr\/wp-json\/wp\/v2\/tags?post=42684"}],"curies":[{"name":"wp","href":"https:\/\/api.w.org\/{rel}","templated":true}]}}