{"id":426850,"date":"2025-09-29T19:40:12","date_gmt":"2025-09-29T19:40:12","guid":{"rendered":"https:\/\/www.europesays.com\/fr\/426850\/"},"modified":"2025-09-29T19:40:12","modified_gmt":"2025-09-29T19:40:12","slug":"marseille-deroule-le-tapis-rouge-aux-chercheurs-americains","status":"publish","type":"post","link":"https:\/\/www.europesays.com\/fr\/426850\/","title":{"rendered":"Marseille d\u00e9roule le tapis rouge aux chercheurs am\u00e9ricains"},"content":{"rendered":"<p>Denis Bertin a l&rsquo;habitude des situations de crise. Chaque ann\u00e9e, le pr\u00e9sident de l&rsquo;Im\u00e9ra, l&rsquo;Institut d&rsquo;\u00e9tudes avanc\u00e9es d&rsquo;Aix-<a class=\"Link\" href=\"https:\/\/www.lepoint.fr\/tags\/marseille\" data-gtm=\"click:capsule\" data-capsule=\"Lien\" target=\"_blank\" rel=\"noopener\">Marseille<\/a> Universit\u00e9 (AMU), re\u00e7oit 300\u00a0candidatures de chercheurs et artistes \u00e9trangers, dont certains en grande difficult\u00e9, tel ce Palestinien que l&rsquo;universitaire a r\u00e9ussi \u00e0 accueillir en r\u00e9sidence avec sa famille au\u00a0bout d&rsquo;un an de bataille diplomatique.<\/p>\n<p>Mais jamais il n&rsquo;aurait imagin\u00e9 que des chercheurs am\u00e9ricains seraient contraints \u00e0 l&rsquo;exil. \u00ab\u00a0En septembre 2024, nous avons accueilli quatre coll\u00e8gues d&rsquo;outre-Atlantique qui nous faisaient d\u00e9j\u00e0 part de leurs inqui\u00e9tudes \u00e0 la suite de la victoire de <a class=\"Link\" href=\"https:\/\/www.lepoint.fr\/tags\/donald-trump\" data-gtm=\"click:capsule\" data-capsule=\"Lien\" target=\"_blank\" rel=\"noopener\">Donald Trump<\/a>.<\/p>\n<p>Apr\u00e8s sa prise de fonctions, tout s&rsquo;est acc\u00e9l\u00e9r\u00e9\u00a0: ils ont vu des proches \u00eatre licenci\u00e9s du jour au lendemain des agences f\u00e9d\u00e9rales pour lesquelles ils tr&#8230;<\/p>\n<p>Toute l\u2019actualit\u00e9 \u00e0 1\u20ac le premier mois<\/p>\n<p><a href=\"https:\/\/abo.lepoint.fr\/?provenance=21EDI020098\" class=\"btn\" title=\"S&#039;abonner\" data-gtm=\"click:abo|display:abo\" data-campaign=\"paywall_maison\" target=\"_blank\" rel=\"noopener\">S&rsquo;abonner<\/a><\/p>\n<p>ou<\/p>\n<p>La newsletter sciences et tech<\/p>\n<p class=\"period\">Tous les samedis \u00e0 16h<\/p>\n<p>Recevez toute l\u2019actualit\u00e9 de la sciences et des techs et plongez dans les Grands entretiens, d\u00e9couvertes majeures, innovations et coulisses&#8230;<\/p>\n<p>Merci !<br \/>Votre inscription a bien \u00e9t\u00e9 prise en compte avec l&rsquo;adresse email :<\/p>\n<p>Pour d\u00e9couvrir toutes nos autres newsletters, rendez-vous ici : <a href=\"https:\/\/moncompte.lepoint.fr\/\" title=\"\" target=\"_blank\" rel=\"noopener\">MonCompte<\/a><\/p>\n<p>En vous inscrivant, vous acceptez les <a href=\"https:\/\/www.lepoint.fr\/html\/cgu\/\" title=\"Conditions g\u00e9n\u00e9rales d&#039;utilisation\" target=\"_blank\" rel=\"noopener\">conditions g\u00e9n\u00e9rales d\u2019utilisations<\/a> et notre <a href=\"https:\/\/www.lepoint.fr\/html\/politique-de-protection-donnees-personnelles\/\" title=\"Politique de confidentialit\u00e9\" target=\"_blank\" rel=\"noopener\">politique de confidentialit\u00e9<\/a>.<\/p>\n","protected":false},"excerpt":{"rendered":"Denis Bertin a l&rsquo;habitude des situations de crise. Chaque ann\u00e9e, le pr\u00e9sident de l&rsquo;Im\u00e9ra, l&rsquo;Institut d&rsquo;\u00e9tudes avanc\u00e9es d&rsquo;Aix-Marseille&hellip;\n","protected":false},"author":2,"featured_media":426851,"comment_status":"","ping_status":"","sticky":false,"template":"","format":"standard","meta":{"footnotes":""},"categories":[2814],"tags":[1111,11,75,73,1777,674,1011,27,884,333,12,882,25],"class_list":{"0":"post-426850","1":"post","2":"type-post","3":"status-publish","4":"format-standard","5":"has-post-thumbnail","7":"category-marseille","8":"tag-actu","9":"tag-actualites","10":"tag-donald-trump","11":"tag-etats-unis","12":"tag-eu","13":"tag-europe","14":"tag-fr","15":"tag-france","16":"tag-marseille","17":"tag-nasa","18":"tag-news","19":"tag-provence-alpes-cote-dazur","20":"tag-republique-francaise"},"share_on_mastodon":{"url":"https:\/\/pubeurope.com\/@fr\/115289287911881002","error":""},"_links":{"self":[{"href":"https:\/\/www.europesays.com\/fr\/wp-json\/wp\/v2\/posts\/426850","targetHints":{"allow":["GET"]}}],"collection":[{"href":"https:\/\/www.europesays.com\/fr\/wp-json\/wp\/v2\/posts"}],"about":[{"href":"https:\/\/www.europesays.com\/fr\/wp-json\/wp\/v2\/types\/post"}],"author":[{"embeddable":true,"href":"https:\/\/www.europesays.com\/fr\/wp-json\/wp\/v2\/users\/2"}],"replies":[{"embeddable":true,"href":"https:\/\/www.europesays.com\/fr\/wp-json\/wp\/v2\/comments?post=426850"}],"version-history":[{"count":0,"href":"https:\/\/www.europesays.com\/fr\/wp-json\/wp\/v2\/posts\/426850\/revisions"}],"wp:featuredmedia":[{"embeddable":true,"href":"https:\/\/www.europesays.com\/fr\/wp-json\/wp\/v2\/media\/426851"}],"wp:attachment":[{"href":"https:\/\/www.europesays.com\/fr\/wp-json\/wp\/v2\/media?parent=426850"}],"wp:term":[{"taxonomy":"category","embeddable":true,"href":"https:\/\/www.europesays.com\/fr\/wp-json\/wp\/v2\/categories?post=426850"},{"taxonomy":"post_tag","embeddable":true,"href":"https:\/\/www.europesays.com\/fr\/wp-json\/wp\/v2\/tags?post=426850"}],"curies":[{"name":"wp","href":"https:\/\/api.w.org\/{rel}","templated":true}]}}