{"id":426852,"date":"2025-09-29T19:41:10","date_gmt":"2025-09-29T19:41:10","guid":{"rendered":"https:\/\/www.europesays.com\/fr\/426852\/"},"modified":"2025-09-29T19:41:10","modified_gmt":"2025-09-29T19:41:10","slug":"rhone-sept-enfants-dun-college-au-nord-de-lyon-pris-en-charge-pour-une-suspicion-dintoxication-alimentaire","status":"publish","type":"post","link":"https:\/\/www.europesays.com\/fr\/426852\/","title":{"rendered":"Rh\u00f4ne. Sept enfants d\u2019un coll\u00e8ge au nord de Lyon pris en charge pour une suspicion d\u2019intoxication alimentaire"},"content":{"rendered":"<p>Le repas de ce lundi 29\u00a0septembre ne s\u2019est pas pass\u00e9 comme pr\u00e9vu, au coll\u00e8ge Jacques-C\u0153ur \u00e0 Lentilly.\u00a0Sept enfants ont \u00e9t\u00e9 pris en charge par les sapeurs-pompiers \u00e0 la suite d\u2019une suspicion d\u2019intoxication alimentaire. Les gendarmes se sont \u00e9galement rendus dans l\u2019\u00e9tablissement.<\/p>\n<p>Ce contenu est bloqu\u00e9 car vous n&rsquo;avez pas accept\u00e9 les cookies et autres traceurs.<\/p>\n<p>En cliquant sur \u00ab J\u2019accepte \u00bb, les cookies et autres traceurs seront d\u00e9pos\u00e9s et vous pourrez visualiser les contenus  (<a href=\"\" class=\"consentModule_policy\" target=\"_blank\" title=\"Consulter la politique de protection des donn\u00e9es du fournisseur\">plus d&rsquo;informations<\/a>).<\/p>\n<p>En cliquant sur \u00ab J\u2019accepte tous les cookies \u00bb, vous autorisez des d\u00e9p\u00f4ts de cookies et autres traceurs pour le stockage de vos donn\u00e9es sur nos sites et applications \u00e0 des fins de personnalisation et de ciblage publicitaire.<\/p>\n<p class=\"consentModule_secondaryText\">Vous gardez la possibilit\u00e9 de retirer votre consentement \u00e0 tout moment en consultant notre <a href=\"https:\/\/www.leprogres.fr\/protection-des-donnees\" target=\"_blank\" title=\"Consulter notre politique de protection des donn\u00e9es\" rel=\"noopener\">politique de protection des donn\u00e9es<\/a>. <br \/>&#13;<br \/>\n            <a href=\"https:\/\/www.leprogres.fr\/faits-divers-justice\/2025\/09\/29\/javascript:Didomi.notice.show()\" class=\"consentModule_cmp\" target=\"_blank\" rel=\"noopener\">G\u00e9rer mes choix<\/a>&#13;\n        <\/p>\n<p>&#13;<br \/>\n                        J&rsquo;accepte&#13;<br \/>\n            J&rsquo;accepte tous les cookies&#13;\n        <\/p>\n<p>  Des analyses men\u00e9es par l\u2019ARS<\/p>\n<p>Les sympt\u00f4mes, notamment des maux de ventre, sont apparus \u00e0 la pause m\u00e9ridienne. \u00ab\u00a0Sept enfants sont concern\u00e9s, dont deux cas sont \u00e0 contr\u00f4ler, mais sans gravit\u00e9\u00a0\u00bb, pr\u00e9cise au Progr\u00e8s Nathalie Sorin, maire de Lentilly, rapidement alert\u00e9e.<\/p>\n<p>L\u2019agence r\u00e9gionale de sant\u00e9 (ARS) a \u00e9galement \u00e9t\u00e9 d\u00e9p\u00each\u00e9e pour mener des analyses, afin d\u2019\u00e9tablir ou non le lien avec la cantine du coll\u00e8ge. \u00ab\u00a0Ce sont 7 enfants sur 800, les analyses sont en cours. Nous n\u2019avons pas d\u2019\u00e9l\u00e9ments particuliers, pour le moment on attend\u00a0\u00bb, confirme le principal du coll\u00e8ge <a href=\"https:\/\/www.leprogres.fr\/education\/2021\/09\/04\/college-jacques-coeur-laurent-malaize-est-le-nouveau-principal\" target=\"_blank\" rel=\"noopener\">Laurent Malaize<\/a>.<\/p>\n","protected":false},"excerpt":{"rendered":"Le repas de ce lundi 29\u00a0septembre ne s\u2019est pas pass\u00e9 comme pr\u00e9vu, au coll\u00e8ge Jacques-C\u0153ur \u00e0 Lentilly.\u00a0Sept enfants&hellip;\n","protected":false},"author":2,"featured_media":426853,"comment_status":"","ping_status":"","sticky":false,"template":"","format":"standard","meta":{"footnotes":""},"categories":[1889],"tags":[1111,11,2430,3155,1057,1777,674,274,107,1011,27,27187,42083,2428,12,25,2429,71],"class_list":{"0":"post-426852","1":"post","2":"type-post","3":"status-publish","4":"format-standard","5":"has-post-thumbnail","7":"category-lyon","8":"tag-actu","9":"tag-actualites","10":"tag-auvergne-rhone-alpes","11":"tag-edition-tarare","12":"tag-education","13":"tag-eu","14":"tag-europe","15":"tag-faits-divers-justice","16":"tag-fil-info","17":"tag-fr","18":"tag-france","19":"tag-larbresle-bassin","20":"tag-lentilly","21":"tag-lyon","22":"tag-news","23":"tag-republique-francaise","24":"tag-rhone","25":"tag-sante"},"share_on_mastodon":{"url":"https:\/\/pubeurope.com\/@fr\/115289291733655517","error":""},"_links":{"self":[{"href":"https:\/\/www.europesays.com\/fr\/wp-json\/wp\/v2\/posts\/426852","targetHints":{"allow":["GET"]}}],"collection":[{"href":"https:\/\/www.europesays.com\/fr\/wp-json\/wp\/v2\/posts"}],"about":[{"href":"https:\/\/www.europesays.com\/fr\/wp-json\/wp\/v2\/types\/post"}],"author":[{"embeddable":true,"href":"https:\/\/www.europesays.com\/fr\/wp-json\/wp\/v2\/users\/2"}],"replies":[{"embeddable":true,"href":"https:\/\/www.europesays.com\/fr\/wp-json\/wp\/v2\/comments?post=426852"}],"version-history":[{"count":0,"href":"https:\/\/www.europesays.com\/fr\/wp-json\/wp\/v2\/posts\/426852\/revisions"}],"wp:featuredmedia":[{"embeddable":true,"href":"https:\/\/www.europesays.com\/fr\/wp-json\/wp\/v2\/media\/426853"}],"wp:attachment":[{"href":"https:\/\/www.europesays.com\/fr\/wp-json\/wp\/v2\/media?parent=426852"}],"wp:term":[{"taxonomy":"category","embeddable":true,"href":"https:\/\/www.europesays.com\/fr\/wp-json\/wp\/v2\/categories?post=426852"},{"taxonomy":"post_tag","embeddable":true,"href":"https:\/\/www.europesays.com\/fr\/wp-json\/wp\/v2\/tags?post=426852"}],"curies":[{"name":"wp","href":"https:\/\/api.w.org\/{rel}","templated":true}]}}