{"id":426854,"date":"2025-09-29T19:42:13","date_gmt":"2025-09-29T19:42:13","guid":{"rendered":"https:\/\/www.europesays.com\/fr\/426854\/"},"modified":"2025-09-29T19:42:13","modified_gmt":"2025-09-29T19:42:13","slug":"la-metropole-renforce-le-fonds-solidarite-pour-le-logement","status":"publish","type":"post","link":"https:\/\/www.europesays.com\/fr\/426854\/","title":{"rendered":"la M\u00e9tropole renforce le Fonds solidarit\u00e9 pour le logement"},"content":{"rendered":"<p>\u00ab\u00a0L\u2019appauvrissement dans et par le logement est un des ph\u00e9nom\u00e8nes les plus inqui\u00e9tants de ces derni\u00e8res ann\u00e9es\u00a0\u00bb, a mis en avant Renaud Payre, vice-pr\u00e9sident en charge du logement, ce lundi, lors du conseil m\u00e9tropolitain.\u00a0La part des d\u00e9penses des familles li\u00e9es au logement est pass\u00e9e de 12\u00a0% en 1959 \u00e0 plus de 30\u00a0% aujourd\u2019hui. En cause notamment\u00a0: la forte hausse des prix de l\u2019\u00e9nergie.<\/p>\n<p>C\u2019est dans ce contexte que les \u00e9lus ont planch\u00e9 sur le nouveau r\u00e8glement du Fonds de solidarit\u00e9 pour le logement (FSL)&#8230;<\/p>\n","protected":false},"excerpt":{"rendered":"\u00ab\u00a0L\u2019appauvrissement dans et par le logement est un des ph\u00e9nom\u00e8nes les plus inqui\u00e9tants de ces derni\u00e8res ann\u00e9es\u00a0\u00bb, a&hellip;\n","protected":false},"author":2,"featured_media":426855,"comment_status":"","ping_status":"","sticky":false,"template":"","format":"standard","meta":{"footnotes":""},"categories":[1889],"tags":[1111,11,2430,3152,2757,3153,3154,1777,674,1011,27,1908,2428,2756,12,316,25,2429,104],"class_list":{"0":"post-426854","1":"post","2":"type-post","3":"status-publish","4":"format-standard","5":"has-post-thumbnail","7":"category-lyon","8":"tag-actu","9":"tag-actualites","10":"tag-auvergne-rhone-alpes","11":"tag-edition-est-lyonnais","12":"tag-edition-lyon-villeurbanne","13":"tag-edition-ouest-lyonnais","14":"tag-edition-sud-lyonnais","15":"tag-eu","16":"tag-europe","17":"tag-fr","18":"tag-france","19":"tag-logement","20":"tag-lyon","21":"tag-lyon-bassin","22":"tag-news","23":"tag-politique","24":"tag-republique-francaise","25":"tag-rhone","26":"tag-societe"},"share_on_mastodon":{"url":"https:\/\/pubeurope.com\/@fr\/115289295624194476","error":""},"_links":{"self":[{"href":"https:\/\/www.europesays.com\/fr\/wp-json\/wp\/v2\/posts\/426854","targetHints":{"allow":["GET"]}}],"collection":[{"href":"https:\/\/www.europesays.com\/fr\/wp-json\/wp\/v2\/posts"}],"about":[{"href":"https:\/\/www.europesays.com\/fr\/wp-json\/wp\/v2\/types\/post"}],"author":[{"embeddable":true,"href":"https:\/\/www.europesays.com\/fr\/wp-json\/wp\/v2\/users\/2"}],"replies":[{"embeddable":true,"href":"https:\/\/www.europesays.com\/fr\/wp-json\/wp\/v2\/comments?post=426854"}],"version-history":[{"count":0,"href":"https:\/\/www.europesays.com\/fr\/wp-json\/wp\/v2\/posts\/426854\/revisions"}],"wp:featuredmedia":[{"embeddable":true,"href":"https:\/\/www.europesays.com\/fr\/wp-json\/wp\/v2\/media\/426855"}],"wp:attachment":[{"href":"https:\/\/www.europesays.com\/fr\/wp-json\/wp\/v2\/media?parent=426854"}],"wp:term":[{"taxonomy":"category","embeddable":true,"href":"https:\/\/www.europesays.com\/fr\/wp-json\/wp\/v2\/categories?post=426854"},{"taxonomy":"post_tag","embeddable":true,"href":"https:\/\/www.europesays.com\/fr\/wp-json\/wp\/v2\/tags?post=426854"}],"curies":[{"name":"wp","href":"https:\/\/api.w.org\/{rel}","templated":true}]}}