{"id":426856,"date":"2025-09-29T19:44:13","date_gmt":"2025-09-29T19:44:13","guid":{"rendered":"https:\/\/www.europesays.com\/fr\/426856\/"},"modified":"2025-09-29T19:44:13","modified_gmt":"2025-09-29T19:44:13","slug":"meaux-devient-la-ville-la-plus-sure-de-france-en-2025-actual-immo","status":"publish","type":"post","link":"https:\/\/www.europesays.com\/fr\/426856\/","title":{"rendered":"Meaux devient la ville la plus s\u00fbre de France en 2025 &#8211; Actual Immo"},"content":{"rendered":"<p><strong>Meaux bouscule les id\u00e9es re\u00e7ues : \u00e9lue ville la plus s\u00fbre de France en 2025, elle attire d\u00e9sormais familles et curieux. S\u00e9curit\u00e9, patrimoine et bords de Marne : d\u00e9couvrez pourquoi ce refuge discret d\u2019\u00cele-de-France m\u00e9rite votre prochain week-end.<\/strong><\/p>\n<p>La s\u00e9curit\u00e9 nouvel atout pour Meaux<\/p>\n<p>Un classement national qui change tout<\/p>\n<p>En 2025, Meaux d\u00e9croche la premi\u00e8re place au palmar\u00e8s des villes les plus s\u00fbres de France. Ce classement, \u00e9tabli sur la base d\u2019indicateurs pr\u00e9cis, repositionne totalement la perception de cette commune d\u2019\u00cele-de-France. Longtemps discr\u00e8te, elle devient d\u00e9sormais synonyme de tranquillit\u00e9 et de confiance.<\/p>\n<p>Ce nouveau statut a un effet imm\u00e9diat : les familles comme les voyageurs consid\u00e8rent Meaux sous un angle in\u00e9dit. Loin des st\u00e9r\u00e9otypes, la ville acquiert une r\u00e9putation solide et enviable. La s\u00e9curit\u00e9 devient un argument fort, qui rassure et attire de nouveaux visiteurs.<\/p>\n<p>Une r\u00e9putation renforc\u00e9e aupr\u00e8s des visiteurs<\/p>\n<p>Se promener au bord de la Marne ou fl\u00e2ner dans les rues pav\u00e9es de Meaux est d\u00e9sormais associ\u00e9 \u00e0 un sentiment de s\u00e9r\u00e9nit\u00e9. Cette atmosph\u00e8re s\u00e9curis\u00e9e redonne vie au centre-ville et motive les touristes \u00e0 prolonger leur s\u00e9jour. Les habitants eux-m\u00eames ressentent cette transformation au quotidien.<\/p>\n<p>En se distinguant par son classement, Meaux gagne bien plus qu\u2019un label : elle obtient un nouvel \u00e9lan de reconnaissance. Sa r\u00e9putation \u00e9volue rapidement, et ce changement d\u2019image s\u2019accompagne d\u2019un regain d\u2019int\u00e9r\u00eat de la part du grand public.<\/p>\n<p>Tourisme et \u00e9conomie dop\u00e9s par cette reconnaissance<\/p>\n<p>R\u00e9servations et fr\u00e9quentation en forte hausse<\/p>\n<p>Le titre de ville la plus s\u00fbre agit comme un v\u00e9ritable levier touristique. Les h\u00f4tels ind\u00e9pendants constatent une hausse notable des r\u00e9servations. Les visiteurs venus de toute l\u2019\u00cele-de-France, mais aussi d\u2019autres r\u00e9gions, d\u00e9couvrent Meaux avec un regard neuf. La s\u00e9curit\u00e9 devient ainsi un moteur qui stimule le choix d\u2019y s\u00e9journer.<\/p>\n<p>Ce dynamisme ne se limite pas \u00e0 l\u2019h\u00e9bergement. Les structures culturelles et de loisirs observent elles aussi une fr\u00e9quentation accrue. Les familles privil\u00e9gient d\u00e9sormais Meaux pour leurs sorties, profitant d\u2019un cadre rassurant et attractif \u00e0 seulement quelques kilom\u00e8tres de Paris.<\/p>\n<p>Un impact direct sur les commerces locaux<\/p>\n<p>Les commerces du centre-ville b\u00e9n\u00e9ficient directement de cette \u00e9volution. Restaurants, boutiques et march\u00e9s locaux accueillent une client\u00e8le plus diversifi\u00e9e et surtout plus confiante. Les visiteurs prennent le temps d\u2019explorer et de consommer, ce qui favorise la vitalit\u00e9 \u00e9conomique.<\/p>\n<p>Les projections parlent d\u2019une croissance de 15 \u00e0 20 % du tourisme annuel, un chiffre important pour une ville de 55 000 habitants. Ce nouvel \u00e9lan contribue \u00e0 redessiner le tissu \u00e9conomique, offrant aux acteurs locaux de nouvelles perspectives de d\u00e9veloppement.<\/p>\n<p>Meaux entre patrimoine et cadre de vie paisible<\/p>\n<p>Un h\u00e9ritage historique \u00e0 red\u00e9couvrir<\/p>\n<p>La renomm\u00e9e s\u00e9curitaire ne suffit pas \u00e0 expliquer l\u2019attrait croissant de Meaux. La ville abrite un patrimoine remarquable, \u00e0 commencer par la cath\u00e9drale Saint-\u00c9tienne, chef-d\u2019\u0153uvre gothique qui domine le centre historique. Les visiteurs y d\u00e9couvrent aussi le jardin Bossuet et les anciennes enceintes, t\u00e9moins d\u2019un riche pass\u00e9 m\u00e9di\u00e9val.<\/p>\n<p>Ces monuments, longtemps connus des seuls habitants, s\u00e9duisent d\u00e9sormais un public plus large. En associant histoire et cadre rassurant, Meaux se positionne comme une destination culturelle cr\u00e9dible face aux grandes villes touristiques.<\/p>\n<p>Des espaces naturels et culturels accessibles \u00e0 tous<\/p>\n<p>Au-del\u00e0 du patrimoine b\u00e2ti, la ville s\u00e9duit par ses bords de Marne. Ces promenades tranquilles offrent un espace id\u00e9al pour les familles et les amateurs de plein air. Le sentiment de s\u00e9curit\u00e9 renforce encore le plaisir de s\u2019y d\u00e9tendre en toute s\u00e9r\u00e9nit\u00e9.<\/p>\n<p>\u00c9v\u00e9nements culturels, march\u00e9s locaux et festivals viennent compl\u00e9ter cette offre. Meaux prouve qu\u2019il est possible d\u2019allier patrimoine, nature et dynamisme urbain, cr\u00e9ant ainsi une destination \u00e9quilibr\u00e9e. Cette combinaison unique transforme chaque visite en exp\u00e9rience compl\u00e8te et agr\u00e9able.<\/p>\n","protected":false},"excerpt":{"rendered":"Meaux bouscule les id\u00e9es re\u00e7ues : \u00e9lue ville la plus s\u00fbre de France en 2025, elle attire d\u00e9sormais&hellip;\n","protected":false},"author":2,"featured_media":426857,"comment_status":"","ping_status":"","sticky":false,"template":"","format":"standard","meta":{"footnotes":""},"categories":[1592],"tags":[1111,11,1777,674,1011,27,662,12,626,55551,25,602],"class_list":{"0":"post-426856","1":"post","2":"type-post","3":"status-publish","4":"format-standard","5":"has-post-thumbnail","7":"category-ile-de-france","8":"tag-actu","9":"tag-actualites","10":"tag-eu","11":"tag-europe","12":"tag-fr","13":"tag-france","14":"tag-ile-de-france","15":"tag-news","16":"tag-paris","17":"tag-qualite-vie","18":"tag-republique-francaise","19":"tag-tourisme"},"share_on_mastodon":{"url":"https:\/\/pubeurope.com\/@fr\/115289303639467609","error":""},"_links":{"self":[{"href":"https:\/\/www.europesays.com\/fr\/wp-json\/wp\/v2\/posts\/426856","targetHints":{"allow":["GET"]}}],"collection":[{"href":"https:\/\/www.europesays.com\/fr\/wp-json\/wp\/v2\/posts"}],"about":[{"href":"https:\/\/www.europesays.com\/fr\/wp-json\/wp\/v2\/types\/post"}],"author":[{"embeddable":true,"href":"https:\/\/www.europesays.com\/fr\/wp-json\/wp\/v2\/users\/2"}],"replies":[{"embeddable":true,"href":"https:\/\/www.europesays.com\/fr\/wp-json\/wp\/v2\/comments?post=426856"}],"version-history":[{"count":0,"href":"https:\/\/www.europesays.com\/fr\/wp-json\/wp\/v2\/posts\/426856\/revisions"}],"wp:featuredmedia":[{"embeddable":true,"href":"https:\/\/www.europesays.com\/fr\/wp-json\/wp\/v2\/media\/426857"}],"wp:attachment":[{"href":"https:\/\/www.europesays.com\/fr\/wp-json\/wp\/v2\/media?parent=426856"}],"wp:term":[{"taxonomy":"category","embeddable":true,"href":"https:\/\/www.europesays.com\/fr\/wp-json\/wp\/v2\/categories?post=426856"},{"taxonomy":"post_tag","embeddable":true,"href":"https:\/\/www.europesays.com\/fr\/wp-json\/wp\/v2\/tags?post=426856"}],"curies":[{"name":"wp","href":"https:\/\/api.w.org\/{rel}","templated":true}]}}