{"id":426858,"date":"2025-09-29T19:45:12","date_gmt":"2025-09-29T19:45:12","guid":{"rendered":"https:\/\/www.europesays.com\/fr\/426858\/"},"modified":"2025-09-29T19:45:12","modified_gmt":"2025-09-29T19:45:12","slug":"nous-chercheurs-temoignons-de-tout-notre-soutien-a-gabriel-zucman-economiste-rigoureux-et-internationalement-reconnu","status":"publish","type":"post","link":"https:\/\/www.europesays.com\/fr\/426858\/","title":{"rendered":"\u00ab\u00a0Nous, chercheurs, t\u00e9moignons de tout notre soutien \u00e0 Gabriel Zucman, \u00e9conomiste rigoureux et internationalement reconnu\u00a0\u00bb"},"content":{"rendered":"\n<p class=\"article__paragraph  \">La proposition d\u2019imp\u00f4t plancher \u00e0 2\u00a0% pour les patrimoines de plus de 100\u00a0millions d\u2019euros, port\u00e9e par l\u2019\u00e9conomiste Gabriel Zucman, a suscit\u00e9 ces derniers mois un int\u00e9r\u00eat croissant dans le d\u00e9bat public fran\u00e7ais, transcendant largement les fronti\u00e8res des partis politiques et recevant une approbation massive dans les enqu\u00eates d\u2019opinion. Elle appara\u00eet comme un des \u00e9l\u00e9ments par lesquels le nouveau gouvernement pourrait \u00e9largir son soutien au-del\u00e0 du camp pr\u00e9sidentiel et de la droite.<\/p>\n<p>                              Lire aussi |  Article r\u00e9serv\u00e9 \u00e0 nos abonn\u00e9s  <a href=\"https:\/\/www.lemonde.fr\/politique\/article\/2025\/09\/27\/sebastien-lecornu-douche-les-espoirs-de-la-gauche-sur-le-budget_6643122_823448.html\" class=\"js-article-read-also catcher--favoris__link\" data-premium=\"1\" id=\"article-title-3439600\" rel=\"nofollow noopener\" target=\"_blank\">S\u00e9bastien Lecornu douche les espoirs de la gauche sur le budget, de la taxe Zucman \u00e0 l\u2019ISF<\/a>    <\/p>\n<p>   Lire plus tard  <\/p>\n<p class=\"article__paragraph  \">Faire en sorte que les plus grandes fortunes acquittent \u00e9quitablement leur part et r\u00e9introduire ainsi une justice fiscale mise \u00e0 mal par divers proc\u00e9d\u00e9s d\u2019optimisation fiscale, corriger les in\u00e9galit\u00e9s qui ont explos\u00e9 ces derni\u00e8res d\u00e9cennies, faire rentrer dans les caisses de l\u2019Etat plusieurs milliards qui s\u2019\u00e9vaporent chaque ann\u00e9e, tels sont les objectifs et les bienfaits attendus d\u2019une mesure concr\u00e8te, limit\u00e9e mais r\u00e9aliste. Le magazine <a href=\"https:\/\/www.challenges.fr\/fortunes\/fortunes-2025-la-folle-ascension-des-grandes-fortunes-francaises-depuis-1996_615873\" target=\"_blank\" rel=\"noopener nofollow\" title=\"Nouvelle fen\u00eatre\">Challenges<\/a> rappelait r\u00e9cemment que, alors qu\u2019elles pesaient 6\u00a0% du PIB en\u00a01996, les 500 plus grandes fortunes repr\u00e9sentaient 42\u00a0% du PIB en\u00a02024. Il n\u2019est pas \u00e9tonnant que trois Fran\u00e7ais sur quatre soient favorables \u00e0 une taxation de ces plus hauts patrimoines.<\/p>\n<p>                Spirale perverse           <\/p>\n<p class=\"article__paragraph  \">C\u2019est sans doute ce soutien populaire, transpartisan, et la plausibilit\u00e9 de plus en plus grande de son adoption qui ont suscit\u00e9 une attaque d\u2019une violence verbale in\u00e9dite de l\u2019une des plus importantes fortunes de France, M.\u00a0Bernard Arnault, dans le journal britannique Sunday Times\u00a0: \u00ab\u00a0On ne comprend pas les positions de M. Zucman si on ne comprend pas qu\u2019il est d\u2019abord <a href=\"https:\/\/www.lemonde.fr\/politique\/article\/2025\/09\/20\/bernard-arnault-qualifie-gabriel-zucman-de-militant-d-extreme-gauche-qui-cherche-a-mettre-a-terre-l-economie-francaise_6642040_823448.html\" rel=\"nofollow noopener\" target=\"_blank\">un militant d\u2019extr\u00eame gauche<\/a>. A ce titre, il met au service de son id\u00e9ologie une pseudo-comp\u00e9tence universitaire qui, elle-m\u00eame, fait largement d\u00e9bat\u00a0\u00bb, a-t-il d\u00e9clar\u00e9, avant d\u2019exhorter \u00ab\u00a0les forces politiques fran\u00e7aises\u00a0\u00bb \u00e0 ne pas accorder la moindre \u00ab\u00a0cr\u00e9dibilit\u00e9\u00a0\u00bb \u00e0 une mesure accus\u00e9e rien de moins que de \u00ab\u00a0vouloir mettre \u00e0 bas notre \u00e9conomie\u00a0\u00bb.<\/p>\n<p>                              Lire aussi |  Article r\u00e9serv\u00e9 \u00e0 nos abonn\u00e9s  <a href=\"https:\/\/www.lemonde.fr\/politique\/article\/2025\/09\/24\/taxe-zucman-le-grand-frisson-des-possedants_6642701_823448.html\" class=\"js-article-read-also catcher--favoris__link\" data-premium=\"1\" id=\"article-title-3438537\" rel=\"nofollow noopener\" target=\"_blank\">La taxe Zucman rejet\u00e9e par les poss\u00e9dants, bien au-del\u00e0 des 1\u00a0800\u00a0ultrariches qui devraient la payer<\/a>    <\/p>\n<p>   Lire plus tard  <\/p>\n<p class=\"article__paragraph  \">Revenu enthousiaste de l\u2019intronisation de Donald Trump, Bernard Arnault a visiblement d\u00e9cid\u00e9 d\u2019appliquer ses principes de communication pour tenter d\u2019emp\u00eacher l\u2019adoption de la taxe Zucman\u00a0: attaque personnelle, mensonge \u2013 l\u2019encartement \u00e0 l\u2019extr\u00eame gauche \u2013, mise en cause de la comp\u00e9tence scientifique par invocation de l\u2019\u00ab\u00a0id\u00e9ologie\u00a0\u00bb \u2013 on se gardera de d\u00e9finir celle-ci comme la d\u00e9formation de la r\u00e9alit\u00e9 pour servir des int\u00e9r\u00eats \u00e9conomiques dominants \u2013, formule d\u00e9nigrante sans argument, assimilation \u00e0 une \u00ab\u00a0volont\u00e9 de mettre \u00e0 bas l\u2019\u00e9conomie lib\u00e9rale\u00a0\u00bb de projets de r\u00e9gulation et de justice fiscales\u2026<\/p>\n<p class=\"reading-mode-only \"><strong>Il vous reste 37.81% de cet article \u00e0 lire. La suite est r\u00e9serv\u00e9e aux abonn\u00e9s.<\/strong><\/p>\n","protected":false},"excerpt":{"rendered":"La proposition d\u2019imp\u00f4t plancher \u00e0 2\u00a0% pour les patrimoines de plus de 100\u00a0millions d\u2019euros, port\u00e9e par l\u2019\u00e9conomiste Gabriel&hellip;\n","protected":false},"author":2,"featured_media":426859,"comment_status":"","ping_status":"","sticky":false,"template":"","format":"standard","meta":{"footnotes":""},"categories":[1888],"tags":[1111,1928,11,1927,1777,674,1011,27,12,1926,626,1925,25],"class_list":{"0":"post-426858","1":"post","2":"type-post","3":"status-publish","4":"format-standard","5":"has-post-thumbnail","7":"category-paris","8":"tag-actu","9":"tag-actu-paris","10":"tag-actualites","11":"tag-actualites-paris","12":"tag-eu","13":"tag-europe","14":"tag-fr","15":"tag-france","16":"tag-news","17":"tag-news-paris","18":"tag-paris","19":"tag-paris-news","20":"tag-republique-francaise"},"share_on_mastodon":{"url":"https:\/\/pubeurope.com\/@fr\/115289307448714397","error":""},"_links":{"self":[{"href":"https:\/\/www.europesays.com\/fr\/wp-json\/wp\/v2\/posts\/426858","targetHints":{"allow":["GET"]}}],"collection":[{"href":"https:\/\/www.europesays.com\/fr\/wp-json\/wp\/v2\/posts"}],"about":[{"href":"https:\/\/www.europesays.com\/fr\/wp-json\/wp\/v2\/types\/post"}],"author":[{"embeddable":true,"href":"https:\/\/www.europesays.com\/fr\/wp-json\/wp\/v2\/users\/2"}],"replies":[{"embeddable":true,"href":"https:\/\/www.europesays.com\/fr\/wp-json\/wp\/v2\/comments?post=426858"}],"version-history":[{"count":0,"href":"https:\/\/www.europesays.com\/fr\/wp-json\/wp\/v2\/posts\/426858\/revisions"}],"wp:featuredmedia":[{"embeddable":true,"href":"https:\/\/www.europesays.com\/fr\/wp-json\/wp\/v2\/media\/426859"}],"wp:attachment":[{"href":"https:\/\/www.europesays.com\/fr\/wp-json\/wp\/v2\/media?parent=426858"}],"wp:term":[{"taxonomy":"category","embeddable":true,"href":"https:\/\/www.europesays.com\/fr\/wp-json\/wp\/v2\/categories?post=426858"},{"taxonomy":"post_tag","embeddable":true,"href":"https:\/\/www.europesays.com\/fr\/wp-json\/wp\/v2\/tags?post=426858"}],"curies":[{"name":"wp","href":"https:\/\/api.w.org\/{rel}","templated":true}]}}