{"id":426860,"date":"2025-09-29T19:46:09","date_gmt":"2025-09-29T19:46:09","guid":{"rendered":"https:\/\/www.europesays.com\/fr\/426860\/"},"modified":"2025-09-29T19:46:09","modified_gmt":"2025-09-29T19:46:09","slug":"info-paris-match-paris-le-rappeur-nekfeu-en-garde-a-vue-pour-viol-2","status":"publish","type":"post","link":"https:\/\/www.europesays.com\/fr\/426860\/","title":{"rendered":"INFO PARIS MATCH PARIS &#8211; Le rappeur Nekfeu en garde \u00e0 vue pour viol"},"content":{"rendered":"<p class=\"mb-4 text-lg md:leading-8 break-words\">C\u2019est un nouvel \u00e9pisode judiciaire entre le rappeur Nekfeu et son ex-compagne. Selon les informations de Paris Match, l\u2019artiste a \u00e9t\u00e9 plac\u00e9 ne garde \u00e0 vue, ce lundi 29 septembre dans le cadre d\u2019une proc\u00e9dure pour <a data-i13n=\"cpos:1;pos:1\" href=\"https:\/\/www.parismatch.com\/people\/nekfeu-reagit-aux-accusations-de-violences-conjugales-elle-tente-de-salir-mon-honneur-en-public-243225\" rel=\"nofollow noopener\" target=\"_blank\" data-ylk=\"slk:des faits de \u00ab viol \u00bb, \u00ab agressions sexuelles \u00bb;cpos:1;pos:1;elm:context_link;itc:0;sec:content-canvas\" class=\"link \">des faits de \u00ab viol \u00bb, \u00ab agressions sexuelles \u00bb<\/a>, et \u00ab violences habituelles sur conjoint \u00bb. Ce lundi matin, Nekfeu, &#8211; Ken Samaras de son vrai nom -, s\u2019est pr\u00e9sent\u00e9 \u00e0 9h30 au commissariat du XVe arrondissement o\u00f9 il \u00e9tait convoqu\u00e9, avant d\u2019\u00eatre auditionn\u00e9 par un officier de police judiciaire.<\/p>\n<p class=\"mb-4 text-lg md:leading-8 break-words\">Toujours selon les informations de Paris Match, cette proc\u00e9dure ouverte apr\u00e8s le d\u00e9p\u00f4t de plusieurs plaintes par son ex-compagne avait \u00e9t\u00e9 class\u00e9e sans suite par le parquet de Paris, avant d\u2019\u00eatre relanc\u00e9e apr\u00e8s la d\u00e9couverte r\u00e9cente de nouveaux \u00e9l\u00e9ments, et notamment un t\u00e9moignage, inconnu jusqu\u2019alors de la justice.<\/p>\n<p>Trois plaintes successives pour viol, violence ou harc\u00e8lement<\/p>\n<p class=\"mb-4 text-lg md:leading-8 break-words\">Entre septembre 2023 et mai 2024, trois plaintes successives pour viol, violence ou harc\u00e8lement de l\u2019ex-compagne de Nekfeu, &#8211; avec laquelle il a eu un enfant et dont il a la garde -, avait \u00e9t\u00e9 class\u00e9es par la justice.<\/p>\n<p class=\"mb-4 text-lg md:leading-8 break-words\">Sollicit\u00e9s par Paris Match, ni le parquet de Paris, ni l\u2019avocate du chanteur n\u2019ont donn\u00e9 suite.<\/p>\n<p class=\"mb-4 text-lg md:leading-8 break-words\">De son c\u00f4t\u00e9, Nekfeu, 35 ans, a \u00e9galement engag\u00e9 plusieurs proc\u00e9dures contre son ex-compagne pour non-repr\u00e9sentation d\u2019enfants entre 2022 et 2024. Si deux ont \u00e9t\u00e9 class\u00e9es, la m\u00e8re de leur enfant avait \u00e9t\u00e9 plac\u00e9e en garde \u00e0 vue, au mois de novembre 2024, pour non-repr\u00e9sentation d&rsquo;enfant, \u00e0 tr&#8230;<\/p>\n<p class=\"mb-4 text-lg md:leading-8 break-words\"><a data-i13n=\"cpos:2;pos:1\" href=\"https:\/\/www.parismatch.com\/actu\/faits-divers\/info-paris-match-paris-le-rappeur-nekfeu-en-garde-a-vue-pour-viol-257808?at_medium=affiliate&amp;at_campaign=Yahoo\" rel=\"nofollow noopener\" target=\"_blank\" data-ylk=\"slk:Lire la suite sur ParisMatch;cpos:2;pos:1;elm:context_link;itc:0;sec:content-canvas\" class=\"link \">Lire la suite sur ParisMatch<\/a><\/p>\n","protected":false},"excerpt":{"rendered":"C\u2019est un nouvel \u00e9pisode judiciaire entre le rappeur Nekfeu et son ex-compagne. Selon les informations de Paris Match,&hellip;\n","protected":false},"author":2,"featured_media":426861,"comment_status":"","ping_status":"","sticky":false,"template":"","format":"standard","meta":{"footnotes":""},"categories":[1888],"tags":[1111,1928,11,1927,1777,674,1011,27,31011,12,1926,55552,626,5818,1925,25],"class_list":{"0":"post-426860","1":"post","2":"type-post","3":"status-publish","4":"format-standard","5":"has-post-thumbnail","7":"category-paris","8":"tag-actu","9":"tag-actu-paris","10":"tag-actualites","11":"tag-actualites-paris","12":"tag-eu","13":"tag-europe","14":"tag-fr","15":"tag-france","16":"tag-nekfeu","17":"tag-news","18":"tag-news-paris","19":"tag-officier-de-police-judiciaire","20":"tag-paris","21":"tag-paris-match","22":"tag-paris-news","23":"tag-republique-francaise"},"share_on_mastodon":{"url":"https:\/\/pubeurope.com\/@fr\/115289311504994198","error":""},"_links":{"self":[{"href":"https:\/\/www.europesays.com\/fr\/wp-json\/wp\/v2\/posts\/426860","targetHints":{"allow":["GET"]}}],"collection":[{"href":"https:\/\/www.europesays.com\/fr\/wp-json\/wp\/v2\/posts"}],"about":[{"href":"https:\/\/www.europesays.com\/fr\/wp-json\/wp\/v2\/types\/post"}],"author":[{"embeddable":true,"href":"https:\/\/www.europesays.com\/fr\/wp-json\/wp\/v2\/users\/2"}],"replies":[{"embeddable":true,"href":"https:\/\/www.europesays.com\/fr\/wp-json\/wp\/v2\/comments?post=426860"}],"version-history":[{"count":0,"href":"https:\/\/www.europesays.com\/fr\/wp-json\/wp\/v2\/posts\/426860\/revisions"}],"wp:featuredmedia":[{"embeddable":true,"href":"https:\/\/www.europesays.com\/fr\/wp-json\/wp\/v2\/media\/426861"}],"wp:attachment":[{"href":"https:\/\/www.europesays.com\/fr\/wp-json\/wp\/v2\/media?parent=426860"}],"wp:term":[{"taxonomy":"category","embeddable":true,"href":"https:\/\/www.europesays.com\/fr\/wp-json\/wp\/v2\/categories?post=426860"},{"taxonomy":"post_tag","embeddable":true,"href":"https:\/\/www.europesays.com\/fr\/wp-json\/wp\/v2\/tags?post=426860"}],"curies":[{"name":"wp","href":"https:\/\/api.w.org\/{rel}","templated":true}]}}