{"id":426874,"date":"2025-09-29T19:53:09","date_gmt":"2025-09-29T19:53:09","guid":{"rendered":"https:\/\/www.europesays.com\/fr\/426874\/"},"modified":"2025-09-29T19:53:09","modified_gmt":"2025-09-29T19:53:09","slug":"survol-de-drones-le-gouvernement-allemand-organise-la-riposte","status":"publish","type":"post","link":"https:\/\/www.europesays.com\/fr\/426874\/","title":{"rendered":"Survol de drones\u00a0: le gouvernement allemand organise la riposte"},"content":{"rendered":"<p>Face aux incursions r\u00e9p\u00e9t\u00e9es de drones dans l\u2019espace a\u00e9rien allemand, une menace qu\u2019il juge \u00ab\u00a0\u00e9lev\u00e9e\u00a0\u00bb, le gouvernement veut sortir de sa posture d\u00e9fensive. <a href=\"https:\/\/www.letelegramme.fr\/monde\/survol-de-drones-au-dessus-de-la-plus-grande-base-militaire-du-danemark-6898328.php\" rel=\"nofollow noopener\" target=\"_blank\">Comme au Danemark<\/a>, plusieurs survols non autoris\u00e9s ont \u00e9t\u00e9 constat\u00e9s, le week-end dernier, au-dessus du Schleswig-Holstein, la r\u00e9gion limitrophe entre les deux pays. L\u2019arm\u00e9e allemande va d\u2019ailleurs apporter son concours, comme l\u2019arm\u00e9e fran\u00e7aise, \u00e0 la lutte anti-drones pour <a href=\"https:\/\/www.letelegramme.fr\/monde\/le-danemark-va-interdire-les-vols-de-drones-civils-pour-la-securite-dun-sommet-europeen-6899296.php\" rel=\"nofollow noopener\" target=\"_blank\">la protection du sommet de Copenhague<\/a>, mercredi et jeudi. Cinquante soldats du r\u00e9giment Friesland, ainsi que la fr\u00e9gate Hamburg, \u00e9quip\u00e9e d\u2019un radar longue port\u00e9e, vont \u00eatre d\u00e9ploy\u00e9s dans cette zone.<\/p>\n<p>Le gouvernement allemand veut \u00e9galement muscler sa riposte pour son propre territoire. Une note de la police f\u00e9d\u00e9rale (BKA) publi\u00e9e <a href=\"https:\/\/www.spiegel.de\/\" rel=\"nofollow noopener\" target=\"_blank\">dans l\u2019hebdomadaire Spiegel<\/a> constate l\u2019ampleur du ph\u00e9nom\u00e8ne. 536 survols suspects de drones ont \u00e9t\u00e9 r\u00e9pertori\u00e9s en Allemagne au cours du premier trimestre 2025. Jusqu\u2019\u00e0 pr\u00e9sent, leur neutralisation est l\u00e9galement possible quand ils volent au-dessus des installations militaires, une base ou une caserne. Le ministre de l\u2019Int\u00e9rieur veut durcir la l\u00e9gislation pour pouvoir les abattre en cas de survol mena\u00e7ant ou au-dessus d\u2019infrastructures critiques, comme un a\u00e9roport ou une centrale \u00e0 \u00e9nergie.<\/p>\n<p>Des actions hostiles aussi sur les vols civils<\/p>\n<p>Brouillages radio, laser, drones intercepteurs \u00e9quip\u00e9s de filets, la Bundeswehr teste toutes les possibilit\u00e9s techniques. Ses unit\u00e9s vont recevoir, en 2026, 19 exemplaires du Skyranger, des blind\u00e9s de Rheinmetall sp\u00e9cialis\u00e9s dans la lutte anti-drones. Ils utilisent des radars 3D et des capteurs \u00e9lectro-optiques pour abattre les objets volants \u00e0 l\u2019aide d\u2019un canon automatique de 30 mm, voire de missiles Stinger.<\/p>\n<p>Dans cette guerre hybride, les autorit\u00e9s enregistrent aussi une forte recrudescence des actions hostiles sur les vols civils. 447 perturbations sur les positions GPS des avions ont \u00e9t\u00e9 recens\u00e9es au premier semestre, contre 25 sur toute l\u2019ann\u00e9e 2023. Selon un rapport de l\u2019aviation civile allemande rendu public <a href=\"https:\/\/www.welt.de\/\" rel=\"nofollow noopener\" target=\"_blank\">par Die Welt<\/a>, ces actes de sabotage sont signal\u00e9s, en tr\u00e8s grande majorit\u00e9, par les \u00e9quipages volant au-dessus du nord du pays ou de la mer Baltique. Pour r\u00e9sumer la situation, le chancelier, Friedrich\u00a0Merz, a d\u00e9clar\u00e9, ce week-end, \u00e0 Berlin\u00a0: \u00ab\u00a0Nous ne sommes pas en guerre mais nous ne vivons plus en paix non plus\u00a0\u00bb.<\/p>\n","protected":false},"excerpt":{"rendered":"Face aux incursions r\u00e9p\u00e9t\u00e9es de drones dans l\u2019espace a\u00e9rien allemand, une menace qu\u2019il juge \u00ab\u00a0\u00e9lev\u00e9e\u00a0\u00bb, le gouvernement veut&hellip;\n","protected":false},"author":2,"featured_media":426875,"comment_status":"","ping_status":"","sticky":false,"template":"","format":"standard","meta":{"footnotes":""},"categories":[1587],"tags":[11,672,1804,1805,1803,1777,674,1801,2069,74,12,1802,132],"class_list":{"0":"post-426874","1":"post","2":"type-post","3":"status-publish","4":"format-standard","5":"has-post-thumbnail","7":"category-allemagne","8":"tag-actualites","9":"tag-allemagne","10":"tag-bundesrepublik-deutschland","11":"tag-de","12":"tag-deutschland","13":"tag-eu","14":"tag-europe","15":"tag-germany","16":"tag-guerre-ukraine-russie","17":"tag-monde","18":"tag-news","19":"tag-republique-federale-dallemagne","20":"tag-russie"},"share_on_mastodon":{"url":"https:\/\/pubeurope.com\/@fr\/115289339007666006","error":""},"_links":{"self":[{"href":"https:\/\/www.europesays.com\/fr\/wp-json\/wp\/v2\/posts\/426874","targetHints":{"allow":["GET"]}}],"collection":[{"href":"https:\/\/www.europesays.com\/fr\/wp-json\/wp\/v2\/posts"}],"about":[{"href":"https:\/\/www.europesays.com\/fr\/wp-json\/wp\/v2\/types\/post"}],"author":[{"embeddable":true,"href":"https:\/\/www.europesays.com\/fr\/wp-json\/wp\/v2\/users\/2"}],"replies":[{"embeddable":true,"href":"https:\/\/www.europesays.com\/fr\/wp-json\/wp\/v2\/comments?post=426874"}],"version-history":[{"count":0,"href":"https:\/\/www.europesays.com\/fr\/wp-json\/wp\/v2\/posts\/426874\/revisions"}],"wp:featuredmedia":[{"embeddable":true,"href":"https:\/\/www.europesays.com\/fr\/wp-json\/wp\/v2\/media\/426875"}],"wp:attachment":[{"href":"https:\/\/www.europesays.com\/fr\/wp-json\/wp\/v2\/media?parent=426874"}],"wp:term":[{"taxonomy":"category","embeddable":true,"href":"https:\/\/www.europesays.com\/fr\/wp-json\/wp\/v2\/categories?post=426874"},{"taxonomy":"post_tag","embeddable":true,"href":"https:\/\/www.europesays.com\/fr\/wp-json\/wp\/v2\/tags?post=426874"}],"curies":[{"name":"wp","href":"https:\/\/api.w.org\/{rel}","templated":true}]}}