{"id":426899,"date":"2025-09-29T20:09:12","date_gmt":"2025-09-29T20:09:12","guid":{"rendered":"https:\/\/www.europesays.com\/fr\/426899\/"},"modified":"2025-09-29T20:09:12","modified_gmt":"2025-09-29T20:09:12","slug":"un-navez-pour-orleans-et-un-autre-pour-le-metropolitan-museum","status":"publish","type":"post","link":"https:\/\/www.europesays.com\/fr\/426899\/","title":{"rendered":"Un Navez pour Orl\u00e9ans, et un autre pour le Metropolitan Museum"},"content":{"rendered":"<p>29\/9\/25 &#8211; <strong> Acquisition &#8211; Orl\u00e9ans, Mus\u00e9e des Beaux-Arts et New York, The Metropolitan Museum of Art <\/strong> &#8211; Les lecteurs de La Tribune de l\u2019Art sont d\u00e9sormais familiers avec la figure d\u2019Antoine B\u00e9al, collectionneur parisien et m\u00e9c\u00e8ne infatigable des mus\u00e9es fran\u00e7ais, qui leur offre r\u00e9guli\u00e8rement des \u0153uvres, sous r\u00e9serve d\u2019usufruit, ou m\u00eame en toute propri\u00e9t\u00e9 comme ce fut le cas d\u2019un tableau au Mus\u00e9e Girodet\u00a0[<a href=\"#nb1\" class=\"spip_note\" rel=\"appendix\" title=\"Nous n\u2019avons pas encore parl\u00e9 de ce don, mais nous le ferons prochainement.\" id=\"nh1\">1<\/a>]. Pour en savoir davantage sur le donateur, nous renvoyons \u00e0 cette <a href=\"https:\/\/www.latribunedelart.com\/un-thomas-blanchet-offert-a-lyon\" class=\"spip_in\" rel=\"nofollow noopener\" target=\"_blank\">br\u00e8ve du 12 juin dernier<\/a>, en rappelant \u00e9galement le don r\u00e9cent d\u2019un Lagren\u00e9e \u00e0 Amiens (voir la <a href=\"https:\/\/www.latribunedelart.com\/un-nouveau-lagrenee-pour-amiens\" class=\"spip_in\" rel=\"nofollow noopener\" target=\"_blank\">br\u00e8ve du 16\/9\/25<\/a>).<\/p>\n<dl class=\"spip_document_76358 spip_documents spip_documents_center\" itemprop=\"image\" itemscope=\"\" itemtype=\"http:\/\/schema.org\/ImageObject\">\n<dt>\n\t\t<a href=\"https:\/\/www.latribunedelart.com\/IMG\/jpg\/navez_obole.jpg?76358\/aea665783e9f8528b7f9ba03f5adf904bd8e9c1ec2c73efaa051b754de782afa\" title=\"\" type=\"image\/jpeg\" rel=\"nofollow noopener\" target=\"_blank\"><br \/>\n\t\t\t<img loading=\"lazy\" decoding=\"async\" src=\"https:\/\/www.europesays.com\/fr\/wp-content\/uploads\/2025\/09\/navez_obole-82961.jpg\" width=\"500\" height=\"351\" alt=\"\" itemprop=\"contentUrl\"\/><br \/>\n\t\t<\/a>\n\t<\/dt>\n<dd class=\"crayon document-descriptif-76358 spip_doc_descriptif\" style=\"width:350px;\" itemprop=\"description\">1. Fran\u00e7ois-Joseph Navez (1787-1869)<br class=\"autobr\"\/><br \/>\nL\u2019Obole de la veuve, 1840<br class=\"autobr\"\/><br \/>\nHuile sur toile &#8211; 167 x 233 cm<br class=\"autobr\"\/><br \/>\nOrl\u00e9ans, Mus\u00e9e des Beaux-Arts (don sous r\u00e9serve d\u2019usufruit)<br class=\"autobr\"\/><br \/>\nPhoto\u00a0: MBA d\u2019Orl\u00e9ans\n<\/dd>\n<dd class=\"spip_doc_lien-galerie\">\n\t\t<a href=\"https:\/\/www.latribunedelart.com\/spip.php?page=docbig&amp;id_document=76358&amp;id_article=12934\" rel=\"nofollow noopener\" target=\"_blank\">Voir l\u00b4image\u2026<\/a><\/dd>\n<\/dl>\n<p>Pour avoir acc\u00e8s \u00e0 ce contenu, vous devez vous abonner \u00e0 La Tribune de l\u2019Art. Les avantages et les conditions de cet abonnement, qui vous permettra par ailleurs de soutenir La Tribune de l\u2019Art, sont d\u00e9crits sur <a href=\"https:\/\/www.latribunedelart.com\/s-abonner\" rel=\"nofollow noopener\" target=\"_blank\">la page d\u2019abonnement<\/a>.<\/p>\n","protected":false},"excerpt":{"rendered":"29\/9\/25 &#8211; Acquisition &#8211; Orl\u00e9ans, Mus\u00e9e des Beaux-Arts et New York, The Metropolitan Museum of Art &#8211; Les&hellip;\n","protected":false},"author":2,"featured_media":426900,"comment_status":"","ping_status":"","sticky":false,"template":"","format":"standard","meta":{"footnotes":""},"categories":[1358],"tags":[1348,1384,1385,1386,58,59,1011,27],"class_list":{"0":"post-426899","1":"post","2":"type-post","3":"status-publish","4":"format-standard","5":"has-post-thumbnail","7":"category-arts-et-design","8":"tag-arts","9":"tag-arts-and-design","10":"tag-arts-et-design","11":"tag-design","12":"tag-divertissement","13":"tag-entertainment","14":"tag-fr","15":"tag-france"},"share_on_mastodon":{"url":"https:\/\/pubeurope.com\/@fr\/115289402217335143","error":""},"_links":{"self":[{"href":"https:\/\/www.europesays.com\/fr\/wp-json\/wp\/v2\/posts\/426899","targetHints":{"allow":["GET"]}}],"collection":[{"href":"https:\/\/www.europesays.com\/fr\/wp-json\/wp\/v2\/posts"}],"about":[{"href":"https:\/\/www.europesays.com\/fr\/wp-json\/wp\/v2\/types\/post"}],"author":[{"embeddable":true,"href":"https:\/\/www.europesays.com\/fr\/wp-json\/wp\/v2\/users\/2"}],"replies":[{"embeddable":true,"href":"https:\/\/www.europesays.com\/fr\/wp-json\/wp\/v2\/comments?post=426899"}],"version-history":[{"count":0,"href":"https:\/\/www.europesays.com\/fr\/wp-json\/wp\/v2\/posts\/426899\/revisions"}],"wp:featuredmedia":[{"embeddable":true,"href":"https:\/\/www.europesays.com\/fr\/wp-json\/wp\/v2\/media\/426900"}],"wp:attachment":[{"href":"https:\/\/www.europesays.com\/fr\/wp-json\/wp\/v2\/media?parent=426899"}],"wp:term":[{"taxonomy":"category","embeddable":true,"href":"https:\/\/www.europesays.com\/fr\/wp-json\/wp\/v2\/categories?post=426899"},{"taxonomy":"post_tag","embeddable":true,"href":"https:\/\/www.europesays.com\/fr\/wp-json\/wp\/v2\/tags?post=426899"}],"curies":[{"name":"wp","href":"https:\/\/api.w.org\/{rel}","templated":true}]}}