{"id":426901,"date":"2025-09-29T20:10:56","date_gmt":"2025-09-29T20:10:56","guid":{"rendered":"https:\/\/www.europesays.com\/fr\/426901\/"},"modified":"2025-09-29T20:10:56","modified_gmt":"2025-09-29T20:10:56","slug":"les-romances-historiques-dadeline-chague-qui-mene-deux-sagas-de-front","status":"publish","type":"post","link":"https:\/\/www.europesays.com\/fr\/426901\/","title":{"rendered":"les romances historiques d\u2019Adeline Chague qui m\u00e8ne deux sagas de front"},"content":{"rendered":"<p>Adeline Chague consacre sa vie \u00e0 l\u2019\u00e9criture. Une pr\u00e9disposition h\u00e9rit\u00e9e de ses parents, Marie-Claude Lagorce et Jean-Fran\u00e7ois Chague, qui officiaient tous deux \u00e0 La Nouvelle R\u00e9publique, \u00e0 Tours et\u00a0Poitiers. \u00ab\u00a0Mon p\u00e8re, journaliste sportif, venait me chercher \u00e0 l\u2019\u00e9cole pour faire mes devoirs \u00e0 la locale de Poitiers. Dans un tel environnement, \u00e7a devenait normal d\u2019\u00e9crire&#8230;. <\/p>\n<p>    Cet article a \u00e9t\u00e9 tronqu\u00e9. Abonnez-vous pour lire l&rsquo;article complet sur notre site.<\/p>\n<p>\u00a0\u00bb<\/p>\n<p style=\"margin: 0 !important; padding: 0 !important; font-size: 12px !important;\">Cet article a \u00e9t\u00e9 tronqu\u00e9. Abonnez-vous pour lire l&rsquo;article complet.<\/p>\n<p>    <a href=\"https:\/\/www.lanouvellerepublique.fr\/abonnements\" style=\"display: inline-block; margin-top: 5px !important; padding: 6px 12px !important; background: #cb1c27; color: white; text-decoration: none; border-radius: 4px; font-size: 12px !important;\" target=\"_blank\" rel=\"noopener\"><br \/>\n      S&rsquo;abonner<br \/>\n    <\/a><\/p>\n","protected":false},"excerpt":{"rendered":"Adeline Chague consacre sa vie \u00e0 l\u2019\u00e9criture. Une pr\u00e9disposition h\u00e9rit\u00e9e de ses parents, Marie-Claude Lagorce et Jean-Fran\u00e7ois Chague,&hellip;\n","protected":false},"author":2,"featured_media":426902,"comment_status":"","ping_status":"","sticky":false,"template":"","format":"standard","meta":{"footnotes":""},"categories":[1357],"tags":[1379,58,59,1011,27,1380,5116,55555],"class_list":{"0":"post-426901","1":"post","2":"type-post","3":"status-publish","4":"format-standard","5":"has-post-thumbnail","7":"category-livres","8":"tag-books","9":"tag-divertissement","10":"tag-entertainment","11":"tag-fr","12":"tag-france","13":"tag-livres","14":"tag-quartiers","15":"tag-tours-saint-symphorien"},"share_on_mastodon":{"url":"https:\/\/pubeurope.com\/@fr\/115289409628422099","error":""},"_links":{"self":[{"href":"https:\/\/www.europesays.com\/fr\/wp-json\/wp\/v2\/posts\/426901","targetHints":{"allow":["GET"]}}],"collection":[{"href":"https:\/\/www.europesays.com\/fr\/wp-json\/wp\/v2\/posts"}],"about":[{"href":"https:\/\/www.europesays.com\/fr\/wp-json\/wp\/v2\/types\/post"}],"author":[{"embeddable":true,"href":"https:\/\/www.europesays.com\/fr\/wp-json\/wp\/v2\/users\/2"}],"replies":[{"embeddable":true,"href":"https:\/\/www.europesays.com\/fr\/wp-json\/wp\/v2\/comments?post=426901"}],"version-history":[{"count":0,"href":"https:\/\/www.europesays.com\/fr\/wp-json\/wp\/v2\/posts\/426901\/revisions"}],"wp:featuredmedia":[{"embeddable":true,"href":"https:\/\/www.europesays.com\/fr\/wp-json\/wp\/v2\/media\/426902"}],"wp:attachment":[{"href":"https:\/\/www.europesays.com\/fr\/wp-json\/wp\/v2\/media?parent=426901"}],"wp:term":[{"taxonomy":"category","embeddable":true,"href":"https:\/\/www.europesays.com\/fr\/wp-json\/wp\/v2\/categories?post=426901"},{"taxonomy":"post_tag","embeddable":true,"href":"https:\/\/www.europesays.com\/fr\/wp-json\/wp\/v2\/tags?post=426901"}],"curies":[{"name":"wp","href":"https:\/\/api.w.org\/{rel}","templated":true}]}}