{"id":426903,"date":"2025-09-29T20:12:38","date_gmt":"2025-09-29T20:12:38","guid":{"rendered":"https:\/\/www.europesays.com\/fr\/426903\/"},"modified":"2025-09-29T20:12:38","modified_gmt":"2025-09-29T20:12:38","slug":"un-outil-clair-et-structurant-un-guide-permet-maintenant-de-presque-tout-comprendre-a-la-ctv","status":"publish","type":"post","link":"https:\/\/www.europesays.com\/fr\/426903\/","title":{"rendered":"\u00ab\u00a0Un outil clair et structurant\u00a0\u00bb : Un guide permet maintenant de (presque) tout comprendre \u00e0 la CTV"},"content":{"rendered":"<p>            <img loading=\"lazy\" decoding=\"async\" src=\"https:\/\/www.europesays.com\/fr\/wp-content\/uploads\/2025\/04\/88-661015dcc098b-35x35-1.jpg\" class=\"author-article-picture\" width=\"35\" height=\"35\"\/><\/p>\n<p>                Par<br \/>\n                                    <a class=\"author-article-bio-link\" href=\"https:\/\/www.ozap.com\/auteur\/benoit-zante_a88\" rel=\"nofollow noopener\" target=\"_blank\">Beno\u00eet Zante<\/a><br \/>\n                                                    | Journaliste<\/p>\n<p>\n                Journaliste sp\u00e9cialis\u00e9 dans les sujets li\u00e9s \u00e0 l&rsquo;innovation, aux m\u00e9dias et \u00e0 la transformation des entreprises, il suit les grands \u00e9v\u00e9nements tech, identifie et analyse les tendances \u00e9mergentes. Il enseigne \u00e0 Sciences Po dans le Master Communication, M\u00e9dias et Industries Culturelles et Cr\u00e9atives.\n            <\/p>\n<p>\n    IPTV, AVOD, BVOD, CTV, TVS, Smart TV, OTT ou encore \u00ab\u00a0set top box\u00a0\u00bb : vous \u00eates perdus dans tous les acronymes qui fleurissent autour de la t\u00e9l\u00e9vision connect\u00e9e et de sa mon\u00e9tisation publicitaire ? Vous n&rsquo;\u00eates pas les seuls ! Un guide vient justement d&rsquo;\u00eatre publi\u00e9 pour d\u00e9coder tout ce jargon et faire le point sur un march\u00e9 en plein boom.\n<\/p>\n<p>                            <img loading=\"lazy\" decoding=\"async\" class=\"player-thumbnail\" src=\"https:\/\/www.europesays.com\/fr\/wp-content\/uploads\/2025\/09\/3f8028e41821346c-580x326-1.jpg\" width=\"580\" height=\"326\"\/><\/p>\n<p>                    Les vues publicitaires sur t\u00e9l\u00e9vision connect\u00e9e ont plus que doubl\u00e9 en France au 2\u00e8me semestre 2024 \u00a9 Abaca<\/p>\n<p>La suite apr\u00e8s la publicit\u00e9<\/p>\n<p>Avec leur \u00ab\u00a0Pense pas b\u00eate CTV\u00a0\u00bb, l&rsquo;Alliance des M\u00e9dias TV &amp; Vid\u00e9o (ADMTV, ex-SNPTV) et le Syndicat des R\u00e9gies Internet (SRI) s&rsquo;adressent \u00e0 tous ceux qui, de pr\u00e8s ou de loin, sont concern\u00e9s par la forte croissance du secteur de la t\u00e9l\u00e9vision connect\u00e9e (CTV), port\u00e9e par l&rsquo;essor de la <strong>vid\u00e9o \u00e0 la demande financ\u00e9e par la publicit\u00e9 <\/strong>(AVOD pour \u00ab\u00a0Advertising Video On Demand\u00a0\u00bb), des <strong>offres avec publicit\u00e9s de Netflix, Amazon Prime Video ou Disney+<\/strong> (HVOD, pour \u00ab\u00a0Hybrid Video On Demand\u00a0\u00bb ou SAVOD, pour \u00ab\u00a0Subscription Advertising-Based Video On Demand\u00a0\u00bb), ou encore par <strong>les plateformes replay et streaming des cha\u00eenes TV<\/strong> (BVOD pour \u00ab\u00a0Broadcast Video On Demand\u00a0\u00bb).\u00a0<\/p>\n<p>De fait, la publicit\u00e9 vid\u00e9o sur CTV enregistre <strong>+ 80% de revenus<\/strong> entre le premier semestre 2023 et le premier semestre 2025, selon l&rsquo;Observatoire de l&rsquo;e-pub. Et nul doute que cette tendance devrait se poursuivre dans les ann\u00e9es \u00e0 venir, alors que <a href=\"https:\/\/www.ozap.com\/actu\/cgv-tv-2026-nouvelles-offres-nouveaux-formats-que-vont-proposer-les-regies-publicitaires-des-chaines-l-an-prochain\/651702\" rel=\"nofollow noopener\" target=\"_blank\">les r\u00e9gies TV misent de plus en plus sur la convergence TV\/digital<\/a> dans leurs offres, comme l&rsquo;a montr\u00e9 la r\u00e9cente publication des CGV TV 2026.<\/p>\n<p>Croissance \u00ab\u00a0spectaculaire\u00a0\u00bb<\/p>\n<p>\u00ab\u00a0Au-del\u00e0 du simple buzzword, la CTV est aujourd&rsquo;hui le premier device au sein du Display Vid\u00e9o fort de pr\u00e8s de 50% des recettes. Face \u00e0 cette croissance spectaculaire, il nous est apparu essentiel de proposer des rep\u00e8res clairs\u00a0\u00bb, souligne ainsi <strong>H\u00e9l\u00e8ne Chartier, directrice g\u00e9n\u00e9rale du SRI, <\/strong>qui r\u00e9unit les r\u00e9gies et les partenaires technologiques du secteur de la publicit\u00e9 digitale en France.<\/p>\n<p>Traduction : en France, pr\u00e8s de la moiti\u00e9 des revenus li\u00e9s \u00e0 la publicit\u00e9 vid\u00e9o en ligne (hors TV lin\u00e9aire et hors r\u00e9seaux sociaux, mais en incluant Youtube) sont maintenant g\u00e9n\u00e9r\u00e9s sur l&rsquo;\u00e9cran des t\u00e9l\u00e9viseurs connect\u00e9s.<\/p>\n<p>CGV TV 2026 : Les cha\u00eenes veulent tirer partie de leurs strat\u00e9gies d'\u00a0\u00bbhyperdistribution\u00a0\u00bb<\/p>\n<p>Chiffres, glossaire et cartographie<\/p>\n<p>Face \u00e0 cette croissance, les professionnels de l&rsquo;ADMTV et du SRI se sont donc associ\u00e9s pour concevoir un guide qui se veut \u00e0 la fois synth\u00e9tique et p\u00e9dagogique, destin\u00e9 \u00e0 l&rsquo;ensemble du march\u00e9.\u00a0<\/p>\n<p>Le document propose trois axes principaux, avec d<strong>es rep\u00e8res chiffr\u00e9s<\/strong> pour mesurer l&rsquo;ampleur du ph\u00e9nom\u00e8ne, <strong>un glossaire unifi\u00e9<\/strong> pour harmoniser le vocabulaire de la CTV et faciliter l&rsquo;appropriation du sujet par tous les acteurs et <strong>une cartographie <\/strong>croisant acteurs, formats et fonctionnalit\u00e9s, afin d&rsquo;apporter une vision claire de l&rsquo;offre disponible.<\/p>\n<p>\u00ab\u00a0F\u00e9d\u00e9rer les acteurs autour d&rsquo;un langage commun\u00a0\u00bb<\/p>\n<p>\u00ab\u00a0Avec ce guide, nous mettons \u00e0 disposition<strong> un outil clair et structurant<\/strong>, capable de f\u00e9d\u00e9rer les acteurs autour d&rsquo;un langage commun et d&rsquo;une vision partag\u00e9e. C&rsquo;est une \u00e9tape cl\u00e9 pour accompagner la mont\u00e9e en puissance de la CTV, devenue incontournable dans les strat\u00e9gies des marques\u00a0\u00bb, explique <strong>Isabelle Vignon, d\u00e9l\u00e9gu\u00e9e g\u00e9n\u00e9rale marketing de l&rsquo;ADMTV<\/strong>, qui rassemble TF1 Publicit\u00e9, M6 Unlimited, FranceTV Publicit\u00e9, Canal+ Brand Solutions, RMC BFM ADS, Amaury M\u00e9dia, beIN R\u00e9gie, Paramount, Amazon Ads, Disney+ et Netflix.\u00a0<\/p>\n<p>Un guide \u00e0 t\u00e9l\u00e9charger ici.<\/p>\n<p>        <img decoding=\"async\" class=\"thumb-img-100 thumb-img\" src=\"https:\/\/www.europesays.com\/fr\/wp-content\/uploads\/2025\/09\/ece16e5b33e77ec1-320x180-1.jpg\" alt=\"+113% : Les impressions publicitaires de la CTV ont bondi au 2e semestre 2024\" width=\"320\" height=\"180\" loading=\"lazy\" role=\"presentation\"\/><\/p>\n<p>                                            +113% : Les impressions publicitaires de la CTV ont bondi au 2e semestre 2024<\/p>\n<p>        <img decoding=\"async\" class=\"thumb-img-100 thumb-img\" src=\"https:\/\/www.europesays.com\/fr\/wp-content\/uploads\/2025\/09\/dff8ec844af0ed48-320x180-1.jpg\" alt=\"TV Connect\u00e9e : France TV Publicit\u00e9 lance de nouvelles offres pour la CTV\" width=\"320\" height=\"180\" loading=\"lazy\" role=\"presentation\"\/><\/p>\n<p>                                            TV Connect\u00e9e : France TV Publicit\u00e9 lance de nouvelles offres pour la CTV<\/p>\n<p>        <img decoding=\"async\" class=\"thumb-img-100 thumb-img\" src=\"https:\/\/www.europesays.com\/fr\/wp-content\/uploads\/2025\/09\/64e8247145eb3b91-320x180-1.jpg\" alt=\"TV connect\u00e9e (CTV) : La commande vocale et les QR codes boostent l'efficacit\u00e9 publicitaire\" width=\"320\" height=\"180\" loading=\"lazy\" role=\"presentation\"\/><\/p>\n<p>                                            TV connect\u00e9e (CTV) : La commande vocale et les QR codes boostent l&rsquo;efficacit\u00e9 publicitaire<\/p>\n","protected":false},"excerpt":{"rendered":"Par Beno\u00eet Zante | Journaliste Journaliste sp\u00e9cialis\u00e9 dans les sujets li\u00e9s \u00e0 l&rsquo;innovation, aux m\u00e9dias et \u00e0 la&hellip;\n","protected":false},"author":2,"featured_media":426904,"comment_status":"","ping_status":"","sticky":false,"template":"","format":"standard","meta":{"footnotes":""},"categories":[1356],"tags":[58,59,1011,27,252,1364],"class_list":{"0":"post-426903","1":"post","2":"type-post","3":"status-publish","4":"format-standard","5":"has-post-thumbnail","7":"category-television","8":"tag-divertissement","9":"tag-entertainment","10":"tag-fr","11":"tag-france","12":"tag-television","13":"tag-tv"},"share_on_mastodon":{"url":"https:\/\/pubeurope.com\/@fr\/115289414632268843","error":""},"_links":{"self":[{"href":"https:\/\/www.europesays.com\/fr\/wp-json\/wp\/v2\/posts\/426903","targetHints":{"allow":["GET"]}}],"collection":[{"href":"https:\/\/www.europesays.com\/fr\/wp-json\/wp\/v2\/posts"}],"about":[{"href":"https:\/\/www.europesays.com\/fr\/wp-json\/wp\/v2\/types\/post"}],"author":[{"embeddable":true,"href":"https:\/\/www.europesays.com\/fr\/wp-json\/wp\/v2\/users\/2"}],"replies":[{"embeddable":true,"href":"https:\/\/www.europesays.com\/fr\/wp-json\/wp\/v2\/comments?post=426903"}],"version-history":[{"count":0,"href":"https:\/\/www.europesays.com\/fr\/wp-json\/wp\/v2\/posts\/426903\/revisions"}],"wp:featuredmedia":[{"embeddable":true,"href":"https:\/\/www.europesays.com\/fr\/wp-json\/wp\/v2\/media\/426904"}],"wp:attachment":[{"href":"https:\/\/www.europesays.com\/fr\/wp-json\/wp\/v2\/media?parent=426903"}],"wp:term":[{"taxonomy":"category","embeddable":true,"href":"https:\/\/www.europesays.com\/fr\/wp-json\/wp\/v2\/categories?post=426903"},{"taxonomy":"post_tag","embeddable":true,"href":"https:\/\/www.europesays.com\/fr\/wp-json\/wp\/v2\/tags?post=426903"}],"curies":[{"name":"wp","href":"https:\/\/api.w.org\/{rel}","templated":true}]}}