{"id":426905,"date":"2025-09-29T20:13:16","date_gmt":"2025-09-29T20:13:16","guid":{"rendered":"https:\/\/www.europesays.com\/fr\/426905\/"},"modified":"2025-09-29T20:13:16","modified_gmt":"2025-09-29T20:13:16","slug":"non-helene-segara-ne-porte-pas-de-lunettes-de-soleil-pour-etre-star-nouvelles-confidences-sur-sa-pathologie","status":"publish","type":"post","link":"https:\/\/www.europesays.com\/fr\/426905\/","title":{"rendered":"Non, H\u00e9l\u00e8ne S\u00e9gara ne porte pas de lunettes de soleil pour \u00eatre \u00ab\u00a0star\u00a0\u00bb\u00a0: nouvelles confidences sur sa pathologie"},"content":{"rendered":"<p>Les fans de <a href=\"https:\/\/www.public.fr\/la-france-a-un-incroyable-talent-le-magicien-mathieu-stepson-remporte-la-saison-19\" target=\"_blank\" rel=\"noopener\">\u00ab\u00a0La France a un incroyable talent\u00a0\u00bb<\/a> sont en \u00e9bullition. L&rsquo;\u00e9mission phare de M6 reviendra pour <strong>une vingti\u00e8me saison le mardi 14\u00a0octobre \u00e0 21\u00a0h\u00a010<\/strong>. Une \u00e9dition anniversaire qui aura une saveur toute particuli\u00e8re pour <strong><a href=\"https:\/\/www.public.fr\/eric-antoine-recadre-booder-dans-la-france-a-un-incroyable-talent-tu-te-calmes-direct\" target=\"_blank\" rel=\"noopener\">Eric Antoine<\/a> et H\u00e9l\u00e8ne S\u00e9gara<\/strong>. En effet, l&rsquo;un comme l&rsquo;autre c\u00e9l\u00e9breront un anniversaire. Cela fait <strong>dix ans maintenant qu&rsquo;ils ont rejoint l&rsquo;aventure <\/strong>en tant que membre du jury. Une nouvelle exp\u00e9rience pour <a href=\"https:\/\/www.public.fr\/helene-segara-scandaleuse-annonce-en-tunisie\" target=\"_blank\" rel=\"noopener\">la chanteuse de 54 ans<\/a>. <\/p>\n<p>Cette derni\u00e8re qui ne ch\u00f4me pas. D&rsquo;ailleurs, dans sa biographie sur Instagram, on peut constater que <a href=\"https:\/\/www.public.fr\/adieu-ma-princesse-deuil-douloureux-pour-helene-segara\" target=\"_blank\" rel=\"noopener\">l\u2019\u00e9ternelle Esmeralda de Notre-Dame de Paris<\/a> pr\u00e9pare actuellement un album de duos pour ses trente ans de carri\u00e8re. Par ailleurs, elle sera aussi en concert \u00e0<strong> la salle Pleyel \u00e0 Paris le 28\u00a0f\u00e9vrier 2026.<\/strong> Toutefois, c&rsquo;est dans le cadre de son retour \u00e0 la TV que<a href=\"https:\/\/www.public.fr\/elle-en-avait-27-javais-17-ans-helene-segara-son-ex-damien-sargue-remet-les-pendules-a-lheure\" target=\"_blank\" rel=\"noopener\"> la jolie brune<\/a> a \u00e9t\u00e9 interrog\u00e9e par le m\u00e9dia Lou.<\/p>\n<p>\u00c0 cette occasion, <a href=\"https:\/\/www.public.fr\/diaporamas\/helene-segara-son-nouveau-gros-projet-avec-julien-le-fils-de-joe-dassin\" target=\"_blank\" rel=\"noopener\">la maman de Matt\u00e9o, Maya et Rapha\u00ebl<\/a> est revenue sans filtre cette maladie rare de l\u2019\u0153il qui l&rsquo;affecte depuis 2013. Op\u00e9r\u00e9e \u00e0 vingt reprises, cette maladie oculaire entra\u00eene chez elle la <strong>perte progressive de la vue de l\u2019\u0153il droit.<\/strong> Du coup, pour se soulager, l&rsquo;artiste aux multiples succ\u00e8s n&rsquo;a pas d&rsquo;autres choix&#8230; <strong>Elle doit porter r\u00e9guli\u00e8rement des lunettes<\/strong> et s&rsquo;en d\u00e9fend.<\/p>\n<p>H\u00e9l\u00e8ne S\u00e9gara\u00a0: pourquoi est-elle oblig\u00e9e de porter des lunettes\u00a0?<\/p>\n<p>\u00c0 l&rsquo;occasion de cet entretien, <a href=\"https:\/\/www.google.com\/url?sa=t&amp;source=web&amp;rct=j&amp;opi=89978449&amp;url=https:\/\/vsd.fr\/62551-la-vie-a-ete-dure-helene-segara-se-confie-sur-son-adolescence-chaotique\/&amp;ved=2ahUKEwji55_jlf6PAxWoWaQEHQ1eED4QFnoECBYQAQ&amp;usg=AOvVaw1unJ6T8vA8KySmklgT9V4g\" target=\"_blank\" rel=\"noopener\">l&rsquo;interpr\u00e8te d&rsquo;Y a trop de gens qui t&rsquo;aiment<\/a> se d\u00e9fend\u00a0: \u00ab\u00a0<strong>Je ne porte pas des lunettes pour faire un peu star<\/strong>\u00a0\u00bb assure-t-elle, lunettes noires vis\u00e9es sur le nez. \u00ab\u00a0Il y a beaucoup de moments o\u00f9 <strong>j&rsquo;ai souffert avec mes yeux<\/strong> et ma vision a \u00e9t\u00e9 tr\u00e8s tr\u00e8s compromise et il y a eu des jours de d\u00e9sespoir mais ces jours-l\u00e0 je ne me suis pas montr\u00e9e et je me suis cach\u00e9e et je me suis un peu enferm\u00e9e\u00a0\u00bb raconte <a href=\"https:\/\/www.google.com\/url?sa=t&amp;source=web&amp;rct=j&amp;opi=89978449&amp;url=https:\/\/vsd.fr\/49236-jai-passe-deux-annees-terribles-helene-segara-revient-sur-la-maladie-qui-la-presque-rendue-aveugle\/&amp;ved=2ahUKEwji55_jlf6PAxWoWaQEHQ1eED4QFnoECBoQAQ&amp;usg=AOvVaw3H7YWfdYHCXbH-EzKLLBpA\" target=\"_blank\" rel=\"noopener\">la star<\/a>.<\/p>\n<p>Enfin, pour elle, <strong>cette maladie a eu l&rsquo;effet d&rsquo;un d\u00e9clic<\/strong>. \u00ab\u00a0Aujourd&rsquo;hui, je ne peux pas m&#8217;emp\u00eacher de me dire \u00e0 propos d&rsquo;un truc qui m\u2019\u00e9merveille et qui m&rsquo;\u00e9blouit et qui m&rsquo;\u00e9meut <strong>que j&rsquo;ai de la chance de pouvoir le voir<\/strong>\u00ab\u00a0, assure H\u00e9l\u00e8ne S\u00e9gara qui voit compl\u00e8tement la vie autrement. \u00ab\u00a0\u00c7a m&rsquo;a enseign\u00e9 que chaque jour compte [&#8230;] Chaque jour peut \u00eatre le dernier, n&rsquo;importe quand vous ne savez pas [&#8230;] <strong>On ne se rend pas compte de la valeur de la vie<\/strong>\u00a0\u00bb a-t-elle fini par conclure philosophe.<\/p>\n<p>      Mentionn\u00e9s dans cet article<\/p>\n<p>      Sur le m\u00eame sujet<\/p>\n","protected":false},"excerpt":{"rendered":"Les fans de \u00ab\u00a0La France a un incroyable talent\u00a0\u00bb sont en \u00e9bullition. L&rsquo;\u00e9mission phare de M6 reviendra pour&hellip;\n","protected":false},"author":2,"featured_media":426906,"comment_status":"","ping_status":"","sticky":false,"template":"","format":"standard","meta":{"footnotes":""},"categories":[1355],"tags":[1695,5551,26578,9260,58,59,1011,27,38075,5366,1200,27652,494,226,1361,873,8461],"class_list":{"0":"post-426905","1":"post","2":"type-post","3":"status-publish","4":"format-standard","5":"has-post-thumbnail","7":"category-musique","8":"tag-chanson","9":"tag-chanson-francaise","10":"tag-confidence","11":"tag-confidences","12":"tag-divertissement","13":"tag-entertainment","14":"tag-fr","15":"tag-france","16":"tag-helene-segara","17":"tag-la-france-a-un-incroyable-talent","18":"tag-lunettes","19":"tag-lunettes-de-soleil","20":"tag-m6","21":"tag-maladie","22":"tag-music","23":"tag-musique","24":"tag-yeux"},"share_on_mastodon":{"url":"https:\/\/pubeurope.com\/@fr\/115289418542785343","error":""},"_links":{"self":[{"href":"https:\/\/www.europesays.com\/fr\/wp-json\/wp\/v2\/posts\/426905","targetHints":{"allow":["GET"]}}],"collection":[{"href":"https:\/\/www.europesays.com\/fr\/wp-json\/wp\/v2\/posts"}],"about":[{"href":"https:\/\/www.europesays.com\/fr\/wp-json\/wp\/v2\/types\/post"}],"author":[{"embeddable":true,"href":"https:\/\/www.europesays.com\/fr\/wp-json\/wp\/v2\/users\/2"}],"replies":[{"embeddable":true,"href":"https:\/\/www.europesays.com\/fr\/wp-json\/wp\/v2\/comments?post=426905"}],"version-history":[{"count":0,"href":"https:\/\/www.europesays.com\/fr\/wp-json\/wp\/v2\/posts\/426905\/revisions"}],"wp:featuredmedia":[{"embeddable":true,"href":"https:\/\/www.europesays.com\/fr\/wp-json\/wp\/v2\/media\/426906"}],"wp:attachment":[{"href":"https:\/\/www.europesays.com\/fr\/wp-json\/wp\/v2\/media?parent=426905"}],"wp:term":[{"taxonomy":"category","embeddable":true,"href":"https:\/\/www.europesays.com\/fr\/wp-json\/wp\/v2\/categories?post=426905"},{"taxonomy":"post_tag","embeddable":true,"href":"https:\/\/www.europesays.com\/fr\/wp-json\/wp\/v2\/tags?post=426905"}],"curies":[{"name":"wp","href":"https:\/\/api.w.org\/{rel}","templated":true}]}}