{"id":426909,"date":"2025-09-29T20:16:11","date_gmt":"2025-09-29T20:16:11","guid":{"rendered":"https:\/\/www.europesays.com\/fr\/426909\/"},"modified":"2025-09-29T20:16:11","modified_gmt":"2025-09-29T20:16:11","slug":"vous-risquez-la-demence-sur-le-long-terme-si-vous-ne-dormez-pas-suffisamment-chaque-nuit-voici-le-nombre-dheures-minimum-a-respecter","status":"publish","type":"post","link":"https:\/\/www.europesays.com\/fr\/426909\/","title":{"rendered":"Vous risquez la d\u00e9mence sur le long terme si vous ne dormez pas suffisamment chaque nuit : voici le nombre d&rsquo;heures minimum \u00e0 respecter"},"content":{"rendered":"<p>La nuit est tomb\u00e9e, la fra\u00eecheur de l&rsquo;automne s&rsquo;installe doucement sur la France, et bien des Fran\u00e7ais consultent leur montre en pensant \u00e0 l&rsquo;heure du coucher. Mais saviez-vous que quelques heures de sommeil en moins pourraient, \u00e0 long terme, bouleverser la sant\u00e9 de votre cerveau ? \u00c0 l&rsquo;heure o\u00f9 le sujet du sommeil pr\u00e9occupe autant les scientifiques que nos proches, une d\u00e9couverte am\u00e9ricaine vient tout changer : dormir trop peu pourrait vous exposer \u00e0 la d\u00e9mence. Alors, combien d&rsquo;heures faut-il vraiment accorder \u00e0 Morph\u00e9e pour pr\u00e9server son esprit, et comment ce d\u00e9ficit menace-t-il notre m\u00e9moire ? <strong>Plong\u00e9e captivante<\/strong> dans une v\u00e9rit\u00e9 qui devrait bousculer vos habitudes ce soir-m\u00eame.<\/p>\n<p>Pas de repos pour le cerveau : quand la dette de sommeil p\u00e8se lourd<\/p>\n<p>Le quotidien moderne tend \u00e0 rogner chaque nuit quelques pr\u00e9cieuses minutes de repos, entre \u00e9crans, obligations familiales, insomnies et rythmes bouscul\u00e9s. Cette \u00ab\u00a0dette de sommeil\u00a0\u00bb devient progressivement un pi\u00e8ge, <strong>quasi invisible, mais aux effets cumul\u00e9s redoutables<\/strong>.<\/p>\n<p><strong>Manquer de sommeil, ce n&rsquo;est pas seulement \u00eatre fatigu\u00e9 au r\u00e9veil<\/strong>. C&rsquo;est priver son cerveau d&rsquo;un temps r\u00e9parateur indispensable, o\u00f9 il traite, trie et stocke toutes les informations de la journ\u00e9e. Or, chaque heure en moins s&rsquo;accumule\u2026 et cette dette n&rsquo;est pas si facile \u00e0 rembourser les week-ends.<\/p>\n<p>Loin d&rsquo;\u00eatre anecdotique, ce ph\u00e9nom\u00e8ne touche d\u00e9sormais toutes les tranches d&rsquo;\u00e2ge, des actifs stress\u00e9s aux seniors soucieux de leur autonomie. <strong>Fatigue chronique, baisse de vigilance, nervosit\u00e9<\/strong> : les signaux d&rsquo;alarme se multiplient, mais trop de Fran\u00e7ais minimisent encore leur importance.<\/p>\n<p>Ce que r\u00e9v\u00e8lent les chiffres : une tendance mondiale inqui\u00e9tante<\/p>\n<p><strong>Plus d&rsquo;un adulte sur trois dort moins de sept heures par nuit<\/strong>, selon les donn\u00e9es recueillies ces derni\u00e8res ann\u00e9es. En France, la dur\u00e9e moyenne de sommeil a recul\u00e9 d&rsquo;environ une heure en cinquante ans, oscillant souvent entre six et sept heures, alors que nos besoins physiologiques restent inchang\u00e9s. Cette \u00e9volution n&rsquo;est pas anodine : elle annonce une vague silencieuse d&rsquo;impacts sur la sant\u00e9 mentale.<\/p>\n<p>La d\u00e9mence, une menace insidieuse accentu\u00e9e par le manque de sommeil<\/p>\n<p>Si le manque de sommeil rend grognon, il ne se contente pas de cela. Sur le long terme, il pourrait <strong>faire le lit du d\u00e9clin cognitif<\/strong>, compromettant notre m\u00e9moire, notre attention et l&rsquo;ensemble de nos fonctions mentales.<\/p>\n<p> Comprendre les m\u00e9canismes du d\u00e9clin cognitif<\/p>\n<p>La d\u00e9mence ne surgit pas du jour au lendemain. Elle s&rsquo;installe insidieusement, souvent \u00e0 bas bruit, s&rsquo;invitant d&rsquo;abord dans de menues pertes de m\u00e9moire ou des oublis plus fr\u00e9quents. Or, le cerveau priv\u00e9 de sommeil peine \u00e0 \u00e9vacuer ses \u00ab\u00a0d\u00e9chets cellulaires\u00a0\u00bb, notamment <strong>certaines prot\u00e9ines toxiques li\u00e9es \u00e0 la maladie d&rsquo;Alzheimer<\/strong>. Ce m\u00e9nage nocturne est donc essentiel : sans lui, le risque de troubles cognitifs augmente progressivement.<\/p>\n<p>Le cerveau attaqu\u00e9 pendant la nuit : pourquoi le sommeil est une barri\u00e8re protectrice<\/p>\n<p>Durant la nuit, notre cerveau active des circuits de r\u00e9paration et de consolidation qui sont essentiels \u00e0 la pr\u00e9servation de nos fonctions mentales. \u00c0 l&rsquo;inverse, un sommeil insuffisant laisse la porte ouverte aux <strong>agressions inflammatoires<\/strong>, au stress oxydatif et perp\u00e9tue la fatigue mentale. \u00c0 force, c&rsquo;est tout le syst\u00e8me nerveux central qui s&rsquo;affaiblit, exposant davantage aux risques de d\u00e9mence.<\/p>\n<p>La r\u00e9v\u00e9lation sign\u00e9e Mayo Clinic : un lien ind\u00e9niable confirm\u00e9<\/p>\n<p>Septembre 2025 marque un tournant avec la publication retentissante de nouveaux r\u00e9sultats am\u00e9ricains. C&rsquo;est la <strong>Mayo Clinic<\/strong>, institut de r\u00e9f\u00e9rence dans la recherche m\u00e9dicale, qui met au jour une v\u00e9rit\u00e9 pr\u00e9occupante : le lien entre troubles chroniques du sommeil et d\u00e9veloppement de d\u00e9mences est d\u00e9sormais clairement \u00e9tabli.<\/p>\n<p>L&rsquo;\u00e9tude qui balaye les doutes : m\u00e9thode et r\u00e9sultats marquants<\/p>\n<p>Des milliers de volontaires ont vu leur sommeil scrut\u00e9 \u00e0 la loupe, crois\u00e9 sur plusieurs ann\u00e9es avec leur vieillissement c\u00e9r\u00e9bral. Ce suivi long et rigoureux permet d&rsquo;affirmer une r\u00e9alit\u00e9 : plus la dette de sommeil s&rsquo;installe, plus le risque de d\u00e9clin cognitif s&rsquo;enracine. <strong>L&rsquo;analyse approfondie<\/strong> d\u00e9montre une augmentation mesurable du danger au-del\u00e0 d&rsquo;un certain seuil d&rsquo;heures non respect\u00e9.<\/p>\n<p> Des chiffres qui bousculent les id\u00e9es re\u00e7ues sur le sommeil<\/p>\n<p>Les r\u00e9sultats sont sans appel : <strong>le risque de d\u00e9mence grimpe de fa\u00e7on notable chez celles et ceux qui dorment moins de six heures par nuit<\/strong> sur une longue p\u00e9riode. M\u00eame un sommeil entre six et sept heures comporte des risques accrus compar\u00e9 \u00e0 la \u00ab\u00a0norme\u00a0\u00bb recommand\u00e9e. Dormir suffisamment n&rsquo;est pas un luxe superflu : c&rsquo;est bel et bien un geste vital de pr\u00e9vention pour sa m\u00e9moire.<\/p>\n<p> Combien d&rsquo;heures faut-il dormir ? Ce que dit la science<\/p>\n<p>Face \u00e0 ces r\u00e9v\u00e9lations, une question subsiste : quelle quantit\u00e9 de sommeil constitue r\u00e9ellement la barri\u00e8re protectrice pour notre cerveau ?<\/p>\n<p>La fourchette d&rsquo;or : pas trop, pas trop peu<\/p>\n<p><strong>La plupart des sp\u00e9cialistes convergent sur une fourchette comprise entre 7 et 8 heures de sommeil par nuit<\/strong> pour un adulte, seniors compris. C&rsquo;est dans cette plage que le cerveau b\u00e9n\u00e9ficie de ses pleins pouvoirs de r\u00e9paration et de consolidation m\u00e9morielle. En de\u00e7\u00e0, le risque augmente consid\u00e9rablement ; au-del\u00e0, il n&rsquo;est pas forc\u00e9ment utile d&rsquo;allonger la dur\u00e9e si la qualit\u00e9 du sommeil est bonne.<\/p>\n<p>Les cycles de sommeil : qualit\u00e9 contre quantit\u00e9<\/p>\n<p>Il ne suffit toutefois pas de compter les heures. Un sommeil entrecoup\u00e9, trop l\u00e9ger ou perturb\u00e9 perd une part significative de son efficacit\u00e9. Privil\u00e9giez une r\u00e9gularit\u00e9 d&rsquo;horaires et un environnement calme : <strong>l&rsquo;enjeu est d&rsquo;atteindre progressivement toutes les phases de sommeil profond<\/strong> indispensables \u00e0 la sant\u00e9 du cerveau.<\/p>\n<p>Vivre fatigu\u00e9, \u00e0 quel prix ? Les signes avant-coureurs \u00e0 ne pas ignorer<\/p>\n<p>Des petits oublis aux trous de m\u00e9moire plus importants, le corps envoie souvent des alertes bien avant le point de non-retour.<\/p>\n<p>Les alertes du corps : quand la fatigue impacte la m\u00e9moire<\/p>\n<p>Des difficult\u00e9s \u00e0 se rappeler un nom, une sensation de confusion ou d&rsquo;impatience, des gestes automatiques ou encore la difficult\u00e9 \u00e0 suivre une conversation peuvent \u00eatre les premiers avertissements d&rsquo;un sommeil insuffisant. <strong>La vigilance est de mise<\/strong> : identifier t\u00f4t ces signes permet de r\u00e9agir avant que la fatigue ne s&rsquo;installe durablement et n&rsquo;affecte nos facult\u00e9s cognitives.<\/p>\n<p>Au-del\u00e0 du cerveau : les autres risques du manque de sommeil<\/p>\n<p>Le danger ne concerne pas uniquement la m\u00e9moire. <strong>Hypertension, diab\u00e8te, prise de poids<\/strong>, risque d&rsquo;accidents domestiques ou de la route augmentent aussi avec chaque nuit \u00e9court\u00e9e. Prendre soin de son sommeil, c&rsquo;est aussi se prot\u00e9ger sur tous les fronts de la sant\u00e9.<\/p>\n<p>Mettre toutes les chances de son c\u00f4t\u00e9 : rituels et conseils pour mieux dormir<\/p>\n<p>L&rsquo;arriv\u00e9e de l&rsquo;automne, avec ses soir\u00e9es plus fra\u00eeches, peut \u00eatre une p\u00e9riode propice \u00e0 l&rsquo;adoption de routines bien-\u00eatre pour la nuit.<\/p>\n<p> Les routines gagnantes pour s&rsquo;offrir un r\u00e9el repos<\/p>\n<ul>\n<li>A\u00e9rez votre chambre : <strong>une temp\u00e9rature aux alentours de 18 \u00b0C<\/strong> favorise l&rsquo;endormissement.<\/li>\n<li>\u00c9vitez les \u00e9crans au moins trente minutes avant le coucher pour limiter la lumi\u00e8re bleue.<\/li>\n<li>Accordez-vous un rituel apaisant (lecture, tisane, respiration profonde).<\/li>\n<li>Consacrez-vous \u00e0 des <a href=\"https:\/\/journaldesseniors.20minutes.fr\/sante\/vous-mangez-1-de-ces-4-fruits-le-soir-pourquoi-nuisent-sommeil\/\" target=\"_blank\" rel=\"noopener\">horaires r\u00e9guliers<\/a>, m\u00eame le week-end.<\/li>\n<\/ul>\n<p> Les pi\u00e8ges \u00e0 \u00e9viter pour \u00e9chapper \u00e0 la spirale de la dette de sommeil<\/p>\n<ul>\n<li>\u00c9vitez les repas trop riches ou les stimulants (alcool, caf\u00e9) en soir\u00e9e.<\/li>\n<li><strong>Ne pratiquez pas de sport intense<\/strong> trop tard dans la journ\u00e9e.<\/li>\n<li>Fuyez le r\u00e9flexe de \u00ab\u00a0rattraper\u00a0\u00bb les heures perdues en dormant le matin : privil\u00e9giez la r\u00e9gularit\u00e9.<\/li>\n<\/ul>\n<p>Dormez, c&rsquo;est vital ! Synth\u00e8se et prochaine \u00e9tape pour prot\u00e9ger votre cerveau<br \/>\nRetenir l&rsquo;essentiel : combien d&rsquo;heures pour rester en forme mentale<\/p>\n<p>La science est formelle : pr\u00e9server sa m\u00e9moire et r\u00e9duire le risque de d\u00e9mence passe par un \u00e9quilibre trouv\u00e9 autour de <strong>7 \u00e0 8 heures de sommeil par nuit<\/strong>, dans de bonnes conditions. Quelques \u00e9carts ponctuels ne pr\u00eatent pas \u00e0 cons\u00e9quence, mais la r\u00e9gularit\u00e9 et la qualit\u00e9 restent les principes fondamentaux pour le bien-\u00eatre du cerveau.<\/p>\n<p> Adopter de nouveaux r\u00e9flexes pour pr\u00e9server sa sant\u00e9 cognitive sur le long terme<\/p>\n<p>Ritualiser l&rsquo;heure du coucher, rep\u00e9rer les signes d&rsquo;alerte, r\u00e9ajuster sa routine selon la saison, c&rsquo;est d\u00e9j\u00e0 agir en pr\u00e9vention. <strong>Prot\u00e9ger son sommeil<\/strong>, c&rsquo;est finalement prot\u00e9ger ses souvenirs, sa vivacit\u00e9 et son autonomie future. Ce soir, et chaque soir, posez-vous la question : ai-je fait assez de place au repos pour prendre soin de ma m\u00e9moire ?<\/p>\n","protected":false},"excerpt":{"rendered":"La nuit est tomb\u00e9e, la fra\u00eecheur de l&rsquo;automne s&rsquo;installe doucement sur la France, et bien des Fran\u00e7ais consultent&hellip;\n","protected":false},"author":2,"featured_media":426910,"comment_status":"","ping_status":"","sticky":false,"template":"","format":"standard","meta":{"footnotes":""},"categories":[10],"tags":[1011,27,72,56,71],"class_list":{"0":"post-426909","1":"post","2":"type-post","3":"status-publish","4":"format-standard","5":"has-post-thumbnail","7":"category-sante","8":"tag-fr","9":"tag-france","10":"tag-health","11":"tag-push","12":"tag-sante"},"share_on_mastodon":{"url":"https:\/\/pubeurope.com\/@fr\/115289429621347358","error":""},"_links":{"self":[{"href":"https:\/\/www.europesays.com\/fr\/wp-json\/wp\/v2\/posts\/426909","targetHints":{"allow":["GET"]}}],"collection":[{"href":"https:\/\/www.europesays.com\/fr\/wp-json\/wp\/v2\/posts"}],"about":[{"href":"https:\/\/www.europesays.com\/fr\/wp-json\/wp\/v2\/types\/post"}],"author":[{"embeddable":true,"href":"https:\/\/www.europesays.com\/fr\/wp-json\/wp\/v2\/users\/2"}],"replies":[{"embeddable":true,"href":"https:\/\/www.europesays.com\/fr\/wp-json\/wp\/v2\/comments?post=426909"}],"version-history":[{"count":0,"href":"https:\/\/www.europesays.com\/fr\/wp-json\/wp\/v2\/posts\/426909\/revisions"}],"wp:featuredmedia":[{"embeddable":true,"href":"https:\/\/www.europesays.com\/fr\/wp-json\/wp\/v2\/media\/426910"}],"wp:attachment":[{"href":"https:\/\/www.europesays.com\/fr\/wp-json\/wp\/v2\/media?parent=426909"}],"wp:term":[{"taxonomy":"category","embeddable":true,"href":"https:\/\/www.europesays.com\/fr\/wp-json\/wp\/v2\/categories?post=426909"},{"taxonomy":"post_tag","embeddable":true,"href":"https:\/\/www.europesays.com\/fr\/wp-json\/wp\/v2\/tags?post=426909"}],"curies":[{"name":"wp","href":"https:\/\/api.w.org\/{rel}","templated":true}]}}