{"id":426911,"date":"2025-09-29T20:17:27","date_gmt":"2025-09-29T20:17:27","guid":{"rendered":"https:\/\/www.europesays.com\/fr\/426911\/"},"modified":"2025-09-29T20:17:27","modified_gmt":"2025-09-29T20:17:27","slug":"barcelone-psg-les-doutes-se-levent-autour-de-vitinha-mais-pas-pour-kvaratskhelia","status":"publish","type":"post","link":"https:\/\/www.europesays.com\/fr\/426911\/","title":{"rendered":"Barcelone &#8211; PSG\u00a0: les doutes se l\u00e8vent autour de Vitinha mais pas pour Kvaratskhelia"},"content":{"rendered":"<p class=\"paragraph text_align_left lp-f-body-02\">Le rendez-vous n\u2019aura \u00e9videmment pas la saveur de celui dont la plan\u00e8te <a href=\"https:\/\/www.leparisien.fr\/sports\/football\/\" target=\"_blank\" rel=\"noreferrer nofollow noopener\">foot<\/a> r\u00eavait de se d\u00e9lecter en mai dernier \u00e0 l\u2019occasion de la finale de <a href=\"https:\/\/www.leparisien.fr\/sports\/football\/ligue-des-champions\/\" target=\"_blank\" rel=\"noreferrer nofollow noopener\">Ligue des champions<\/a>. Malgr\u00e9 un enjeu que la pr\u00e9c\u00e9dente premi\u00e8re phase de l\u2019\u00e9preuve reine europ\u00e9enne impose de relativiser, le Bar\u00e7a &#8211; <a href=\"https:\/\/www.leparisien.fr\/sports\/football\/psg\/\" target=\"_blank\" rel=\"noreferrer nofollow noopener\">PSG<\/a>, programm\u00e9 mercredi soir lors de la deuxi\u00e8me journ\u00e9e de la comp\u00e9tition, \u00e9veille toutefois les app\u00e9tits tant il charrie d\u2019all\u00e9chantes rivalit\u00e9s saupoudr\u00e9es de jeu, de spectacle et d\u2019une version 2.0 du football total.<\/p>\n<p><img decoding=\"async\" class=\"image \" loading=\"lazy\" src=\"https:\/\/www.europesays.com\/fr\/wp-content\/uploads\/2025\/09\/3K2H6AJHDFGE5A3U2FPNP5B63Q.jpg\" alt=\"Luis Enrique, ici contre Auxerre le samedi 27 septembre, devrait pouvoir compter sur Vitinha.\" align=\"\" data-rubrique-principale=\"\" data-article-type=\"\" fetchpriority=\"auto\"\/>Luis Enrique, ici contre Auxerre le samedi 27 septembre, devrait pouvoir compter sur Vitinha. <\/p>\n<p class=\"paragraph text_align_left lp-f-body-02\">Et qu\u2019importe, \u00e0 ce stade de la comp\u00e9tition, que chacune des deux \u00e9quipes ne puisse fourbir ses plus belles armes comme le regrettait Enrique samedi soir au sortir de la victoire face \u00e0 Auxerre (2-0). \u00ab C\u2019est dommage d\u2019avoir dans quatre jours un match contre Barcelone sans 5 ou 6 joueurs importants pour nous et pour eux, a-t-il expliqu\u00e9 en r\u00e9f\u00e9rence notamment aux absences de Demb\u00e9l\u00e9, Dou\u00e9, Marquinhos c\u00f4t\u00e9 parisien et de Raphinha et Joan Garcia c\u00f4t\u00e9 catalan. C\u2019est dommage pour moi, pour l\u2019entra\u00eeneur adverse Hansi Flick et pour les supporters des deux \u00e9quipes. \u00bb<\/p>\n<p class=\"paragraph text_align_left lp-f-body-02\">Mais puisqu\u2019il a aussi rappel\u00e9 l\u2019imp\u00e9ratif \u00ab d\u2019\u00eatre positif tout le temps \u00bb, le coach asturien a quelques raisons de pouvoir l\u2019\u00eatre avant de prendre la direction de la Catalogne ce mardi matin.<\/p>\n<p class=\"paragraph text_align_left lp-f-body-02\">Touch\u00e9 aux ischio-jambiers de la cuisse gauche lors du lancement de la campagne europ\u00e9enne face \u00e0 l\u2019Atalanta Bergame, Joao Neves semble de nouveau apte au service, lui qui a repris l\u2019entra\u00eenement lundi. Certes, le staff parisien esp\u00e9rait pouvoir offrir quelques minutes de jeu \u00e0 son jeune milieu portugais \u00e0 l\u2019occasion de la venue de l\u2019AJA samedi soir au Parc des Princes. Mais s\u2019il a finalement d\u00fb d\u00e9caler son retour \u00e0 la comp\u00e9tition, Neves devrait bien \u00eatre du voyage en Catalogne.<\/p>\n<p class=\"paragraph text_align_left lp-f-body-02\">Cette bonne nouvelle pourrait ne pas se promener toute seule puisque Vitinha, qui ne s\u2019est pas entra\u00een\u00e9, devrait n\u00e9anmoins \u00eatre en mesure de tenir sa place mercredi soir, peut-\u00eatre m\u00eame d\u00e8s le coup d\u2019envoi. Depuis samedi et la sortie pr\u00e9matur\u00e9e du Portugais dix minutes avant la pause du duel face aux Bourguignons, le doute planait forc\u00e9ment autour de sa participation. Son remplacement, li\u00e9 \u00e0 \u00ab quelques probl\u00e8mes \u00bb not\u00e9s par Luis Enrique du haut de la tribune, visait surtout \u00e0 ne pas prendre de risque avec le r\u00e9cent troisi\u00e8me du<a href=\"https:\/\/www.leparisien.fr\/sports\/football\/ballon-d-or\/\" target=\"_blank\" rel=\"noreferrer nofollow noopener\"> Ballon d\u2019or<\/a>. Lundi, \u00e0 l\u2019issue de la derni\u00e8re s\u00e9ance au Campus avant le d\u00e9part, l\u2019optimisme \u00e9tait de mise quant \u00e0 la participation du ma\u00eetre \u00e0 jouer parisien sur la pelouse de Montjuic.<\/p>\n<p>Vers un retour de Fabian Ruiz<\/p>\n<p class=\"paragraph text_align_left lp-f-body-02\">Non convoqu\u00e9 samedi pour la sixi\u00e8me journ\u00e9e de Ligue 1 en raison d\u2019une fatigue musculaire, Fabian Ruiz devrait, lui aussi, pouvoir r\u00e9pondre pr\u00e9sent. Le S\u00e9villan a b\u00e9n\u00e9fici\u00e9 de s\u00e9ances individualis\u00e9es durant le week-end et ne semble plus ressentir aucune g\u00eane, ni appr\u00e9hension.<\/p>\n<p class=\"paragraph text_align_left lp-f-body-02\">Le doute est en revanche toujours entier autour du cas de Khvicha Kvaratskhelia. Remplac\u00e9 \u00e0 la pause samedi apr\u00e8s s\u2019\u00eatre longtemps tenu la cuisse gauche, le G\u00e9orgien n\u2019\u00e9tait, lundi soir, pas en mesure de d\u00e9buter, sachant qu\u2019il n\u2019a pas particip\u00e9 \u00e0 la s\u00e9ance. Il n\u2019est toutefois pas \u00e0 exclure qu\u2019il fasse le d\u00e9placement en Catalogne, les deux jours s\u00e9parant ce premier verdict du coup d\u2019envoi de la rencontre pouvant s\u2019av\u00e9rer b\u00e9n\u00e9fiques pour son r\u00e9tablissement.<\/p>\n","protected":false},"excerpt":{"rendered":"Le rendez-vous n\u2019aura \u00e9videmment pas la saveur de celui dont la plan\u00e8te foot r\u00eavait de se d\u00e9lecter en&hellip;\n","protected":false},"author":2,"featured_media":426912,"comment_status":"","ping_status":"","sticky":false,"template":"","format":"standard","meta":{"footnotes":""},"categories":[9],"tags":[63,1011,27,447,60],"class_list":{"0":"post-426911","1":"post","2":"type-post","3":"status-publish","4":"format-standard","5":"has-post-thumbnail","7":"category-sports","8":"tag-football","9":"tag-fr","10":"tag-france","11":"tag-ligue-des-champions","12":"tag-sports"},"share_on_mastodon":{"url":"https:\/\/pubeurope.com\/@fr\/115289433345723439","error":""},"_links":{"self":[{"href":"https:\/\/www.europesays.com\/fr\/wp-json\/wp\/v2\/posts\/426911","targetHints":{"allow":["GET"]}}],"collection":[{"href":"https:\/\/www.europesays.com\/fr\/wp-json\/wp\/v2\/posts"}],"about":[{"href":"https:\/\/www.europesays.com\/fr\/wp-json\/wp\/v2\/types\/post"}],"author":[{"embeddable":true,"href":"https:\/\/www.europesays.com\/fr\/wp-json\/wp\/v2\/users\/2"}],"replies":[{"embeddable":true,"href":"https:\/\/www.europesays.com\/fr\/wp-json\/wp\/v2\/comments?post=426911"}],"version-history":[{"count":0,"href":"https:\/\/www.europesays.com\/fr\/wp-json\/wp\/v2\/posts\/426911\/revisions"}],"wp:featuredmedia":[{"embeddable":true,"href":"https:\/\/www.europesays.com\/fr\/wp-json\/wp\/v2\/media\/426912"}],"wp:attachment":[{"href":"https:\/\/www.europesays.com\/fr\/wp-json\/wp\/v2\/media?parent=426911"}],"wp:term":[{"taxonomy":"category","embeddable":true,"href":"https:\/\/www.europesays.com\/fr\/wp-json\/wp\/v2\/categories?post=426911"},{"taxonomy":"post_tag","embeddable":true,"href":"https:\/\/www.europesays.com\/fr\/wp-json\/wp\/v2\/tags?post=426911"}],"curies":[{"name":"wp","href":"https:\/\/api.w.org\/{rel}","templated":true}]}}