{"id":426913,"date":"2025-09-29T20:18:16","date_gmt":"2025-09-29T20:18:16","guid":{"rendered":"https:\/\/www.europesays.com\/fr\/426913\/"},"modified":"2025-09-29T20:18:16","modified_gmt":"2025-09-29T20:18:16","slug":"jarry-sequestre-par-le-pere-dun-ami-lhumoriste-revient-avec-un-fusil-apres-avoir-ete-jete-dans-une-piece-fermee-a-cle","status":"publish","type":"post","link":"https:\/\/www.europesays.com\/fr\/426913\/","title":{"rendered":"Jarry s\u00e9questr\u00e9 par le p\u00e8re d\u2019un ami : l\u2019humoriste revient avec un fusil apr\u00e8s avoir \u00e9t\u00e9 \u00ab\u00a0jet\u00e9 dans une pi\u00e8ce ferm\u00e9e \u00e0 cl\u00e9\u00a0\u00bb"},"content":{"rendered":"<p>Derri\u00e8re son sourire et sa joie de vivre, <a href=\"https:\/\/vsd.fr\/tag\/jarry\/\" rel=\"nofollow noopener\" target=\"_blank\">Jarry<\/a> cache de difficiles souvenirs. <a href=\"https:\/\/www.public.fr\/jarry-boude-par-la-communaute-gay-cest-fou\" rel=\"nofollow noopener\" target=\"_blank\">L\u2019humoriste, \u00e2g\u00e9 de 48 ans<\/a>, a d\u2019ailleurs accept\u00e9 de revenir sur l\u2019un d\u2019entre eux et il n\u2019a visiblement rien oubli\u00e9 \u00e0 ce sujet.\u00a0<\/p>\n<p>Invit\u00e9 de l\u2019\u00e9mission <strong>\u00c0 qui appartient le secret ?<\/strong> diffus\u00e9e sur YouTube, celui qui a remplac\u00e9 <a href=\"https:\/\/www.public.fr\/tag\/laurence-boccolini\" rel=\"nofollow noopener\" target=\"_blank\">Laurence Boccolini<\/a> \u00e0 la t\u00eate de <strong>Tout le monde veut prendre sa place<\/strong>, avant de c\u00e9der la sienne \u00e0 <a href=\"https:\/\/www.public.fr\/tag\/cyril-feraud\" rel=\"nofollow noopener\" target=\"_blank\">Cyril F\u00e9raud<\/a>, a par exemple r\u00e9v\u00e9l\u00e9 avoir \u00e9t\u00e9 s\u00e9questr\u00e9 au cours de sa jeunesse.\u00a0<\/p>\n<p>Dans cette \u00e9mission, les invit\u00e9s s\u2019amusent \u00e0 deviner si les anecdotes racont\u00e9es sont vraies ou totalement invent\u00e9es. En ce qui concerne Jarry, son anecdote au sujet de <strong>sa s\u00e9questration se r\u00e9v\u00e9lait malheureusement vraie.<\/strong><\/p>\n<p>Jarry s\u00e9questr\u00e9 par le p\u00e8re d&rsquo;un ami<\/p>\n<p>\u00ab\u00a0J&rsquo;ai 21 ans, je sors de soir\u00e9e et je vois un des jeunes que je connais, qui a 16 ans, et qui est d\u00e9fonc\u00e9, il a bu beaucoup d&rsquo;alcool. Je sais o\u00f9 il habite donc <strong>je d\u00e9cide de le raccompagner<\/strong> pour qu&rsquo;il ne se mette pas en danger. Je frappe \u00e0 sa porte, il est 1h du matin, le p\u00e8re ouvre et il est bourr\u00e9\u00a0\u00bb, a d\u2019abord confi\u00e9 l\u2019humoriste.<\/p>\n<p>Face au p\u00e8re de son ami, il informe ce dernier qu\u2019i lui ram\u00e8ne son fils. <strong>\u00ab\u00a0Qu\u2019est-ce que tu as fait \u00e0 mon fils\u00a0?\u00a0\u00bb<\/strong>, lui lance-t-il alors avant de <strong>le prendre par le col et le jeter \u00ab\u00a0dans une pi\u00e8ce qu\u2019il ferme \u00e0 cl\u00e9\u00a0\u00bb.\u00a0<\/strong><\/p>\n<p>\u00ab\u00a0\u00c0 l&rsquo;\u00e9poque je n&rsquo;avais pas de t\u00e9l\u00e9phone portable.\u00a0J&rsquo;ai vraiment eu tr\u00e8s tr\u00e8s peur. Je suis rest\u00e9 s\u00e9questr\u00e9 une demi-heure, 40 minutes\u2026\u00a0<strong>J&rsquo;ai flipp\u00e9 grave<\/strong>\u00ab\u00a0, poursuit-il encore troubl\u00e9 par ce difficile moment, avant d\u2019ajouter : \u00ab\u00a0La m\u00e8re du pote qui arrive derri\u00e8re la porte, qui me dit qu&rsquo;elle n&rsquo;a pas la cl\u00e9 mais qu&rsquo;elle va aller parler \u00e0 son mari. Je les entends s&rsquo;engueuler.\u00a0Je l&rsquo;entends dire qu&rsquo;il couche leur fils et qu&rsquo;apr\u00e8s il va venir me mettre une racl\u00e9e. C&rsquo;\u00e9tait hyperchaud\u00a0\u00bb.<\/p>\n<p>L&rsquo;humoriste y retourne avec son p\u00e8re, arm\u00e9 d&rsquo;un fusil<\/p>\n<p>Fort heureusement, la m\u00e8re de son ami l\u2019a sauv\u00e9. En effet, celle-ci a r\u00e9ussi \u00ab\u00a0\u00e0 ouvrir un volet\u00a0\u00bb et lui permettre de s\u2019\u00e9chapper. Face \u00e0 la situation, Jarry a d\u00e9cid\u00e9 d\u2019alerter son p\u00e8re, \u00ab\u00a0encore vivant \u00e0 l\u2019\u00e9poque\u00a0\u00bb. Celui-ci, chasseur, poss\u00e9dait un fusil et n\u2019avait visiblement pas froid aux yeux. \u00a0<\/p>\n<p><strong>\u00ab\u00a0<\/strong>Il m&rsquo;a dit\u00a0:\u00a0&lsquo;On y retourne.&rsquo; On est revenu,\u00a0<strong>il \u00e9tait 2\u00a0heures du matin, mon p\u00e8re [l&rsquo;a point\u00e9 avec le fusil], l&rsquo;autre il a desso\u00fbl\u00e9 en 2 secondes<\/strong>\u2026 Parfois on veut aider les gens et \u00e7a peut se retourner contre nous\u2026\u00a0\u00bb, a-t-il finalement conclu, regrettant encore cette situation.\u00a0<\/p>\n<p>      Mentionn\u00e9s dans cet article<\/p>\n<p>      Sur le m\u00eame sujet<\/p>\n","protected":false},"excerpt":{"rendered":"Derri\u00e8re son sourire et sa joie de vivre, Jarry cache de difficiles souvenirs. L\u2019humoriste, \u00e2g\u00e9 de 48 ans,&hellip;\n","protected":false},"author":2,"featured_media":426914,"comment_status":"","ping_status":"","sticky":false,"template":"","format":"standard","meta":{"footnotes":""},"categories":[8],"tags":[58,59,1011,27,1624,6787,6188],"class_list":{"0":"post-426913","1":"post","2":"type-post","3":"status-publish","4":"format-standard","5":"has-post-thumbnail","7":"category-divertissement","8":"tag-divertissement","9":"tag-entertainment","10":"tag-fr","11":"tag-france","12":"tag-jarry","13":"tag-kev-adams","14":"tag-sequestration"},"share_on_mastodon":{"url":"https:\/\/pubeurope.com\/@fr\/115289437217651356","error":""},"_links":{"self":[{"href":"https:\/\/www.europesays.com\/fr\/wp-json\/wp\/v2\/posts\/426913","targetHints":{"allow":["GET"]}}],"collection":[{"href":"https:\/\/www.europesays.com\/fr\/wp-json\/wp\/v2\/posts"}],"about":[{"href":"https:\/\/www.europesays.com\/fr\/wp-json\/wp\/v2\/types\/post"}],"author":[{"embeddable":true,"href":"https:\/\/www.europesays.com\/fr\/wp-json\/wp\/v2\/users\/2"}],"replies":[{"embeddable":true,"href":"https:\/\/www.europesays.com\/fr\/wp-json\/wp\/v2\/comments?post=426913"}],"version-history":[{"count":0,"href":"https:\/\/www.europesays.com\/fr\/wp-json\/wp\/v2\/posts\/426913\/revisions"}],"wp:featuredmedia":[{"embeddable":true,"href":"https:\/\/www.europesays.com\/fr\/wp-json\/wp\/v2\/media\/426914"}],"wp:attachment":[{"href":"https:\/\/www.europesays.com\/fr\/wp-json\/wp\/v2\/media?parent=426913"}],"wp:term":[{"taxonomy":"category","embeddable":true,"href":"https:\/\/www.europesays.com\/fr\/wp-json\/wp\/v2\/categories?post=426913"},{"taxonomy":"post_tag","embeddable":true,"href":"https:\/\/www.europesays.com\/fr\/wp-json\/wp\/v2\/tags?post=426913"}],"curies":[{"name":"wp","href":"https:\/\/api.w.org\/{rel}","templated":true}]}}