{"id":426919,"date":"2025-09-29T20:21:11","date_gmt":"2025-09-29T20:21:11","guid":{"rendered":"https:\/\/www.europesays.com\/fr\/426919\/"},"modified":"2025-09-29T20:21:11","modified_gmt":"2025-09-29T20:21:11","slug":"les-talibans-imposent-une-coupure-des-telecommunications-a-lechelle-nationale","status":"publish","type":"post","link":"https:\/\/www.europesays.com\/fr\/426919\/","title":{"rendered":"les talibans imposent une coupure des t\u00e9l\u00e9communications \u00e0 l&rsquo;\u00e9chelle nationale"},"content":{"rendered":"<p>Le chef supr\u00eame des talibans Hibatullah Akhundzada a ordonn\u00e9 ce \u00abblack-out total\u00bb quelques semaines apr\u00e8s avoir commenc\u00e9 \u00e0 couper les connexions par fibre optique.<\/p>\n<p class=\"fig-paragraph\">Les\u00a0<a href=\"http:\/\/www.lefigaro.fr\/international\/afghanistan-les-autorites-talibanes-annoncent-la-liberation-d-un-americain-detenu-20250928\" data-fig-type=\"NewsFlash\" data-gtm-custom-categorie=\"navigation\" data-gtm-custom-action=\"crossclick\" data-gtm-custom-label=\"Contextuel\" data-gtm-event=\"customEventSPE\" data-fig-domain=\"LEFIGARO\" target=\"_blank\" rel=\"noopener\">autorit\u00e9s talibanes<\/a>\u00a0ont impos\u00e9 lundi une coupure nationale des communications, quelques semaines apr\u00e8s avoir commenc\u00e9 \u00e0 couper les connexions par fibre optique afin de \u00abpr\u00e9venir le vice\u00bb. L&rsquo;AFP a perdu le contact avec son bureau dans la capitale\u00a0<a href=\"http:\/\/www.lefigaro.fr\/international\/le-responsable-de-l-attentat-a-l-aeroport-de-kaboul-en-2021-a-ete-arrete-annonce-donald-trump-20250305\" data-fig-type=\"NewsFlash\" data-gtm-custom-categorie=\"navigation\" data-gtm-custom-action=\"crossclick\" data-gtm-custom-label=\"Contextuel\" data-gtm-event=\"customEventSPE\" data-fig-domain=\"LEFIGARO\" target=\"_blank\" rel=\"noopener\">Kaboul<\/a>\u00a0vers 17H45 (13H15 GMT). Netblocks, une organisation charg\u00e9e de la cybers\u00e9curit\u00e9 et de la gouvernance d&rsquo;internet, a qualifi\u00e9 cette coupure de \u00abblack-out total\u00bb et affirm\u00e9 que la connectivit\u00e9 fonctionnait \u00e0 moins de 1% de son niveau habituel.<\/p>\n<p class=\"fig-paragraph\">Quelques minutes avant que cela ne se produise, un responsable gouvernemental a indiqu\u00e9 \u00e0 l&rsquo;AFP que la coupure impos\u00e9e par le gouvernement durerait \u00abjusqu&rsquo;\u00e0 nouvel ordre\u00bb. Les communications \u00abvont \u00eatre coup\u00e9es, cela se fera progressivement cette nuit, de 8.000 \u00e0 9.000 pyl\u00f4nes de t\u00e9l\u00e9communications seront mis hors service\u00bb, a-t-il d\u00e9clar\u00e9 \u00e0 l&rsquo;AFP sous couvert d&rsquo;anonymat. \u00abIl n&rsquo;y a aucun autre moyen ou syst\u00e8me pour communiquer (&#8230;): le secteur bancaire, les douanes, tout le pays sera affect\u00e9\u00bb, a ajout\u00e9 le responsable.<\/p>\n<p>                                    <a class=\"fig-a11y-skip a11y-hidden\" href=\"#fig-a11y-skip-main-inarticle\"><br \/>\n        Passer la publicit\u00e9<br \/>\n    <\/a><\/p>\n<p class=\"fig-paragraph\">Les autorit\u00e9s talibanes en Afghanistan ont commenc\u00e9 \u00e0 restreindre l&rsquo;acc\u00e8s \u00e0 internet au d\u00e9but du mois, coupant les connexions dans plusieurs provinces. Cette mesure, ordonn\u00e9e par le chef supr\u00eame des talibans Hibatullah Akhundzada, a notamment mis fin \u00e0 l&rsquo;internet haut d\u00e9bit dans plusieurs r\u00e9gions. Les services t\u00e9l\u00e9phoniques sont souvent achemin\u00e9s via internet, partageant les m\u00eames lignes \u00e0 fibre optique, en particulier dans les pays o\u00f9 les infrastructures de t\u00e9l\u00e9communications sont limit\u00e9es.<\/p>\n<p>\u00abCette mesure a \u00e9t\u00e9 prise pour pr\u00e9venir le vice\u00bb<\/p>\n<p class=\"fig-paragraph\">\u00abUne coupure nationale des t\u00e9l\u00e9communications est actuellement en place. (&#8230;) Couper physiquement l&rsquo;acc\u00e8s \u00e0 internet par fibre optique entra\u00eenerait donc \u00e9galement l&rsquo;interruption des services de t\u00e9l\u00e9phonie fixe et mobile\u00bb, a expliqu\u00e9 Netblocks \u00e0 l&rsquo;AFP. \u00abIl se peut que la d\u00e9connexion de l&rsquo;acc\u00e8s \u00e0 internet tout en maintenant le service t\u00e9l\u00e9phonique disponible exige quelques essais et erreurs\u00bb, a poursuivi la m\u00eame source.<\/p>\n<p class=\"fig-paragraph\">Le 16 septembre, Attaullah Zaid, le porte-parole de la province de Balkh (nord), avait annonc\u00e9 l&rsquo;interdiction compl\u00e8te de l&rsquo;internet par fibre optique sur ce territoire. \u00abCette mesure a \u00e9t\u00e9 prise pour pr\u00e9venir le vice et d&rsquo;autres mesures seront mises en place dans tout le pays pour r\u00e9pondre aux besoins en mati\u00e8re de connectivit\u00e9\u00bb, avait-il \u00e9crit sur les r\u00e9seaux sociaux. \u00c0 l\u2019\u00e9poque, les correspondants de l&rsquo;AFP avaient signal\u00e9 les m\u00eames restrictions dans les provinces de Badakhshan et Takhar (nord) ainsi qu&rsquo;\u00e0 Kandahar, Helmand, Nangarhar et Uruzgan (sud). Ces derni\u00e8res semaines, les connexions internet ont \u00e9t\u00e9 extr\u00eamement lentes ou intermittentes.<\/p>\n<p class=\"fig-paragraph\">En 2024, Kaboul avait vant\u00e9 les m\u00e9rites de son r\u00e9seau de fibre optique de 9.350 kilom\u00e8tres, en grande partie construit par les anciens gouvernements soutenus par les \u00c9tats-Unis, comme une \u00abpriorit\u00e9\u00bb pour rapprocher le pays du reste du monde et le sortir de la pauvret\u00e9. Depuis leur retour au pouvoir en 2021, les talibans ont instaur\u00e9 de nombreuses restrictions conform\u00e9ment \u00e0 leur interpr\u00e9tation de la loi islamique. Depuis, c&rsquo;est la premi\u00e8re fois que les communications ont \u00e9t\u00e9 coup\u00e9es dans le pays.<\/p>\n","protected":false},"excerpt":{"rendered":"Le chef supr\u00eame des talibans Hibatullah Akhundzada a ordonn\u00e9 ce \u00abblack-out total\u00bb quelques semaines apr\u00e8s avoir commenc\u00e9 \u00e0&hellip;\n","protected":false},"author":2,"featured_media":426920,"comment_status":"","ping_status":"","sticky":false,"template":"","format":"standard","meta":{"footnotes":""},"categories":[5],"tags":[11,598,35844,1011,27,14,12,19982,965,28],"class_list":{"0":"post-426919","1":"post","2":"type-post","3":"status-publish","4":"format-standard","5":"has-post-thumbnail","7":"category-international","8":"tag-actualites","9":"tag-afghanistan","10":"tag-coupure","11":"tag-fr","12":"tag-france","13":"tag-international","14":"tag-news","15":"tag-talibans","16":"tag-telecommunications","17":"tag-world"},"share_on_mastodon":{"url":"https:\/\/pubeurope.com\/@fr\/115289449007333216","error":""},"_links":{"self":[{"href":"https:\/\/www.europesays.com\/fr\/wp-json\/wp\/v2\/posts\/426919","targetHints":{"allow":["GET"]}}],"collection":[{"href":"https:\/\/www.europesays.com\/fr\/wp-json\/wp\/v2\/posts"}],"about":[{"href":"https:\/\/www.europesays.com\/fr\/wp-json\/wp\/v2\/types\/post"}],"author":[{"embeddable":true,"href":"https:\/\/www.europesays.com\/fr\/wp-json\/wp\/v2\/users\/2"}],"replies":[{"embeddable":true,"href":"https:\/\/www.europesays.com\/fr\/wp-json\/wp\/v2\/comments?post=426919"}],"version-history":[{"count":0,"href":"https:\/\/www.europesays.com\/fr\/wp-json\/wp\/v2\/posts\/426919\/revisions"}],"wp:featuredmedia":[{"embeddable":true,"href":"https:\/\/www.europesays.com\/fr\/wp-json\/wp\/v2\/media\/426920"}],"wp:attachment":[{"href":"https:\/\/www.europesays.com\/fr\/wp-json\/wp\/v2\/media?parent=426919"}],"wp:term":[{"taxonomy":"category","embeddable":true,"href":"https:\/\/www.europesays.com\/fr\/wp-json\/wp\/v2\/categories?post=426919"},{"taxonomy":"post_tag","embeddable":true,"href":"https:\/\/www.europesays.com\/fr\/wp-json\/wp\/v2\/tags?post=426919"}],"curies":[{"name":"wp","href":"https:\/\/api.w.org\/{rel}","templated":true}]}}