{"id":426921,"date":"2025-09-29T20:22:13","date_gmt":"2025-09-29T20:22:13","guid":{"rendered":"https:\/\/www.europesays.com\/fr\/426921\/"},"modified":"2025-09-29T20:22:13","modified_gmt":"2025-09-29T20:22:13","slug":"fustigee-de-toutes-parts-la-magistrature-a-la-recherche-dun-pare-feu","status":"publish","type":"post","link":"https:\/\/www.europesays.com\/fr\/426921\/","title":{"rendered":"Fustig\u00e9e de toutes parts, la magistrature \u00e0 la recherche d\u2019un \u00ab\u00a0pare-feu\u00a0\u00bb"},"content":{"rendered":"<p><strong>ANALYSE &#8211;<\/strong> La d\u00e9fiance toujours plus forte \u00e0 leur \u00e9gard doit pousser les magistrats \u00e0 plus de communication et de p\u00e9dagogie lors du rendu de leurs d\u00e9cisions.<\/p>\n<p class=\"fig-paragraph\">Rarement une installation de magistrat aura \u00e9t\u00e9 empreinte d\u2019autant de charges symboliques.\u00a0<a href=\"http:\/\/www.lefigaro.fr\/actualite-france\/peimane-ghaleh-marzban-il-faudra-etre-au-rendez-vous-dans-la-lutte-contre-la-criminalite-organisee-et-la-grande-delinquance-financiere-20250917\" data-fig-type=\"Article\" data-gtm-custom-categorie=\"navigation\" data-gtm-custom-action=\"crossclick\" data-gtm-custom-label=\"Contextuel\" data-gtm-event=\"customEventSPE\" data-fig-domain=\"LEFIGARO\" target=\"_blank\" rel=\"noopener\">Peimane Ghaleh-Marzban, le nouveau pr\u00e9sident du tribunal judiciaire de Paris,<\/a>\u00a0a pris officiellement ses fonctions lundi soir, en pleine tourmente politico-judiciaire. Celle cr\u00e9\u00e9e quatre jours plus t\u00f4t par la\u00a0<a href=\"http:\/\/www.lefigaro.fr\/vox\/politique\/goldnadel-l-affaire-sarkozy-revele-une-faillite-judiciaire-et-une-faillite-de-l-audiovisuel-public-20250929\" data-fig-type=\"Article\" data-gtm-custom-categorie=\"navigation\" data-gtm-custom-action=\"crossclick\" data-gtm-custom-label=\"Contextuel\" data-gtm-event=\"customEventSPE\" data-fig-domain=\"LEFIGARO\" target=\"_blank\" rel=\"noopener\">condamnation de Nicolas Sarkozy<\/a>\u00a0par le tribunal correctionnel de Paris \u00e0 cinq ans de prison assortie d\u2019un prochain placement en d\u00e9tention dans l\u2019affaire dite du \u00ab\u00a0financement libyen\u00a0\u00bb de la campagne pr\u00e9sidentielle de 2007.<\/p>\n<p class=\"fig-paragraph\">Lors de son discours d\u2019installation, le haut magistrat, devant son ministre de tutelle, G\u00e9rald Darmanin, a d\u00e9plor\u00e9 que, aussi bien \u00e0 l\u2019occasion du jugement rendu en mars dernier \u00e0 l\u2019encontre de Marine Le\u00a0Pen qu\u2019\u00e0 celui rendu ces derniers jours, ont \u00e9t\u00e9 fustig\u00e9es \u00ab\u00a0tant\u00f4t une \u201cjustice politique\u201d, tant\u00f4t un \u201ccoup d\u2019\u00c9tat judiciaire\u201d, tant\u00f4t une \u201chonte pour la justice\u201d\u00a0\u00bb. \u00ab\u00a0(D)\u2019aucuns allant jusqu\u2019\u00e0 pr\u00e9tendre que des magistrats disposeraient d\u2019un \u201ctableau de chasse\u201d\u00a0\u00bb<\/p>\n<p class=\"fig-premium-paywall__infos\">\n        Cet article est r\u00e9serv\u00e9 aux abonn\u00e9s.        Il vous reste 83% \u00e0 d\u00e9couvrir.\n    <\/p>\n<p>                <img  data- alt=\"Le Figaro\" class=\"fig-img--complete fig-img\"\/><\/p>\n<p class=\"fig-premium-paywall__title\">Vous avez envie de lire la suite ?<\/p>\n<p class=\"fig-premium-paywall__subtitle\">D\u00e9bloquez tous les articles imm\u00e9diatement.<\/p>\n<p class=\"fig-premium-paywall__connect\">\n                D\u00e9j\u00e0 abonn\u00e9\u00a0?                <a class=\"fig-premium-paywall__connect-link\" href=\"https:\/\/connect.lefigaro.fr\/login?client=horizon_web&amp;type=main&amp;redirect_uri=https%3A%2F%2Fwww.lefigaro.fr%2Factualite-france%2Ffustigee-de-toutes-parts-la-magistrature-a-la-recherche-d-un-pare-feu-20250929\" data-js-gtm=\"{&quot;customCategorie&quot;: &quot;conversion&quot;, &quot;customAction&quot;: &quot;before_Landing_Connexion_paywall_auto&quot;, &quot;customLabel&quot;: &quot;bGVmaWdhcm8uZnJfXzFmMDlkMTM4LTdkMDctNjcyZS1hZGY1LTAxMDlmZWM0ZWNhY19fQXJ0aWNsZQ==_Fustig\u00e9e de toutes parts, la magistrature \u00e0 la recherche d\u2019un \u00ab\u00a0pare-feu\u00a0\u00bb_474&quot;, &quot;customIDSPE&quot;: &quot;bGVmaWdhcm8uZnJfXzFmMDlkMTM4LTdkMDctNjcyZS1hZGY1LTAxMDlmZWM0ZWNhY19fQXJ0aWNsZQ==&quot;, &quot;event&quot;: &quot;customEventSPE&quot;}\" target=\"_blank\" rel=\"noopener\"><br \/>\n                    Connectez-vous<br \/>\n                <\/a>\n            <\/p>\n","protected":false},"excerpt":{"rendered":"ANALYSE &#8211; La d\u00e9fiance toujours plus forte \u00e0 leur \u00e9gard doit pousser les magistrats \u00e0 plus de communication&hellip;\n","protected":false},"author":2,"featured_media":426922,"comment_status":"","ping_status":"","sticky":false,"template":"","format":"standard","meta":{"footnotes":""},"categories":[4],"tags":[11,1011,27,303,6194,12,3091,25],"class_list":{"0":"post-426921","1":"post","2":"type-post","3":"status-publish","4":"format-standard","5":"has-post-thumbnail","7":"category-france","8":"tag-actualites","9":"tag-fr","10":"tag-france","11":"tag-justice","12":"tag-magistrats","13":"tag-news","14":"tag-nicolas-sarkozy","15":"tag-republique-francaise"},"share_on_mastodon":{"url":"https:\/\/pubeurope.com\/@fr\/115289452987574524","error":""},"_links":{"self":[{"href":"https:\/\/www.europesays.com\/fr\/wp-json\/wp\/v2\/posts\/426921","targetHints":{"allow":["GET"]}}],"collection":[{"href":"https:\/\/www.europesays.com\/fr\/wp-json\/wp\/v2\/posts"}],"about":[{"href":"https:\/\/www.europesays.com\/fr\/wp-json\/wp\/v2\/types\/post"}],"author":[{"embeddable":true,"href":"https:\/\/www.europesays.com\/fr\/wp-json\/wp\/v2\/users\/2"}],"replies":[{"embeddable":true,"href":"https:\/\/www.europesays.com\/fr\/wp-json\/wp\/v2\/comments?post=426921"}],"version-history":[{"count":0,"href":"https:\/\/www.europesays.com\/fr\/wp-json\/wp\/v2\/posts\/426921\/revisions"}],"wp:featuredmedia":[{"embeddable":true,"href":"https:\/\/www.europesays.com\/fr\/wp-json\/wp\/v2\/media\/426922"}],"wp:attachment":[{"href":"https:\/\/www.europesays.com\/fr\/wp-json\/wp\/v2\/media?parent=426921"}],"wp:term":[{"taxonomy":"category","embeddable":true,"href":"https:\/\/www.europesays.com\/fr\/wp-json\/wp\/v2\/categories?post=426921"},{"taxonomy":"post_tag","embeddable":true,"href":"https:\/\/www.europesays.com\/fr\/wp-json\/wp\/v2\/tags?post=426921"}],"curies":[{"name":"wp","href":"https:\/\/api.w.org\/{rel}","templated":true}]}}