{"id":426925,"date":"2025-09-29T20:24:10","date_gmt":"2025-09-29T20:24:10","guid":{"rendered":"https:\/\/www.europesays.com\/fr\/426925\/"},"modified":"2025-09-29T20:24:10","modified_gmt":"2025-09-29T20:24:10","slug":"saint-etienne-ce-lieu-apporte-soutien-et-ecoute-active-aux-personnes-touchees-par-un-cancer-du-sein","status":"publish","type":"post","link":"https:\/\/www.europesays.com\/fr\/426925\/","title":{"rendered":"Saint-\u00c9tienne. Ce lieu apporte \u00ab\u00a0soutien et \u00e9coute active\u00a0\u00bb aux personnes touch\u00e9es par un cancer du sein"},"content":{"rendered":"<p>Elles sont plus d\u2019une centaine, chaque ann\u00e9e, adress\u00e9es par leur m\u00e9decin, gyn\u00e9cologue, \u00e0 toquer \u00e0 la porte de Saint-\u00c9tienne Institut du sein. Un Institut dont le slogan, rappelle\u00a0Charl\u00e8ne Antunes, est \u00ab\u00a0Vous n\u2019\u00eates pas seule.\u00a0\u00bb<\/p>\n<p>Ces patientes ne le sont plus depuis que les gyn\u00e9cologues Pierre Villard et Charlotte Furtos-Fanget ont donn\u00e9 vie, en 2017, au rez-de-chauss\u00e9e de l\u2019H\u00f4pital priv\u00e9 de la Loire, \u00e0 cette petite association, \u00ab\u00a0ouverte \u00e0&#8230;<\/p>\n","protected":false},"excerpt":{"rendered":"Elles sont plus d\u2019une centaine, chaque ann\u00e9e, adress\u00e9es par leur m\u00e9decin, gyn\u00e9cologue, \u00e0 toquer \u00e0 la porte de&hellip;\n","protected":false},"author":2,"featured_media":426926,"comment_status":"","ping_status":"","sticky":false,"template":"","format":"standard","meta":{"footnotes":""},"categories":[9653],"tags":[1111,11,2430,7539,1777,674,107,1011,27,3367,12,25,4001,7538,71],"class_list":{"0":"post-426925","1":"post","2":"type-post","3":"status-publish","4":"format-standard","5":"has-post-thumbnail","7":"category-saint-etienne","8":"tag-actu","9":"tag-actualites","10":"tag-auvergne-rhone-alpes","11":"tag-edition-loire-sud","12":"tag-eu","13":"tag-europe","14":"tag-fil-info","15":"tag-fr","16":"tag-france","17":"tag-loire","18":"tag-news","19":"tag-republique-francaise","20":"tag-saint-etienne","21":"tag-saint-etienne-ville","22":"tag-sante"},"share_on_mastodon":{"url":"https:\/\/pubeurope.com\/@fr\/115289460838089407","error":""},"_links":{"self":[{"href":"https:\/\/www.europesays.com\/fr\/wp-json\/wp\/v2\/posts\/426925","targetHints":{"allow":["GET"]}}],"collection":[{"href":"https:\/\/www.europesays.com\/fr\/wp-json\/wp\/v2\/posts"}],"about":[{"href":"https:\/\/www.europesays.com\/fr\/wp-json\/wp\/v2\/types\/post"}],"author":[{"embeddable":true,"href":"https:\/\/www.europesays.com\/fr\/wp-json\/wp\/v2\/users\/2"}],"replies":[{"embeddable":true,"href":"https:\/\/www.europesays.com\/fr\/wp-json\/wp\/v2\/comments?post=426925"}],"version-history":[{"count":0,"href":"https:\/\/www.europesays.com\/fr\/wp-json\/wp\/v2\/posts\/426925\/revisions"}],"wp:featuredmedia":[{"embeddable":true,"href":"https:\/\/www.europesays.com\/fr\/wp-json\/wp\/v2\/media\/426926"}],"wp:attachment":[{"href":"https:\/\/www.europesays.com\/fr\/wp-json\/wp\/v2\/media?parent=426925"}],"wp:term":[{"taxonomy":"category","embeddable":true,"href":"https:\/\/www.europesays.com\/fr\/wp-json\/wp\/v2\/categories?post=426925"},{"taxonomy":"post_tag","embeddable":true,"href":"https:\/\/www.europesays.com\/fr\/wp-json\/wp\/v2\/tags?post=426925"}],"curies":[{"name":"wp","href":"https:\/\/api.w.org\/{rel}","templated":true}]}}