{"id":426931,"date":"2025-09-29T20:27:31","date_gmt":"2025-09-29T20:27:31","guid":{"rendered":"https:\/\/www.europesays.com\/fr\/426931\/"},"modified":"2025-09-29T20:27:31","modified_gmt":"2025-09-29T20:27:31","slug":"le-programme-de-la-semaine-den-avant-guingamp-avant-la-reception-de-las-nancy-lorraine","status":"publish","type":"post","link":"https:\/\/www.europesays.com\/fr\/426931\/","title":{"rendered":"Le programme de la semaine d\u2019En avant Guingamp avant la r\u00e9ception de l\u2019AS Nancy Lorraine"},"content":{"rendered":"<p>Ligue 2 BKT (9e journ\u00e9e) EA Guingamp \u2013 AS Nancy Lorraine vendredi 3 octobre (20 h)<\/p>\n<p>Les hommes de Sylvain Ripoll ont fait chuter les St\u00e9phanois <a href=\"https:\/\/www.letelegramme.fr\/sports\/football\/guingamp\/saint-etienne-guingamp-le-resume-de-lincroyable-succes-den-avant-vainqueur-chez-le-leader-de-ligue-2-6898602.php\" target=\"_blank\" rel=\"nofollow noopener\">dans leur Chaudron (3-2)<\/a> et inflig\u00e9 leur premi\u00e8re d\u00e9faite de la saison aux Verts d\u2019Eirik Horneland. Un succ\u00e8s inattendu des Rouges et Noirs qui permet aux Guingampais de se hisser \u00e0 la 6e place du classement avec 13 points au compteur.<\/p>\n<p>Apr\u00e8s ce beau succ\u00e8s \u00e0 Geoffroy Guichard, le public Guingampais attend avec impatience le match r\u00e9f\u00e9rence de la saison au Roudourou. Pour cela les prot\u00e9g\u00e9s de Sylvain Ripoll devront s\u2019imposer face \u00e0 l\u2019AS Nancy Lorraine de Pablo Correa, l\u2019embl\u00e9matique entra\u00eeneur franco-uruguayen aux plus de 600 matchs sur le banc de l\u2019ASNL sur trois p\u00e9riodes (2002-2011, 2013-2017 et depuis 2023).<\/p>\n<p>Des Lorrains solides d\u00e9fensivement<\/p>\n<p>Les Lorrains sont 8es au classement \u00e0 seulement deux unit\u00e9s des Guingampais. Solides d\u00e9fensivement (9 buts conc\u00e9d\u00e9s depuis le d\u00e9but de saison), les Nanc\u00e9iens n\u2019ont trouv\u00e9 le chemin des filets qu\u2019\u00e0 seulement 8 reprises. Et n\u2019ont surtout connu la victoire qu\u2019\u00e0 une seule reprise lors des quatre derni\u00e8res journ\u00e9es de championnat (2-1 \u00e0 Annecy) contre trois d\u00e9faites face \u00e0 Reims, le Red Star et Troyes.<\/p>\n<p>Apr\u00e8s avoir dispos\u00e9 de Dunkerque \u00e0 domicile puis de Saint-Etienne les Rouges et Noirs ont l\u2019occasion de poursuivre leur belle s\u00e9rie avant le d\u00e9placement \u00e0 Boulogne.<\/p>\n<p>Le programme de la semaine d\u2019En Avant Guingamp<\/p>\n<p>Lundi 29 septembre : entra\u00eenement \u00e0 16 h.<\/p>\n<p>Mardi 30 septembre : entra\u00eenement \u00e0 10 h 30.<\/p>\n<p>Mercredi 1er octobre : entra\u00eenement \u00e0 10 h 30.<\/p>\n<p>Jeudi 2 octobre : entra\u00eenement \u00e0 16 h.<\/p>\n<p>Vendredi 3 octobre : match contre Nancy 20 h au Roudourou<\/p>\n<p>Samedi 4 octobre : repos<\/p>\n<p>Dimanche 5 octobre : repos<\/p>\n","protected":false},"excerpt":{"rendered":"Ligue 2 BKT (9e journ\u00e9e) EA Guingamp \u2013 AS Nancy Lorraine vendredi 3 octobre (20 h) Les hommes&hellip;\n","protected":false},"author":2,"featured_media":426932,"comment_status":"","ping_status":"","sticky":false,"template":"","format":"standard","meta":{"footnotes":""},"categories":[9635],"tags":[1111,11,9594,3166,1777,674,1011,27,775,4044,446,1702,12,25,60],"class_list":{"0":"post-426931","1":"post","2":"type-post","3":"status-publish","4":"format-standard","5":"has-post-thumbnail","7":"category-nancy","8":"tag-actu","9":"tag-actualites","10":"tag-en-avant-guingamp","11":"tag-en-continu-sports","12":"tag-eu","13":"tag-europe","14":"tag-fr","15":"tag-france","16":"tag-grand-est","17":"tag-guingamp","18":"tag-ligue-2","19":"tag-nancy","20":"tag-news","21":"tag-republique-francaise","22":"tag-sports"},"share_on_mastodon":{"url":"https:\/\/pubeurope.com\/@fr\/115289472663282143","error":""},"_links":{"self":[{"href":"https:\/\/www.europesays.com\/fr\/wp-json\/wp\/v2\/posts\/426931","targetHints":{"allow":["GET"]}}],"collection":[{"href":"https:\/\/www.europesays.com\/fr\/wp-json\/wp\/v2\/posts"}],"about":[{"href":"https:\/\/www.europesays.com\/fr\/wp-json\/wp\/v2\/types\/post"}],"author":[{"embeddable":true,"href":"https:\/\/www.europesays.com\/fr\/wp-json\/wp\/v2\/users\/2"}],"replies":[{"embeddable":true,"href":"https:\/\/www.europesays.com\/fr\/wp-json\/wp\/v2\/comments?post=426931"}],"version-history":[{"count":0,"href":"https:\/\/www.europesays.com\/fr\/wp-json\/wp\/v2\/posts\/426931\/revisions"}],"wp:featuredmedia":[{"embeddable":true,"href":"https:\/\/www.europesays.com\/fr\/wp-json\/wp\/v2\/media\/426932"}],"wp:attachment":[{"href":"https:\/\/www.europesays.com\/fr\/wp-json\/wp\/v2\/media?parent=426931"}],"wp:term":[{"taxonomy":"category","embeddable":true,"href":"https:\/\/www.europesays.com\/fr\/wp-json\/wp\/v2\/categories?post=426931"},{"taxonomy":"post_tag","embeddable":true,"href":"https:\/\/www.europesays.com\/fr\/wp-json\/wp\/v2\/tags?post=426931"}],"curies":[{"name":"wp","href":"https:\/\/api.w.org\/{rel}","templated":true}]}}