{"id":426933,"date":"2025-09-29T20:28:13","date_gmt":"2025-09-29T20:28:13","guid":{"rendered":"https:\/\/www.europesays.com\/fr\/426933\/"},"modified":"2025-09-29T20:28:13","modified_gmt":"2025-09-29T20:28:13","slug":"julien-argento-udr-a-la-conquete-de-la-mairie-de-la-valette","status":"publish","type":"post","link":"https:\/\/www.europesays.com\/fr\/426933\/","title":{"rendered":"Julien Argento (UDR) \u00e0 la conqu\u00eate de la mairie de La Valette"},"content":{"rendered":"<p class=\"fs-5 \">La \u00ab star \u00bb du parti d\u2019extr\u00eame droite \u00e9tait convi\u00e9e. Mais attendue sur un plateau t\u00e9l\u00e9 de la capitale, elle a finalement \u00e9t\u00e9 excus\u00e9e, L\u2019absence de la d\u00e9put\u00e9e du Rassemblement national (RN) Laure Lavalette \u00e0 ses c\u00f4t\u00e9s n\u2019a pas emp\u00each\u00e9 son suppl\u00e9ant Julien Argento d\u2019annoncer, ce lundi matin, sa candidature \u00e0 la prochaine \u00e9lection municipale. Le jeune pr\u00e9sident de l\u2019UDR du Var, parti fond\u00e9 \u00e0 l\u2019\u00e9t\u00e9 2024 par Eric Ciotti, pouvait toutefois compter sur la pr\u00e9sence d\u2019un ancien parlementaire, Philippe Vitel (UDR), et d\u2019un nouveau, St\u00e9phane Rambaud (RN), pour \u00ab muscler \u00bb son lancement de campagne.<\/p>\n<p class=\"fs-5 \">Malgr\u00e9 ses trente-deux printemps, Julien Argento commence \u00e0 avoir une certaine exp\u00e9rience des rouages \u00e9lectoraux. Militant de l\u2019UMP \u00e0 17 ans, colistier de l\u2019\u00e9dile valettois Thierry Albertini (LR) en 2020, et m\u00eame un temps pr\u00e9sident de l\u2019association des Amis du maire, ce professionnel de l\u2019immobilier choisit aujourd\u2019hui, en vieux routier de la politique, de se pr\u00e9senter contre son ancien mentor (1). \u00ab Il est mon adversaire, pas mon ennemi. Sa gestion de La Valette n\u2019est pas mauvaise mais elle n\u2019est plus en ad\u00e9quation avec ma vision \u00bb, temp\u00e8re-t-il. \u00ab Aujourd\u2019hui, c\u2019est trop de b\u00e9ton, trop d\u2019ins\u00e9curit\u00e9 et pas assez de dynamisme. \u00bb<\/p>\n<p class=\"fs-5 \"><strong>Lutter contre \u00ab le b\u00e9tonnage \u00bb<\/strong><\/p>\n<p class=\"fs-5 \">Dont acte : Julien Argento veut faire du triptyque \u00ab prot\u00e9ger, pr\u00e9server, dynamiser \u00bb un slogan de campagne pour pr\u00e9senter une \u00ab alternative \u00bb aux Valettois. L\u2019ex-joueur de rugby \u00e0 XIII insiste sur \u00ab le n\u00e9cessaire renforcement de la s\u00e9curit\u00e9 \u00bb et souhaite, s\u2019il est \u00e9lu, \u00ab favoriser l\u2019implantation d\u2019un commissariat sur la commune \u00bb. La mise en place d\u2019une brigade de nuit de la police municipale ou l\u2019augmentation du nombre de cam\u00e9ras de surveillance seront aussi dans son programme pour, notamment, \u00ab lutter contre l\u2019explosion du trafic de drogue \u00bb.<\/p>\n<p class=\"fs-5 \">Autre axe de travail \u00ab dans le village \u00bb, pour lui et son \u00e9quipe, le combat contre le \u00ab b\u00e9tonnage \u00bb, reproche r\u00e9current fait \u00e0 Thierry Albertini par ses opposants. \u00ab On a des grues qui ont pouss\u00e9 \u00e0 tous les coins de rue, pour une couverture du volume social qui n\u2019est pas du tout optimal \u00bb, d\u00e9nonce Julien Argento. Celui qui a grandi dans le quartier HLM de la Rode, \u00e0 Toulon, souhaite mettre en place \u00ab une priorit\u00e9 d\u2019acc\u00e8s aux Valettois pour les logements sociaux \u00bb au pied du Coudon, tout en privil\u00e9giant les r\u00e9habilitations d\u2019appartements vacants \u00e0 la construction de nouveaux immeubles.<\/p>\n<p class=\"fs-5 \">Ren\u00e9gocier \u00e0 la baisse le reversement de la cotisation fonci\u00e8re des entreprises (CFE) \u00e0 la m\u00e9tropole TPM, cr\u00e9er un conseil \u00e9conomique pour ces m\u00eames soci\u00e9t\u00e9s, une \u00e9co-ferme \u00e0 La Valette Sud, des conseils de quartiers ou encore une f\u00eate de la pigne (le c\u00f4ne de pin est l\u2019embl\u00e8me de la ville, Ndlr) sont autant d\u2019id\u00e9es dans les cartons de l\u2019ancien vice-pr\u00e9sident des commer\u00e7ants. \u00ab On veut porter une candidature de rupture \u00bb, souligne-t-il.<\/p>\n<p class=\"fs-5 \">Avec qui ? \u00ab L\u2019\u00e9quipe que nous avons mont\u00e9e est investie par l\u2019UDR, soutenue par le Rassemblement national. Mais c\u2019est aussi une liste d\u2019ouverture, qui va au-del\u00e0 des contingences partisanes. Il y a des gens qui sont plut\u00f4t de sensibilit\u00e9 centriste, des gens qui ont une sensibilit\u00e9 plus \u00e9cologiste. \u00bb Sans oublier le soutien de poids de son \u00ab amie \u00bb Laure Lavalette, probable candidate \u00e0 Toulon en mars prochain. \u00ab Je compte sur elle et elle sait qu\u2019elle peut compter sur moi. \u00bb<\/p>\n<p class=\"fs-5 \">1. Maire depuis 2008, Thierry Albertini n\u2019a pour l\u2019instant pas officialis\u00e9 sa candidature.<\/p>\n<p>            <img decoding=\"async\" src=\"https:\/\/www.europesays.com\/fr\/wp-content\/uploads\/2025\/09\/1759177693_161_63bea6b_upload-from-url-1-qybxs9fpw5eu-data-art-16328703.jpg\" loading=\"lazy\" alt=\"Photo montage Rina Uzan\" class=\"img-fluid position-absolute w-100 object-fit-coverrounded-2\" width=\"600\" height=\"400\"\/><\/p>\n","protected":false},"excerpt":{"rendered":"La \u00ab star \u00bb du parti d\u2019extr\u00eame droite \u00e9tait convi\u00e9e. Mais attendue sur un plateau t\u00e9l\u00e9 de la&hellip;\n","protected":false},"author":2,"featured_media":426934,"comment_status":"","ping_status":"","sticky":false,"template":"","format":"standard","meta":{"footnotes":""},"categories":[9619],"tags":[1111,11,1777,674,1011,27,3434,12,882,25,2310],"class_list":{"0":"post-426933","1":"post","2":"type-post","3":"status-publish","4":"format-standard","5":"has-post-thumbnail","7":"category-toulon","8":"tag-actu","9":"tag-actualites","10":"tag-eu","11":"tag-europe","12":"tag-fr","13":"tag-france","14":"tag-municipales-2026","15":"tag-news","16":"tag-provence-alpes-cote-dazur","17":"tag-republique-francaise","18":"tag-toulon"},"share_on_mastodon":{"url":"https:\/\/pubeurope.com\/@fr\/115289477198134415","error":""},"_links":{"self":[{"href":"https:\/\/www.europesays.com\/fr\/wp-json\/wp\/v2\/posts\/426933","targetHints":{"allow":["GET"]}}],"collection":[{"href":"https:\/\/www.europesays.com\/fr\/wp-json\/wp\/v2\/posts"}],"about":[{"href":"https:\/\/www.europesays.com\/fr\/wp-json\/wp\/v2\/types\/post"}],"author":[{"embeddable":true,"href":"https:\/\/www.europesays.com\/fr\/wp-json\/wp\/v2\/users\/2"}],"replies":[{"embeddable":true,"href":"https:\/\/www.europesays.com\/fr\/wp-json\/wp\/v2\/comments?post=426933"}],"version-history":[{"count":0,"href":"https:\/\/www.europesays.com\/fr\/wp-json\/wp\/v2\/posts\/426933\/revisions"}],"wp:featuredmedia":[{"embeddable":true,"href":"https:\/\/www.europesays.com\/fr\/wp-json\/wp\/v2\/media\/426934"}],"wp:attachment":[{"href":"https:\/\/www.europesays.com\/fr\/wp-json\/wp\/v2\/media?parent=426933"}],"wp:term":[{"taxonomy":"category","embeddable":true,"href":"https:\/\/www.europesays.com\/fr\/wp-json\/wp\/v2\/categories?post=426933"},{"taxonomy":"post_tag","embeddable":true,"href":"https:\/\/www.europesays.com\/fr\/wp-json\/wp\/v2\/tags?post=426933"}],"curies":[{"name":"wp","href":"https:\/\/api.w.org\/{rel}","templated":true}]}}