{"id":426935,"date":"2025-09-29T20:29:24","date_gmt":"2025-09-29T20:29:24","guid":{"rendered":"https:\/\/www.europesays.com\/fr\/426935\/"},"modified":"2025-09-29T20:29:24","modified_gmt":"2025-09-29T20:29:24","slug":"des-nouvelles-rassurantes-pour-le-breton-gael-drean-apres-sa-drole-de-soiree-avec-le-rc-toulon","status":"publish","type":"post","link":"https:\/\/www.europesays.com\/fr\/426935\/","title":{"rendered":"Des nouvelles rassurantes pour le Breton Ga\u00ebl Dr\u00e9an apr\u00e8s sa dr\u00f4le de soir\u00e9e avec le RC Toulon"},"content":{"rendered":"<p class=\"tlg-author\">\n                Par<br \/>\n                Le T\u00e9l\u00e9gramme<\/p>\n<p>Le 29 septembre 2025 \u00e0 12h52<\/p>\n<p class=\"tlg-h5\">Ga\u00ebl Dr\u00e9an a v\u00e9cu une soir\u00e9e particuli\u00e8re, dimanche soir, o\u00f9 il a d\u00fb quitter le terrain du match de Top\u00a014, Bayonne-Toulon, sur civi\u00e8re apr\u00e8s avoir inscrit un essai. Dans la journ\u00e9e de ce lundi, le club a donn\u00e9 des nouvelles rassurantes du Breton.<\/p>\n<p><img fetchpriority=\"high\" decoding=\"async\" src=\"https:\/\/www.europesays.com\/fr\/wp-content\/uploads\/2025\/09\/68daadaa1fed7f60fe062e8e.1.jpeg\" width=\"960\" height=\"600\" class=\"web_golden_xl\" loading=\"eager\" alt=\"Ga\u00ebl Dr\u00e9an a quitt\u00e9 le terrain sur civi\u00e8re, dimanche soir.\"\/>Ga\u00ebl Dr\u00e9an a quitt\u00e9 le terrain sur civi\u00e8re, dimanche soir. (Photo Gaizka Iroz\/AFP)<\/p>\n","protected":false},"excerpt":{"rendered":"Par Le T\u00e9l\u00e9gramme Le 29 septembre 2025 \u00e0 12h52 Ga\u00ebl Dr\u00e9an a v\u00e9cu une soir\u00e9e particuli\u00e8re, dimanche soir,&hellip;\n","protected":false},"author":2,"featured_media":426936,"comment_status":"","ping_status":"","sticky":false,"template":"","format":"standard","meta":{"footnotes":""},"categories":[9619],"tags":[1111,11,3166,1777,674,1011,27,1781,12,882,25,479,60,2310],"class_list":{"0":"post-426935","1":"post","2":"type-post","3":"status-publish","4":"format-standard","5":"has-post-thumbnail","7":"category-toulon","8":"tag-actu","9":"tag-actualites","10":"tag-en-continu-sports","11":"tag-eu","12":"tag-europe","13":"tag-fr","14":"tag-france","15":"tag-lorient","16":"tag-news","17":"tag-provence-alpes-cote-dazur","18":"tag-republique-francaise","19":"tag-rugby","20":"tag-sports","21":"tag-toulon"},"share_on_mastodon":{"url":"https:\/\/pubeurope.com\/@fr\/115289481379575205","error":""},"_links":{"self":[{"href":"https:\/\/www.europesays.com\/fr\/wp-json\/wp\/v2\/posts\/426935","targetHints":{"allow":["GET"]}}],"collection":[{"href":"https:\/\/www.europesays.com\/fr\/wp-json\/wp\/v2\/posts"}],"about":[{"href":"https:\/\/www.europesays.com\/fr\/wp-json\/wp\/v2\/types\/post"}],"author":[{"embeddable":true,"href":"https:\/\/www.europesays.com\/fr\/wp-json\/wp\/v2\/users\/2"}],"replies":[{"embeddable":true,"href":"https:\/\/www.europesays.com\/fr\/wp-json\/wp\/v2\/comments?post=426935"}],"version-history":[{"count":0,"href":"https:\/\/www.europesays.com\/fr\/wp-json\/wp\/v2\/posts\/426935\/revisions"}],"wp:featuredmedia":[{"embeddable":true,"href":"https:\/\/www.europesays.com\/fr\/wp-json\/wp\/v2\/media\/426936"}],"wp:attachment":[{"href":"https:\/\/www.europesays.com\/fr\/wp-json\/wp\/v2\/media?parent=426935"}],"wp:term":[{"taxonomy":"category","embeddable":true,"href":"https:\/\/www.europesays.com\/fr\/wp-json\/wp\/v2\/categories?post=426935"},{"taxonomy":"post_tag","embeddable":true,"href":"https:\/\/www.europesays.com\/fr\/wp-json\/wp\/v2\/tags?post=426935"}],"curies":[{"name":"wp","href":"https:\/\/api.w.org\/{rel}","templated":true}]}}