{"id":426937,"date":"2025-09-29T20:30:16","date_gmt":"2025-09-29T20:30:16","guid":{"rendered":"https:\/\/www.europesays.com\/fr\/426937\/"},"modified":"2025-09-29T20:30:16","modified_gmt":"2025-09-29T20:30:16","slug":"david-hallyday-et-ycare-vont-bientot-se-produire-sur-scene-on-vous-dit-ou-et-quand","status":"publish","type":"post","link":"https:\/\/www.europesays.com\/fr\/426937\/","title":{"rendered":"David Hallyday et Ycare vont bient\u00f4t se produire sur sc\u00e8ne, on vous dit o\u00f9 et quand"},"content":{"rendered":"<p>            Par<br \/>\n        <strong><br \/>\n            <a href=\"https:\/\/actu.fr\/auteur\/metropoop\" title=\"Consulter tous les articles de R\u00e9daction M\u00e9tropolitain\" target=\"_blank\" rel=\"noopener\">R\u00e9daction M\u00e9tropolitain<\/a><br \/>\n        <\/strong><\/p>\n<p>        Publi\u00e9 le<\/p>\n<p>            29 sept. 2025 \u00e0 20h26        <\/p>\n<p>Deux rendez-vous pour les amateurs de zique sont \u00e0 retenir d\u2019ici la fin de cette ann\u00e9e, \u00e0 <strong>Montpellier : <\/strong>jeudi 30 octobre 2025 \u00e0 20h au Rockstore avec <strong>Ycare<\/strong>. Et samedi 29 novembre 2025 \u00e0 20h30 avec <strong>David Hallyday<\/strong>, le fiston de feu Johnny, sur la sc\u00e8ne du Z\u00e9nith Sud.<\/p>\n<p>Ycare, avec Victor Lee Gabriel en premi\u00e8re partie<\/p>\n<p class=\" wall-content\">Jeudi 30 octobre, Ycare sera au Rockstore, rue de Verdun, avec <strong>Victor Lee Gabriel<\/strong> en premi\u00e8re partie.\u00a0Ycare navigue depuis plus de 10 ans entre pop et chanson fran\u00e7aise, \u00e9crivant pour lui et pour de nombreux artistes talentueux : Zaz, Nolwenn Leroy, Kids United, Joyce Jonathan, Amel Bent, Garou, Lilian Renaud, Arcadian, Patrick Fiori, Charlie Boisseau, et m\u00eame\u2026 Mireille Mathieu ! L\u2019incontournable \u00ab\u00a0Mimi\u00a0\u00bb d\u2019Avignon. On peut dire \u00ab\u00a0chapeau\u00a0\u00bb \u00e0 ce jeune chanteur fran\u00e7ais qui a notamment fait <strong>Nouvelle Star<\/strong>.<\/p>\n<p>    <a href=\"https:\/\/www.google.com\/maps\/embed?pb=!1m18!1m12!1m3!1d4612.602926676744!2d3.8790981309716357!3d43.60608637689863!2m3!1f0!2f0!3f0!3m2!1i1024!2i768!4f13.1!3m3!1m2!1s0x12b6afa148b3ae95%3A0x5ce2fcf82d57c105!2sRockstore!5e0!3m2!1sfr!2sfr!4v1758815126871!5m2!1sfr!2sfr\" title=\"Ouvrie le lien\" target=\"_blank\" rel=\"noopener\">Cliquez ici pour visualiser le contenu<\/a><\/p>\n<p class=\" wall-content\">Retour sur sa carri\u00e8re : en 2022, Ycare revient avec l\u2019album Des millions d\u2019ann\u00e9es, suivi en 2023 de Nos futurs, un album de duos exceptionnels sur lequel on retrouve des artistes tels que Patrick Bruel, Mentissa, Anne Sila ou encore Garou.\u00a0Apr\u00e8s une ann\u00e9e extraordinaire, Ycare cl\u00f4ture l\u2019ann\u00e9e 2024 avec la sortie de son tr\u00e8s touchant roman \u00abTout le monde na\u00eet avec des ailes \u00bb (Ed. Plons) mais \u00e9galement un nouveau single \u00ab Le Fou et le roi \u00bb. Une adaptation poignante du c\u00e9l\u00e8bre \u00ab Viva la Vida \u00bb de Coldplay. Ce morceau, \u00e0 la fois captivant et joyeux, livre un puissant message de r\u00e9silience, o\u00f9 les figures du \u00ab fou \u00bb et du \u00ab roi \u00bb incarnent la chute, la r\u00e9demption et le pardon. Avec ce titre, Ycare rend hommage \u00e0 la lumi\u00e8re qui lui a \u00e9t\u00e9 transmise, et s\u2019applique \u00e0 porter l\u2019intention originale, non pas \u00e0 travers une traduction litt\u00e9rale, mais en restant fid\u00e8le au souffle de l\u2019\u0153uvre.<\/p>\n<p>    <img   decoding=\"async\" loading=\"lazy\" src=\"https:\/\/www.europesays.com\/fr\/wp-content\/uploads\/2025\/09\/1920px-david-hallyday-2-960x640.jpg\" alt=\"David Hallyday \" width=\"960\" height=\"640\"\/><br \/>\n    David Hallyday \u00ab\u00a0Sang pour Sang\u00a0\u00bb Johnny (\u00a9Wikip\u00e9dia)Vid\u00e9os : en ce moment sur ActuDavid Hallyday pour \u00ab\u00a0rallumer le feu\u00a0\u00bb<\/p>\n<p class=\" wall-content\">Samedi 29 novembre, David Hallyday viendra \u00ab\u00a0rallumer le feu\u00a0\u00bb au Z\u00e9nith Sud.\u00a0En d\u00e9cembre 2017 -eh oui d\u00e9j\u00e0- Johnny nous quittait en laissant derri\u00e8re lui des millions de fans orphelins de leur Idole\u2026\u00a0Un seul homme peut revendiquer la l\u00e9gitimit\u00e9 et le talent pour rallumer le feu sur sc\u00e8ne et remettre le nom \u00ab Hallyday \u00bb dans le c\u0153ur de millions de fans. Et cet artiste, cet homme, ce fils, c\u2019est David Hallyday bien s\u00fbr !\u00a0<\/p>\n<p>    <a href=\"https:\/\/www.google.com\/maps\/embed?pb=!1m18!1m12!1m3!1d3746.1864789987367!2d3.928752346339473!3d43.61268294401092!2m3!1f0!2f0!3f0!3m2!1i1024!2i768!4f13.1!3m3!1m2!1s0x12b6a5a15912af6b%3A0x2cbe82567fa7b1ca!2sZ%C3%A9nith%20Sud!5e0!3m2!1sfr!2sfr!4v1758815184931!5m2!1sfr!2sfr\" title=\"Ouvrie le lien\" target=\"_blank\" rel=\"noopener\">Cliquez ici pour visualiser le contenu<\/a><\/p>\n<p>Votre r\u00e9gion, votre actu !<\/p>\n<p>Recevez chaque jour les infos qui comptent pour vous.<\/p>\n<p>\t<a href=\"https:\/\/actu.fr\/newsletter\" class=\"ac-btn ac-btn--corner ac-btn--medium ac-btn--blue800\" target=\"_blank\" rel=\"noopener\">S&rsquo;incrire<\/a><\/p>\n<p class=\" wall-content\">Artiste unique au talent immense, multi-r\u00e9compens\u00e9 et estim\u00e9 de tous, il a compos\u00e9 \u00ab Sang pour SangS \u00bb, l\u2019album le plus vendu de son p\u00e8re qui scellera leur r\u00e9conciliation. Sur la sc\u00e8ne du Z\u00e9nith Sud, ce sera \u00ab\u00a0100 pour 100\u00a0\u00bb Johnny. Un \u00e9v\u00e9nement pour les inconditionnels.<\/p>\n<p>Moins 30% sur les tarifs<\/p>\n<p class=\" wall-content\">Excellente nouvelle : ce lundi 29 septembre 2025, les organisateurs du concert de David Hallyday \u00e0 Montpellier offrent<strong> une r\u00e9duction de 30% sur les tarifs<\/strong> et ce jusqu\u2019\u00e0 ce dimanche 5 octobre 2025 inclus. Un beau cadeau. Pour en profiter, c\u2019est <a href=\"https:\/\/www.fnacspectacles.com\/event\/david-hallyday-requiem-pour-un-fou-tournee-zenith-sud-montpellier-19581608\/?affiliate=QND\" target=\"_blank\" rel=\"noopener\">ici\u00a0<\/a><\/p>\n<p class=\" wall-content\">Il propose cette tourn\u00e9e appell\u00e9e Requiem pour un fou, un des tubes de notre Johnny national.\u00a0Un spectacle unique en son genre, deux heures de musique qui permettront de d\u00e9couvrir sur sc\u00e8ne les r\u00e9pertoires m\u00eal\u00e9s des deux artistes, la vision unique d\u2019un fils sur l\u2019\u0153uvre de son p\u00e8re, comme un pacte.\u00a0Un spectacle hors du temps o\u00f9 il est question de filiation, de transmission, et d\u2019amour\u2026<\/p>\n<p>&gt; La billetterie est ouverte pour le concert de David Hallyday sur les sites habituels. Pour le Rockstore c\u2019est<a href=\"https:\/\/www.rockstore.fr\" target=\"_blank\" rel=\"noopener\"> ici<\/a><\/p>\n<p class=\" wall-content\">Personnalisez votre actualit\u00e9 en ajoutant vos villes et m\u00e9dias en favori avec <a href=\"https:\/\/moncompte.actu.fr\" title=\"D\u00e9couvez Mon Actu\" rel=\"nofollow noopener\" data-trk=\"{&quot;cta&quot;:{&quot;action&quot;:&quot;https:\\\/\\\/moncompte.actu.fr&quot;,&quot;category&quot;:&quot;mon compte&quot;,&quot;from&quot;:&quot;article footer&quot;,&quot;name&quot;:&quot;Mon actu&quot;,&quot;type&quot;:&quot;cta&quot;}}\" target=\"_blank\">Mon Actu<\/a>.<\/p>\n","protected":false},"excerpt":{"rendered":"Par R\u00e9daction M\u00e9tropolitain Publi\u00e9 le 29 sept. 2025 \u00e0 20h26 Deux rendez-vous pour les amateurs de zique sont&hellip;\n","protected":false},"author":2,"featured_media":426938,"comment_status":"","ping_status":"","sticky":false,"template":"","format":"standard","meta":{"footnotes":""},"categories":[9599],"tags":[1111,11,1695,1697,1777,674,1011,27,1652,2208,12,2680,25],"class_list":{"0":"post-426937","1":"post","2":"type-post","3":"status-publish","4":"format-standard","5":"has-post-thumbnail","7":"category-montpellier","8":"tag-actu","9":"tag-actualites","10":"tag-chanson","11":"tag-concert","12":"tag-eu","13":"tag-europe","14":"tag-fr","15":"tag-france","16":"tag-loisirs-culture","17":"tag-montpellier","18":"tag-news","19":"tag-occitanie","20":"tag-republique-francaise"},"share_on_mastodon":{"url":"https:\/\/pubeurope.com\/@fr\/115289484529130898","error":""},"_links":{"self":[{"href":"https:\/\/www.europesays.com\/fr\/wp-json\/wp\/v2\/posts\/426937","targetHints":{"allow":["GET"]}}],"collection":[{"href":"https:\/\/www.europesays.com\/fr\/wp-json\/wp\/v2\/posts"}],"about":[{"href":"https:\/\/www.europesays.com\/fr\/wp-json\/wp\/v2\/types\/post"}],"author":[{"embeddable":true,"href":"https:\/\/www.europesays.com\/fr\/wp-json\/wp\/v2\/users\/2"}],"replies":[{"embeddable":true,"href":"https:\/\/www.europesays.com\/fr\/wp-json\/wp\/v2\/comments?post=426937"}],"version-history":[{"count":0,"href":"https:\/\/www.europesays.com\/fr\/wp-json\/wp\/v2\/posts\/426937\/revisions"}],"wp:featuredmedia":[{"embeddable":true,"href":"https:\/\/www.europesays.com\/fr\/wp-json\/wp\/v2\/media\/426938"}],"wp:attachment":[{"href":"https:\/\/www.europesays.com\/fr\/wp-json\/wp\/v2\/media?parent=426937"}],"wp:term":[{"taxonomy":"category","embeddable":true,"href":"https:\/\/www.europesays.com\/fr\/wp-json\/wp\/v2\/categories?post=426937"},{"taxonomy":"post_tag","embeddable":true,"href":"https:\/\/www.europesays.com\/fr\/wp-json\/wp\/v2\/tags?post=426937"}],"curies":[{"name":"wp","href":"https:\/\/api.w.org\/{rel}","templated":true}]}}