{"id":426939,"date":"2025-09-29T20:31:13","date_gmt":"2025-09-29T20:31:13","guid":{"rendered":"https:\/\/www.europesays.com\/fr\/426939\/"},"modified":"2025-09-29T20:31:13","modified_gmt":"2025-09-29T20:31:13","slug":"pourquoi-les-controles-des-sacs-deleves-vont-doubler-dans-les-colleges","status":"publish","type":"post","link":"https:\/\/www.europesays.com\/fr\/426939\/","title":{"rendered":"pourquoi les contr\u00f4les des sacs d\u2019\u00e9l\u00e8ves vont doubler dans les coll\u00e8ges\u00a0?"},"content":{"rendered":"<p>            Par<br \/>\n        <strong><br \/>\n            <a href=\"https:\/\/actu.fr\/auteur\/lea-pippinato\" title=\"Consulter tous les articles de L\u00e9a Pippinato\" rel=\"nofollow noopener\" target=\"_blank\">L\u00e9a Pippinato<\/a><br \/>\n        <\/strong><\/p>\n<p>        Publi\u00e9 le<\/p>\n<p>            29 sept. 2025 \u00e0 19h30        <\/p>\n<p><strong>Ce lundi 29 septembre 2025 au matin<\/strong>, devant le coll\u00e8ge Fran\u00e7ois Rabelais de Montpellier, dans le quartier Malbosc, une file d\u2019\u00e9l\u00e8ves se forme \u00e0 l\u2019entr\u00e9e. Sur ordre du principal, leurs sacs s\u2019ouvrent. Les membres de l\u2019\u00c9quipe mobile acad\u00e9mique de s\u00e9curit\u00e9 (Emas) inspectent rapidement le contenu, trousse incluse. Rien de spectaculaire. Mais ce geste, r\u00e9p\u00e9t\u00e9 \u00e0 l\u2019\u00e9chelle de l\u2019acad\u00e9mie, doit s\u2019imposer comme une habitude.<\/p>\n<p>    <a href=\"https:\/\/www.google.com\/maps\/embed?pb=!1m18!1m12!1m3!1d23114.090373704526!2d3.8535167999999995!3d43.6011008!2m3!1f0!2f0!3f0!3m2!1i1024!2i768!4f13.1!3m3!1m2!1s0x12b6ae9a33d2b669%3A0xa38ac0135bb3b16!2sColl%C3%A8ge%20Fran%C3%A7ois%20Rabelais!5e0!3m2!1sfr!2sfr!4v1759153854343!5m2!1sfr!2sfr\" title=\"Ouvrie le lien\" rel=\"nofollow noopener\" target=\"_blank\">Cliquez ici pour visualiser le contenu<\/a><\/p>\n<p class=\" wall-content\">L\u2019Acad\u00e9mie de Montpellier veut en effet doubler ces op\u00e9rations. \u00ab\u00a0Nous \u00e9tions \u00e0 une centaine l\u2019an pass\u00e9, nous visons environ 200 d\u2019ici la fin de l\u2019ann\u00e9e\u00a0\u00bb, annonce la rectrice Carole Drucker-Godard.<\/p>\n<p>Pr\u00e9venir plut\u00f4t que sanctionner<\/p>\n<p class=\" wall-content\">\u00c0 l\u2019entr\u00e9e, les agents se contentent d\u2019un contr\u00f4le visuel. Pas de fouille syst\u00e9matique. \u00ab\u00a0Nous n\u2019ouvrons pas les sacs nous-m\u00eames. Nous demandons toujours le consentement de l\u2019\u00e9l\u00e8ve\u00a0\u00bb, pr\u00e9cise Jean-Marc Delhommeau, membre de l\u2019Emas et adjoint au conseil de s\u00e9curit\u00e9 de la rectrice.Un refus reste possible, mais il a des cons\u00e9quences : \u00ab\u00a0Le chef d\u2019\u00e9tablissement peut interdire l\u2019acc\u00e8s. Dans ce cas, la famille est contact\u00e9e.\u00a0\u00bb Les objets les plus souvent retenus sont anodins en apparence : ciseaux trop pointus, flacons de parfum, bombes de d\u00e9odorant. \u00ab\u00a0Un a\u00e9rosol devient dangereux avec un briquet. Quant aux ciseaux, seuls les mod\u00e8les \u00e0 bouts ronds sont accept\u00e9s. Les autres peuvent servir d\u2019arme.\u00a0\u00bb<\/p>\n<p>    <img   decoding=\"async\" loading=\"lazy\" src=\"https:\/\/www.europesays.com\/fr\/wp-content\/uploads\/2025\/09\/tempimagej4vobo-960x640.jpg\" alt=\"Une dizaine d\u2019a\u00e9rosols et quelques paires de ciseaux trop pointus ont \u00e9t\u00e9 mis de c\u00f4t\u00e9 ce lundi matin, avant d\u2019\u00eatre rendus aux \u00e9l\u00e8ves le soir.\" width=\"960\" height=\"640\"\/><br \/>\n    Une dizaine d\u2019a\u00e9rosols et quelques paires de ciseaux trop pointus ont \u00e9t\u00e9 mis de c\u00f4t\u00e9 ce lundi matin, avant d\u2019\u00eatre rendus aux \u00e9l\u00e8ves le soir. (\u00a9M\u00e9tropolitain \/ LP)<\/p>\n<p class=\" wall-content\">Le principal du coll\u00e8ge Rabelais, Lo\u00efc Le Fraillec, a choisi d\u2019organiser cette op\u00e9ration d\u00e8s la rentr\u00e9e. \u00ab\u00a0C\u2019est un signe adress\u00e9 aux familles et aux personnels. Nous prenons en compte leur s\u00e9curit\u00e9.\u00a0\u00bb Il ne pr\u00e9voit pas de multiplier les contr\u00f4les outre mesure : \u00ab\u00a0Deux ou trois fois par an suffisent, de mani\u00e8re espac\u00e9e et al\u00e9atoire. Il ne faut pas que cela devienne une routine pesante.\u00a0\u00bb<\/p>\n<p>Vid\u00e9os : en ce moment sur ActuUne p\u00e9dagogie avant tout<\/p>\n<p class=\" wall-content\">La rectrice insiste sur l\u2019esprit de la d\u00e9marche. \u00ab\u00a0Ce n\u2019est pas un contr\u00f4le r\u00e9pressif. Nous expliquons pourquoi certains objets sont retir\u00e9s. Les \u00e9l\u00e8ves les r\u00e9cup\u00e8rent le soir \u00e0 la vie scolaire, mais avec la consigne de ne pas les rapporter.\u00a0\u00bb Elle raconte avoir entendu un coll\u00e9gien s\u2019inqui\u00e9ter : \u00ab\u00a0Vous allez appeler mes parents parce que j\u2019ai un d\u00e9odorant ?\u00a0\u00bb avant de le rassurer. \u00ab\u00a0Bien s\u00fbr que non. Ce n\u2019est pas une punition.\u00a0\u00bb Le contexte justifie ce durcissement. \u00ab\u00a0Les faits signal\u00e9s dans les \u00e9tablissements ont <strong>augment\u00e9 d\u2019environ 20 %<\/strong> en un an\u00a0\u00bb, note Carole Drucker-Godard.<\/p>\n<p>Votre r\u00e9gion, votre actu !<\/p>\n<p>Recevez chaque jour les infos qui comptent pour vous.<\/p>\n<p>\t<a href=\"https:\/\/actu.fr\/newsletter\" class=\"ac-btn ac-btn--corner ac-btn--medium ac-btn--blue800\" rel=\"nofollow noopener\" target=\"_blank\">S&rsquo;incrire<\/a><\/p>\n<p>    <img   decoding=\"async\" loading=\"lazy\" src=\"https:\/\/www.europesays.com\/fr\/wp-content\/uploads\/2025\/09\/tempimagepejmz9-960x640.jpg\" alt=\"Un membre de l\u2019Emas explique \u00e0 un coll\u00e9gien pourquoi son parfum a \u00e9t\u00e9 retenu.\" width=\"960\" height=\"640\"\/><br \/>\n    Un membre de l\u2019Emas explique \u00e0 un coll\u00e9gien pourquoi son parfum a \u00e9t\u00e9 retenu. (\u00a9M\u00e9tropolitain \/ LP)<\/p>\n<p class=\" wall-content\">Elle avance deux raisons : une culture du signalement plus forte, mais aussi un climat social plus violent. Jean-Marc Delhommeau confirme : \u00ab\u00a0Malheureusement, nous trouvons de plus en plus de couteaux. Les \u00e9l\u00e8ves disent vouloir se prot\u00e9ger, parfois impressionner. Dans ces cas, l\u2019arme est confisqu\u00e9e, la police contact\u00e9e, et l\u2019\u00e9l\u00e8ve passe en conseil de discipline.\u00a0\u00bb<\/p>\n<blockquote class=\"ac-article-quote wall-content\">\n<p>\u00ab\u00a0Malheureusement, nous trouvons de plus en plus de couteaux. Les \u00e9l\u00e8ves disent vouloir se prot\u00e9ger, parfois impressionner. Dans ces cas, l\u2019arme est confisqu\u00e9e, la police contact\u00e9e, et l\u2019\u00e9l\u00e8ve passe en conseil de discipline\u00a0\u00bb<\/p>\n<p>    <strong>Jean-Marc Delhommeau<\/strong><br \/>\n        Membre de l\u2019Emas et adjoint au conseil de s\u00e9curit\u00e9 de la rectrice de Montpellier    <\/p><\/blockquote>\n<p class=\" wall-content\">Lina, 13 ans, a vu son spray confisqu\u00e9 : \u00ab\u00a0Je pensais que c\u2019\u00e9tait exag\u00e9r\u00e9. Mais on m\u2019a d\u00e9crit ce que \u00e7a pouvait donner avec un briquet. J\u2019ai compris.\u00a0\u00bb Ilyes, 15 ans, reste plus sceptique : \u00ab\u00a0Celui qui veut vraiment amener un couteau ne le mettra pas dans son sac. Mais pour les d\u00e9os et les ciseaux, d\u2019accord, \u00e7a \u00e9vite des accidents.\u00a0\u00bb Au coll\u00e8ge, les \u00e9l\u00e8ves montrent chaque matin leur carnet de correspondance. C\u2019est l\u2019occasion d\u2019un premier regard sur les sacs, de mani\u00e8re quasi automatique. Les contr\u00f4les renforc\u00e9s, eux, restent exceptionnels et impr\u00e9visibles.<\/p>\n<p>\ud83d\udc6e\u200d\u2640\ufe0f Et aussi : des op\u00e9rations men\u00e9es par la gendarmerie<\/p>\n<p>En parall\u00e8le de ces contr\u00f4les organis\u00e9s par l\u2019acad\u00e9mie, les unit\u00e9s de gendarmerie de Castelnau-le-Lez, appuy\u00e9es par une \u00e9quipe cynophile de Lunel et plusieurs polices municipales, ont conduit la semaine derni\u00e8re des op\u00e9rations de pr\u00e9vention dans diff\u00e9rents coll\u00e8ges et lyc\u00e9es (Pignan, Fabr\u00e8gues, St-Cl\u00e9ment-de-Rivi\u00e8re, St-Jean-de-V\u00e9das, Villeneuve-les-Maguelone, Castelnau-le-Lez, Jacou et Clapiers). Objectif : v\u00e9rifier l\u2019absence d\u2019armes ou d\u2019objets dangereux dans les sacs afin de garantir un environnement scolaire serein et s\u00e9curis\u00e9 pour l\u2019ensemble de la communaut\u00e9 \u00e9ducative.<\/p>\n<p class=\" wall-content\">Personnalisez votre actualit\u00e9 en ajoutant vos villes et m\u00e9dias en favori avec <a href=\"https:\/\/moncompte.actu.fr\" title=\"D\u00e9couvez Mon Actu\" rel=\"nofollow noopener\" data-trk=\"{&quot;cta&quot;:{&quot;action&quot;:&quot;https:\\\/\\\/moncompte.actu.fr&quot;,&quot;category&quot;:&quot;mon compte&quot;,&quot;from&quot;:&quot;article footer&quot;,&quot;name&quot;:&quot;Mon actu&quot;,&quot;type&quot;:&quot;cta&quot;}}\" target=\"_blank\">Mon Actu<\/a>.<\/p>\n","protected":false},"excerpt":{"rendered":"Par L\u00e9a Pippinato Publi\u00e9 le 29 sept. 2025 \u00e0 19h30 Ce lundi 29 septembre 2025 au matin, devant&hellip;\n","protected":false},"author":2,"featured_media":426940,"comment_status":"","ping_status":"","sticky":false,"template":"","format":"standard","meta":{"footnotes":""},"categories":[9599],"tags":[1111,11,1777,674,118,1011,27,3381,2208,12,2680,25],"class_list":{"0":"post-426939","1":"post","2":"type-post","3":"status-publish","4":"format-standard","5":"has-post-thumbnail","7":"category-montpellier","8":"tag-actu","9":"tag-actualites","10":"tag-eu","11":"tag-europe","12":"tag-faits-divers","13":"tag-fr","14":"tag-france","15":"tag-gendarmerie","16":"tag-montpellier","17":"tag-news","18":"tag-occitanie","19":"tag-republique-francaise"},"share_on_mastodon":{"url":"https:\/\/pubeurope.com\/@fr\/115289488411721995","error":""},"_links":{"self":[{"href":"https:\/\/www.europesays.com\/fr\/wp-json\/wp\/v2\/posts\/426939","targetHints":{"allow":["GET"]}}],"collection":[{"href":"https:\/\/www.europesays.com\/fr\/wp-json\/wp\/v2\/posts"}],"about":[{"href":"https:\/\/www.europesays.com\/fr\/wp-json\/wp\/v2\/types\/post"}],"author":[{"embeddable":true,"href":"https:\/\/www.europesays.com\/fr\/wp-json\/wp\/v2\/users\/2"}],"replies":[{"embeddable":true,"href":"https:\/\/www.europesays.com\/fr\/wp-json\/wp\/v2\/comments?post=426939"}],"version-history":[{"count":0,"href":"https:\/\/www.europesays.com\/fr\/wp-json\/wp\/v2\/posts\/426939\/revisions"}],"wp:featuredmedia":[{"embeddable":true,"href":"https:\/\/www.europesays.com\/fr\/wp-json\/wp\/v2\/media\/426940"}],"wp:attachment":[{"href":"https:\/\/www.europesays.com\/fr\/wp-json\/wp\/v2\/media?parent=426939"}],"wp:term":[{"taxonomy":"category","embeddable":true,"href":"https:\/\/www.europesays.com\/fr\/wp-json\/wp\/v2\/categories?post=426939"},{"taxonomy":"post_tag","embeddable":true,"href":"https:\/\/www.europesays.com\/fr\/wp-json\/wp\/v2\/tags?post=426939"}],"curies":[{"name":"wp","href":"https:\/\/api.w.org\/{rel}","templated":true}]}}